{"id":12702,"date":"2023-07-24T11:12:19","date_gmt":"2023-07-24T09:12:19","guid":{"rendered":"https:\/\/www.jes-stuttgart.de\/?p=12702"},"modified":"2024-12-09T12:49:00","modified_gmt":"2024-12-09T11:49:00","slug":"land-behind-the-curtain","status":"publish","type":"post","link":"https:\/\/www.jes-stuttgart.de\/en\/land-behind-the-curtain\/","title":{"rendered":"Land behind the Curtain"},"content":{"rendered":"<div  class=\"wp-block-subtitle is-relative\"><p>A fantasy play<br \/>\r\nBased on a story of Laurence Cook and Josie Dale-Jones<\/p><\/div>\n\n\n<div style=\"height:20px\" aria-hidden=\"true\" class=\"wp-block-spacer wp-embed-aspect-16-9 wp-has-aspect-ratio\"><\/div>\n\n\n<div  class=\"wp-block-gallery is-relative is-full-width p-0 splide\"  data-gallery=\"\"><div class=\"splide__arrows\"><button class=\"splide__arrow splide__arrow--prev\">Prev<\/button><button class=\"splide__arrow splide__arrow--next\">Next<\/button><\/div><div class=\"splide__track is-full-height is-full-width\"><div class=\"splide__list is-full-height m-0\">\n<div  id=\"block_1c266bb846517a3288cf00226f9f50ed\" class=\"wp-block-slide splide__slide is-full-width is-full-height is-clipped is-flex is-flex-wrap-wrap is-justify-content-center is-align-items-center\">\n\n<figure class=\"wp-block-image size-full\"><img loading=\"lazy\" decoding=\"async\" width=\"800\" height=\"1200\" src=\"https:\/\/www.jes-stuttgart.de\/wp-content\/uploads\/jes-land-behind-the-curtain-foto-andreas-etter-1200x800px-10-1.jpg\" alt=\"\" class=\"wp-image-15318\" srcset=\"https:\/\/www.jes-stuttgart.de\/wp-content\/uploads\/jes-land-behind-the-curtain-foto-andreas-etter-1200x800px-10-1.jpg 800w, https:\/\/www.jes-stuttgart.de\/wp-content\/uploads\/jes-land-behind-the-curtain-foto-andreas-etter-1200x800px-10-1-133x200.jpg 133w, https:\/\/www.jes-stuttgart.de\/wp-content\/uploads\/jes-land-behind-the-curtain-foto-andreas-etter-1200x800px-10-1-768x1152.jpg 768w, https:\/\/www.jes-stuttgart.de\/wp-content\/uploads\/jes-land-behind-the-curtain-foto-andreas-etter-1200x800px-10-1-640x960.jpg 640w, https:\/\/www.jes-stuttgart.de\/wp-content\/uploads\/jes-land-behind-the-curtain-foto-andreas-etter-1200x800px-10-1-320x480.jpg 320w\" sizes=\"auto, (max-width: 800px) 100vw, 800px\" \/><figcaption class=\"wp-element-caption\">Photo: Andreas Etter<\/figcaption><\/figure>\n\n<\/div>\n\n<div  id=\"block_1c266bb846517a3288cf00226f9f50ed\" class=\"wp-block-slide splide__slide is-full-width is-full-height is-clipped is-flex is-flex-wrap-wrap is-justify-content-center is-align-items-center\">\n\n<figure class=\"wp-block-image size-full\"><img loading=\"lazy\" decoding=\"async\" width=\"800\" height=\"1200\" src=\"https:\/\/www.jes-stuttgart.de\/wp-content\/uploads\/jes-land-behind-the-curtain-foto-andreas-etter-1200x800px-12-1.jpg\" alt=\"\" class=\"wp-image-15320\" srcset=\"https:\/\/www.jes-stuttgart.de\/wp-content\/uploads\/jes-land-behind-the-curtain-foto-andreas-etter-1200x800px-12-1.jpg 800w, https:\/\/www.jes-stuttgart.de\/wp-content\/uploads\/jes-land-behind-the-curtain-foto-andreas-etter-1200x800px-12-1-133x200.jpg 133w, https:\/\/www.jes-stuttgart.de\/wp-content\/uploads\/jes-land-behind-the-curtain-foto-andreas-etter-1200x800px-12-1-768x1152.jpg 768w, https:\/\/www.jes-stuttgart.de\/wp-content\/uploads\/jes-land-behind-the-curtain-foto-andreas-etter-1200x800px-12-1-640x960.jpg 640w, https:\/\/www.jes-stuttgart.de\/wp-content\/uploads\/jes-land-behind-the-curtain-foto-andreas-etter-1200x800px-12-1-320x480.jpg 320w\" sizes=\"auto, (max-width: 800px) 100vw, 800px\" \/><figcaption class=\"wp-element-caption\">Photo: Andreas Etter<\/figcaption><\/figure>\n\n<\/div>\n\n<div  id=\"block_1c266bb846517a3288cf00226f9f50ed\" class=\"wp-block-slide splide__slide is-full-width is-full-height is-clipped is-flex is-flex-wrap-wrap is-justify-content-center is-align-items-center\">\n\n<figure class=\"wp-block-image size-full\"><img loading=\"lazy\" decoding=\"async\" width=\"1200\" height=\"800\" src=\"https:\/\/www.jes-stuttgart.de\/wp-content\/uploads\/jes-land-behind-the-curtain-foto-andreas-etter-1200x800px-22-1.jpg\" alt=\"\" class=\"wp-image-15322\" srcset=\"https:\/\/www.jes-stuttgart.de\/wp-content\/uploads\/jes-land-behind-the-curtain-foto-andreas-etter-1200x800px-22-1.jpg 1200w, https:\/\/www.jes-stuttgart.de\/wp-content\/uploads\/jes-land-behind-the-curtain-foto-andreas-etter-1200x800px-22-1-200x133.jpg 200w, https:\/\/www.jes-stuttgart.de\/wp-content\/uploads\/jes-land-behind-the-curtain-foto-andreas-etter-1200x800px-22-1-768x512.jpg 768w, https:\/\/www.jes-stuttgart.de\/wp-content\/uploads\/jes-land-behind-the-curtain-foto-andreas-etter-1200x800px-22-1-1024x683.jpg 1024w, https:\/\/www.jes-stuttgart.de\/wp-content\/uploads\/jes-land-behind-the-curtain-foto-andreas-etter-1200x800px-22-1-640x427.jpg 640w, https:\/\/www.jes-stuttgart.de\/wp-content\/uploads\/jes-land-behind-the-curtain-foto-andreas-etter-1200x800px-22-1-320x213.jpg 320w\" sizes=\"auto, (max-width: 1200px) 100vw, 1200px\" \/><figcaption class=\"wp-element-caption\">Photo: Andreas Etter<\/figcaption><\/figure>\n\n<\/div>\n\n<div  id=\"block_1c266bb846517a3288cf00226f9f50ed\" class=\"wp-block-slide splide__slide is-full-width is-full-height is-clipped is-flex is-flex-wrap-wrap is-justify-content-center is-align-items-center\">\n\n<figure class=\"wp-block-image size-full\"><img loading=\"lazy\" decoding=\"async\" width=\"1200\" height=\"800\" src=\"https:\/\/www.jes-stuttgart.de\/wp-content\/uploads\/jes-land-behind-the-curtain-foto-andreas-etter-1200x800px-30-1.jpg\" alt=\"\" class=\"wp-image-15324\" srcset=\"https:\/\/www.jes-stuttgart.de\/wp-content\/uploads\/jes-land-behind-the-curtain-foto-andreas-etter-1200x800px-30-1.jpg 1200w, https:\/\/www.jes-stuttgart.de\/wp-content\/uploads\/jes-land-behind-the-curtain-foto-andreas-etter-1200x800px-30-1-200x133.jpg 200w, https:\/\/www.jes-stuttgart.de\/wp-content\/uploads\/jes-land-behind-the-curtain-foto-andreas-etter-1200x800px-30-1-768x512.jpg 768w, https:\/\/www.jes-stuttgart.de\/wp-content\/uploads\/jes-land-behind-the-curtain-foto-andreas-etter-1200x800px-30-1-1024x683.jpg 1024w, https:\/\/www.jes-stuttgart.de\/wp-content\/uploads\/jes-land-behind-the-curtain-foto-andreas-etter-1200x800px-30-1-640x427.jpg 640w, https:\/\/www.jes-stuttgart.de\/wp-content\/uploads\/jes-land-behind-the-curtain-foto-andreas-etter-1200x800px-30-1-320x213.jpg 320w\" sizes=\"auto, (max-width: 1200px) 100vw, 1200px\" \/><figcaption class=\"wp-element-caption\">Photo: Andreas Etter<\/figcaption><\/figure>\n\n<\/div>\n\n<div  id=\"block_1c266bb846517a3288cf00226f9f50ed\" class=\"wp-block-slide splide__slide is-full-width is-full-height is-clipped is-flex is-flex-wrap-wrap is-justify-content-center is-align-items-center\">\n\n<figure class=\"wp-block-image size-full\"><img loading=\"lazy\" decoding=\"async\" width=\"1200\" height=\"800\" src=\"https:\/\/www.jes-stuttgart.de\/wp-content\/uploads\/jes-land-behind-the-curtain-foto-andreas-etter-1200x800px-39-2.jpg\" alt=\"\" class=\"wp-image-15330\" srcset=\"https:\/\/www.jes-stuttgart.de\/wp-content\/uploads\/jes-land-behind-the-curtain-foto-andreas-etter-1200x800px-39-2.jpg 1200w, https:\/\/www.jes-stuttgart.de\/wp-content\/uploads\/jes-land-behind-the-curtain-foto-andreas-etter-1200x800px-39-2-200x133.jpg 200w, https:\/\/www.jes-stuttgart.de\/wp-content\/uploads\/jes-land-behind-the-curtain-foto-andreas-etter-1200x800px-39-2-768x512.jpg 768w, https:\/\/www.jes-stuttgart.de\/wp-content\/uploads\/jes-land-behind-the-curtain-foto-andreas-etter-1200x800px-39-2-1024x683.jpg 1024w, https:\/\/www.jes-stuttgart.de\/wp-content\/uploads\/jes-land-behind-the-curtain-foto-andreas-etter-1200x800px-39-2-640x427.jpg 640w, https:\/\/www.jes-stuttgart.de\/wp-content\/uploads\/jes-land-behind-the-curtain-foto-andreas-etter-1200x800px-39-2-320x213.jpg 320w\" sizes=\"auto, (max-width: 1200px) 100vw, 1200px\" \/><figcaption class=\"wp-element-caption\">Photo: Andreas Etter<\/figcaption><\/figure>\n\n<\/div>\n<\/div><\/div><\/div>\n\n\n<div style=\"height:20px\" aria-hidden=\"true\" class=\"wp-block-spacer wp-embed-aspect-16-9 wp-has-aspect-ratio\"><\/div>\n\n\n\n<div class=\"wp-block-pb-accordion-item c-accordion__item js-accordion-item no-js is-style-default\" data-initially-open=\"false\" data-click-to-close=\"true\" data-auto-close=\"true\" data-scroll=\"false\" data-scroll-offset=\"0\"><h2 id=\"at-127020\" class=\"c-accordion__title js-accordion-controller\" role=\"button\"><strong>Content<\/strong><\/h2><div id=\"ac-127020\" class=\"c-accordion__content\">\n<p class=\"has-medium-font-size\">Hero has been waiting for a long time. A really long time. For an adventure, for an exciting journey full of challenges, dangers and dragons! Then he finally gets a call that changes everything. Hero is suddenly in a land that has fallen out of balance: Exclamation Face has stolen Questionhead&#8217;s hat. Since then, no one has been able to ask questions anymore and everything is in chaos. Together with Sidekick, Hero sets out to find the hat &#8211; but not everything works out the way Hero had always imagined an adventure would&#8230;<br><br>With &#8220;Land behind the Curtain&#8221;, JES invites you to immerse yourself: Into an imaginative world full of surprises and funny twists, but also full of dangers and doubts that have to be overcome. We ask ourselves the big questions of all fantasy tales: <br><br>What is worth fighting for? Does it even make sense to fight? Is there no other way? And does one person always have to save the world alone, or does it not take at least two, or even many more?<\/p>\n<\/div><\/div>\n\n\n\n<div class=\"wp-block-pb-accordion-item c-accordion__item js-accordion-item no-js is-style-default\" data-initially-open=\"false\" data-click-to-close=\"true\" data-auto-close=\"true\" data-scroll=\"false\" data-scroll-offset=\"0\"><h2 id=\"at-127021\" class=\"c-accordion__title js-accordion-controller\" role=\"button\"><strong>Notes on sensory stimuli<\/strong><\/h2><div id=\"ac-127021\" class=\"c-accordion__content\">\n<p class=\"has-medium-font-size\">Sensory impressions such as bright light, loud noises or sudden events can be overstimulating or overwhelming for some people. That&#8217;s why you&#8217;ll find a list of sensory stimuli in &#8220;Land behind the Curtain&#8221; here. They may be good to be aware of for you or someone who is attending the performance with you.<br><br>&#8211; Loud music and individual sounds as well as quivering noises.<br><br>&#8211; Use of colorful, moving lights, bright light and a signal light.<br><br>&#8211; Low light and darkness as well as rapid light changes.<br><br>&#8211; Use of fog.<br><br>&#8211; Stage elements are shifted and suddenly appear and disappear.<br><br>&#8211; The actors play several characters and often change their costumes.<br><br>&#8211; The actors show great emotion.<br><br>If you would like more information about the piece, you can take a look at our <strong>Visual Story Board<\/strong> . Here you can find out what to expect in the individual scenes. You will receive information about the most important events and scenes in the play as well as the sensory stimuli it contains. The Visual Story Board, a kind of picture story, is written in German simple language.<br><br><strong><a href=\"https:\/\/www.jes-stuttgart.de\/wp-content\/uploads\/visual_storyboard_land-behind-the-curtain-komprimiert.pdf\">Download Visual Story Board PDF<\/a><\/strong><br><br>If you have any concerns or questions, please contact us at <a href=\"mailto:ticket@jes-stuttgart.de\"><strong>ticket@jes-stuttgart.de<\/strong><\/a>. We are happy to work out how we can help together with you.<\/p>\n<\/div><\/div>\n\n\n\n<div style=\"height:20px\" aria-hidden=\"true\" class=\"wp-block-spacer wp-embed-aspect-16-9 wp-has-aspect-ratio\"><\/div>\n\n\n\n<p class=\"has-black-color has-text-color has-link-color has-medium-font-size wp-elements-cbc02c9bc68fb0b06e4292bc7ac56475\">Ages 11 and up, grades 5\u20138<br>Duration: approx. 80 minutes (without a break)<br>Prices: Children\/young adults \u20ac7.00, adults \u20ac12.00<br>Venue: Hall (Seating Capacity: 165)<\/p>\n\n\n\n<div style=\"height:20px\" aria-hidden=\"true\" class=\"wp-block-spacer wp-embed-aspect-16-9 wp-has-aspect-ratio\"><\/div>\n\n\n\n<figure class=\"wp-block-embed is-type-video is-provider-youtube wp-block-embed-youtube wp-embed-aspect-16-9 wp-has-aspect-ratio\"><div class=\"wp-block-embed__wrapper\">\n<iframe loading=\"lazy\" title=\"Land behind the Curtain \/\/ Teaser\" width=\"500\" height=\"281\" src=\"https:\/\/www.youtube.com\/embed\/T3f7EMx50_s?feature=oembed\" frameborder=\"0\" allow=\"accelerometer; autoplay; clipboard-write; encrypted-media; gyroscope; picture-in-picture; web-share\" referrerpolicy=\"strict-origin-when-cross-origin\" allowfullscreen><\/iframe>\n<\/div><\/figure>\n","protected":false},"excerpt":{"rendered":"<p>Ages 11 and up, grades 5\u20138Duration: approx. 80 minutes (without a break)Prices: Children\/young adults \u20ac7.00, adults \u20ac12.00Venue: Hall (Seating Capacity: 165)<\/p>\n","protected":false},"author":13,"featured_media":15327,"comment_status":"closed","ping_status":"closed","sticky":false,"template":"","format":"standard","meta":{"_acf_changed":false,"inline_featured_image":false,"footnotes":""},"categories":[153,2],"tags":[],"age":[106,254],"class_list":["post-12702","post","type-post","status-publish","format-standard","has-post-thumbnail","hentry","category-beginners","category-uncategorized","age-middle-school","age-grades-5-8"],"acf":{"dates_no_link_info":false,"bgcolor":"yellow","dates":[{"date":"18.12.2022 18:00:00","date_availability":false,"date_cancelled":false,"date_info":""},{"date":"19.12.2022 18:00:00","date_availability":false,"date_cancelled":false,"date_info":""},{"date":"15.02.2023 11:00:00","date_availability":false,"date_cancelled":false,"date_info":"Mit Deutscher Geb\u00e4rdensprache"},{"date":"16.02.2023 11:00:00","date_availability":false,"date_cancelled":false,"date_info":""},{"date":"17.02.2023 11:00:00","date_availability":false,"date_cancelled":false,"date_info":""}],"play_title_calender":"Land behind the Curtain","cast":[{"cast_position":"Mit","cast_person":[{"ID":5273,"post_author":"13","post_date":"2022-07-07 16:12:38","post_date_gmt":"2022-07-07 14:12:38","post_content":"<!-- wp:image {\"id\":1246,\"sizeSlug\":\"full\",\"linkDestination\":\"none\"} -->\n<figure class=\"wp-block-image size-full\"><img src=\"https:\/\/www.jes-stuttgart.de\/wp-content\/uploads\/jsn3874-edited.jpg\" alt=\"\" class=\"wp-image-1246\"\/><\/figure>\n<!-- \/wp:image -->\n\n<!-- wp:paragraph {\"placeholder\":\"Lorem ipsum dolor sit amet, consetetur sadipscing elitr, sed diam nonumy eirmod tempor invidunt ut labore et dolore magna aliquyam erat, sed diam voluptua. At vero eos et accusam et justo duo dolores et ea rebum. Stet clita kasd gubergren, no sea takimata sanctus est Lorem ipsum dolor sit amet. Lorem ipsum dolor sit amet, consetetur sadipscing elitr, sed diam nonumy eirmod tempor invidunt ut labore et dolore magna aliquyam erat, sed diam voluptua. At vero eos et accusam et justo duo dolores et ea rebum. Stet clita kasd gubergren, no sea takimata sanctus est Lorem ipsum dolor sit amet.\",\"lock\":{\"move\":true,\"remove\":false},\"fontSize\":\"medium\"} -->\n<p class=\"has-medium-font-size\">EDUCATION<br>I was born in Munich in 1995. I have always been interested in artistic creation and first graduated from a specialised secondary school for design before completing my training as an actress in 2022.<\/p>\n<!-- \/wp:paragraph -->\n\n<!-- wp:paragraph {\"fontSize\":\"medium\"} -->\n<p class=\"has-medium-font-size\">ELSEWHERE<\/p>\n<!-- \/wp:paragraph -->\n\n<!-- wp:paragraph {\"fontSize\":\"medium\"} -->\n<p class=\"has-medium-font-size\">In Munich, I took part in several independent theatre productions (mainly in the field of commedia dell'arte) and was part of Yorick's Company at the FestSpielHaus M\u00fcnchen.<\/p>\n<!-- \/wp:paragraph -->\n\n<!-- wp:paragraph {\"fontSize\":\"medium\"} -->\n<p class=\"has-medium-font-size\">JES! AND ME<\/p>\n<!-- \/wp:paragraph -->\n\n<!-- wp:paragraph {\"placeholder\":\"Lorem ipsum dolor sit amet, consetetur sadipscing elitr, sed diam nonumy eirmod tempor invidunt ut labore et dolore magna aliquyam erat, sed diam voluptua. At vero eos et accusam et justo duo dolores et ea rebum. Stet clita kasd gubergren, no sea takimata sanctus est Lorem ipsum dolor sit amet. Lorem ipsum dolor sit amet, consetetur sadipscing elitr, sed diam nonumy eirmod tempor invidunt ut labore et dolore magna aliquyam erat, sed diam voluptua. At vero eos et accusam et justo duo dolores et ea rebum. Stet clita kasd gubergren, no sea takimata sanctus est Lorem ipsum dolor sit amet.\",\"lock\":{\"move\":true,\"remove\":false},\"fontSize\":\"medium\"} -->\n<p class=\"has-medium-font-size\">In September 2022 I moved to Stuttgart and am now part of the permanent ensemble at JES.<\/p>\n<!-- \/wp:paragraph -->","post_title":"Lola Merz Robinson (none\/they)","post_excerpt":"","post_status":"publish","comment_status":"closed","ping_status":"closed","post_password":"","post_name":"lola-merz-robinson","to_ping":"","pinged":"","post_modified":"2024-10-24 12:12:25","post_modified_gmt":"2024-10-24 10:12:25","post_content_filtered":"","post_parent":0,"guid":"https:\/\/www.jes-stuttgart.de\/person\/lola-merz-robinson\/","menu_order":234,"post_type":"person","post_mime_type":"","comment_count":"0","filter":"raw"},{"ID":20133,"post_author":"13","post_date":"2023-07-25 16:12:03","post_date_gmt":"2023-07-25 14:12:03","post_content":"<!-- wp:image {\"id\":12761,\"sizeSlug\":\"large\",\"linkDestination\":\"none\"} -->\n<figure class=\"wp-block-image size-large\"><img src=\"https:\/\/www.jes-stuttgart.de\/wp-content\/uploads\/aron-keleta-v-theresa-mussmacher-2560x1707.jpg\" alt=\"\" class=\"wp-image-12761\"\/><figcaption class=\"wp-element-caption\">Foto: Theresa Mu\u00dfmacher<\/figcaption><\/figure>\n<!-- \/wp:image -->\n\n<!-- wp:paragraph {\"placeholder\":\"Lorem ipsum dolor sit amet, consetetur sadipscing elitr, sed diam nonumy eirmod tempor invidunt ut labore et dolore magna aliquyam erat, sed diam voluptua. At vero eos et accusam et justo duo dolores et ea rebum. Stet clita kasd gubergren, no sea takimata sanctus est Lorem ipsum dolor sit amet. Lorem ipsum dolor sit amet, consetetur sadipscing elitr, sed diam nonumy eirmod tempor invidunt ut labore et dolore magna aliquyam erat, sed diam voluptua. At vero eos et accusam et justo duo dolores et ea rebum. Stet clita kasd gubergren, no sea takimata sanctus est Lorem ipsum dolor sit amet.\",\"lock\":{\"move\":true,\"remove\":false},\"fontSize\":\"medium\"} -->\n<p class=\"has-medium-font-size\">I was born on March 3<sup>rd<\/sup>, 1987, in D\u00fcsseldorf and graduated from high school in 2007. I then studied acting at the Academy of Performing Arts in Ulm. During my studies, I was able to gain stage experience at the Academy Theatre in productions such as \u2018Die R\u00e4uber\u2019, \u2018Penthesilea\u2019, \u2018Diener zweier Herren\u2019, \u2018Don Carlos\u2019 and many more. After graduating in 2011, I worked at G\u00e4rtnerplatztheater Munich, Stadttheater Klagenfurt am W\u00f6rthersee and Theaterhaus Stuttgart, among others, before I was permanently employed at the Theaterhaus in 2013. From 2013-2019, I played Dris in \u2018Ziemlich beste Freunde\u2019 , Maik in \u2018Tschick\u2019, and had roles in \u2018Was hei\u00dft hier Liebe\u2019, \u2018Dirty Dishes\u2019 and \u2018Zeit der Kannibalen\u2019, among others. I've been freelancing since 2019. My last role was Romea in \u2018Romeo &amp; Juliet\u2019 at Tri-b\u00fchne Stuttgart.<\/p>\n<!-- \/wp:paragraph -->","post_title":"Aron Keleta","post_excerpt":"","post_status":"publish","comment_status":"closed","ping_status":"closed","post_password":"","post_name":"aron-keleta","to_ping":"","pinged":"","post_modified":"2024-10-24 10:50:34","post_modified_gmt":"2024-10-24 08:50:34","post_content_filtered":"","post_parent":0,"guid":"https:\/\/www.jes-stuttgart.de\/person\/aron-keleta\/","menu_order":98,"post_type":"person","post_mime_type":"","comment_count":"0","filter":"raw"},{"ID":5284,"post_author":"2","post_date":"2022-07-07 16:10:29","post_date_gmt":"2022-07-07 14:10:29","post_content":"<!-- wp:image {\"id\":1186,\"sizeSlug\":\"full\",\"linkDestination\":\"none\"} -->\n<figure class=\"wp-block-image size-full\"><img src=\"https:\/\/www.jes-stuttgart.de\/wp-content\/uploads\/jsn4063.jpg\" alt=\"\" class=\"wp-image-1186\"\/><\/figure>\n<!-- \/wp:image -->\n\n<!-- wp:paragraph {\"style\":{\"typography\":{\"textTransform\":\"uppercase\"}},\"fontSize\":\"normal\"} -->\n<p class=\"has-normal-font-size\" style=\"text-transform:uppercase\">Education<\/p>\n<!-- \/wp:paragraph -->\n\n<!-- wp:paragraph {\"fontSize\":\"medium\"} -->\n<p class=\"has-medium-font-size\">I was born in 1966. Before I completed my training as an actor at the Spielstatt Ulm (1989 to 1993), I gained my first theatre experience at the theatre in the Altstadthof in my hometown of Nuremberg.<\/p>\n<!-- \/wp:paragraph -->\n\n<!-- wp:spacer {\"height\":\"20px\"} -->\n<div style=\"height:20px\" aria-hidden=\"true\" class=\"wp-block-spacer\"><\/div>\n<!-- \/wp:spacer -->\n\n<!-- wp:paragraph {\"style\":{\"typography\":{\"textTransform\":\"uppercase\"}},\"fontSize\":\"normal\"} -->\n<p class=\"has-normal-font-size\" style=\"text-transform:uppercase\">Elsewhere<\/p>\n<!-- \/wp:paragraph -->\n\n<!-- wp:paragraph {\"fontSize\":\"medium\"} -->\n<p class=\"has-medium-font-size\">Afterwards I worke at Schnawwl, the children\u2019s and youth theatre at the Nationaltheater Mannheim (1993 to 1996), and at Junges Theater Z\u00fcrich (1996\/97). From 1998 to 2004 I worked at the Children\u2019s and Youth Theatre of the Landestheater T\u00fcbingen.<\/p>\n<!-- \/wp:paragraph -->\n\n<!-- wp:spacer {\"height\":\"20px\"} -->\n<div style=\"height:20px\" aria-hidden=\"true\" class=\"wp-block-spacer\"><\/div>\n<!-- \/wp:spacer -->\n\n<!-- wp:paragraph {\"style\":{\"typography\":{\"textTransform\":\"uppercase\"}},\"fontSize\":\"normal\"} -->\n<p class=\"has-normal-font-size\" style=\"text-transform:uppercase\">JES! and me<\/p>\n<!-- \/wp:paragraph -->\n\n<!-- wp:paragraph {\"fontSize\":\"medium\"} -->\n<p class=\"has-medium-font-size\">I became part of Junges Ensemble Stuttgart in 2004.<\/p>\n<!-- \/wp:paragraph -->","post_title":"Gerd Ritter","post_excerpt":"","post_status":"publish","comment_status":"closed","ping_status":"closed","post_password":"","post_name":"gerd-ritter","to_ping":"","pinged":"","post_modified":"2022-08-18 15:46:48","post_modified_gmt":"2022-08-18 13:46:48","post_content_filtered":"","post_parent":0,"guid":"https:\/\/www.jes-stuttgart.de\/person\/gerd-ritter\/","menu_order":238,"post_type":"person","post_mime_type":"","comment_count":"0","filter":"raw"},{"ID":5288,"post_author":"13","post_date":"2022-07-07 16:24:59","post_date_gmt":"2022-07-07 14:24:59","post_content":"<!-- wp:image {\"id\":1232,\"sizeSlug\":\"full\",\"linkDestination\":\"none\"} -->\n<figure class=\"wp-block-image size-full\"><img src=\"https:\/\/www.jes-stuttgart.de\/wp-content\/uploads\/jsn3716-bearbeitet-edited.jpg\" alt=\"\" class=\"wp-image-1232\"\/><\/figure>\n<!-- \/wp:image -->\n\n<!-- wp:paragraph {\"style\":{\"typography\":{\"textTransform\":\"uppercase\"}},\"fontSize\":\"normal\"} -->\n<p class=\"has-normal-font-size\" style=\"text-transform:uppercase\"><a href=\"https:\/\/www.jes-stuttgart.de\/personen\/#collapsible-person-569\"><\/a><\/p>\n<!-- \/wp:paragraph -->\n\n<!-- wp:paragraph {\"fontSize\":\"normal\"} -->\n<p class=\"has-normal-font-size\"><\/p>\n<!-- \/wp:paragraph -->\n\n<!-- wp:paragraph {\"fontSize\":\"medium\"} -->\n<p class=\"has-medium-font-size\">Education<\/p>\n<!-- \/wp:paragraph -->\n\n<!-- wp:paragraph {\"fontSize\":\"medium\"} -->\n<p class=\"has-medium-font-size\">I was born in Switzerland in 1996 and gained my first stage experience as a singer in the band EVEN YOU there. I toured with the band for four years. After a year of musical theatre training in Lucerne, I moved to Munich to study acting at August Everding Theatre Academy.<\/p>\n<!-- \/wp:paragraph -->\n\n<!-- wp:paragraph {\"fontSize\":\"medium\"} -->\n<p class=\"has-medium-font-size\">Elsewhere<br>In the 2021\/22 season, I performed in the play \u2018Stolz und Vorurteil*(*oder so)\u2019 at the Staatstheater N\u00fcrnberg for a year and was on stage in Munich with \u2018RAGE\u2019.<\/p>\n<!-- \/wp:paragraph -->\n\n<!-- wp:paragraph {\"fontSize\":\"medium\"} -->\n<p class=\"has-medium-font-size\">JES! and me<\/p>\n<!-- \/wp:paragraph -->\n\n<!-- wp:paragraph {\"fontSize\":\"medium\"} -->\n<p class=\"has-medium-font-size\">I have been a fixed ensemble member at Junges Ensemble Stuttgart since September 2022.<\/p>\n<!-- \/wp:paragraph -->\n\n<!-- wp:paragraph {\"fontSize\":\"medium\"} -->\n<p class=\"has-medium-font-size\"><\/p>\n<!-- \/wp:paragraph -->\n\n<!-- wp:paragraph -->\n<p><\/p>\n<!-- \/wp:paragraph -->","post_title":"Estelle Schmidlin (she\/her)","post_excerpt":"","post_status":"publish","comment_status":"closed","ping_status":"closed","post_password":"","post_name":"estelle-schmidlin","to_ping":"","pinged":"","post_modified":"2024-10-29 12:27:01","post_modified_gmt":"2024-10-29 11:27:01","post_content_filtered":"","post_parent":0,"guid":"https:\/\/www.jes-stuttgart.de\/person\/estelle-schmidlin\/","menu_order":217,"post_type":"person","post_mime_type":"","comment_count":"0","filter":"raw"},{"ID":29120,"post_author":"13","post_date":"2025-07-30 14:40:06","post_date_gmt":"2025-07-30 12:40:06","post_content":"<!-- wp:image {\"id\":30245,\"sizeSlug\":\"full\",\"linkDestination\":\"none\"} -->\n<figure class=\"wp-block-image size-full\"><img src=\"https:\/\/www.jes-stuttgart.de\/wp-content\/uploads\/klein-jes-treppe-person09-foto-brummer-7.jpg\" alt=\"\" class=\"wp-image-30245\"\/><figcaption class=\"wp-element-caption\">Foto: Sebastian Brummer<\/figcaption><\/figure>\n<!-- \/wp:image -->\n\n<!-- wp:paragraph {\"placeholder\":\"Lorem ipsum dolor sit amet, consetetur sadipscing elitr, sed diam nonumy eirmod tempor invidunt ut labore et dolore magna aliquyam erat, sed diam voluptua. At vero eos et accusam et justo duo dolores et ea rebum. Stet clita kasd gubergren, no sea takimata sanctus est Lorem ipsum dolor sit amet. Lorem ipsum dolor sit amet, consetetur sadipscing elitr, sed diam nonumy eirmod tempor invidunt ut labore et dolore magna aliquyam erat, sed diam voluptua. At vero eos et accusam et justo duo dolores et ea rebum. Stet clita kasd gubergren, no sea takimata sanctus est Lorem ipsum dolor sit amet.\",\"lock\":{\"move\":true,\"remove\":false},\"fontSize\":\"medium\"} -->\n<p class=\"has-medium-font-size\">AUSBILDUNG<br>Ich wurde 2000 in T\u00fcbingen geboren und sammelte erste B\u00fchnenerfahrungen am Theaterjugendclub des Landestheaters in T\u00fcbingen.<br><br>Von 2021 bis 2025 studierte ich Schauspiel an der Akademie f\u00fcr darstellende Kunst Baden-W\u00fcrttemberg und wurde mit dem St\u00fcck \u201cfreibaden (AT)\u201d, welches meine Klasse und ich im 3.Studienjahr kollektiv entwickelten, beim 35. Bundeswettbewerb deutschsprachiger Schauspielstudierender mit dem Solopreis sowie dem Ensemblepreis ausgezeichnet.\u00a0<br><br>AN ANDEREN ORTEN<br>Im Januar 2025 spielte ich in der Bachelor-Inszenierung \u201cI LOVE HORSES (genau wie michael kohlhaas)\" von Merle Zurawski mit. Die Inszenierung feierte am Schauspiel Stuttgart Premiere und wurde zum Fast-Forward Festival in Dresden eingeladen.<br><br>DAS JES! UND ICH<br>Seit September 2025 bin ich festes Ensemblemitglied des Jungen Ensembles Stuttgart.<\/p>\n<!-- \/wp:paragraph -->","post_title":"Adriana Fernandez Falso (sie\/ihr)","post_excerpt":"","post_status":"publish","comment_status":"closed","ping_status":"closed","post_password":"","post_name":"adriana-fernandez-falso-sie-ihr","to_ping":"","pinged":"","post_modified":"2025-10-22 10:55:43","post_modified_gmt":"2025-10-22 08:55:43","post_content_filtered":"","post_parent":0,"guid":"https:\/\/www.jes-stuttgart.de\/?post_type=person&#038;p=29120","menu_order":10,"post_type":"person","post_mime_type":"","comment_count":"0","filter":"raw"}],"cast_person_additional":""},{"cast_position":"Inszenierung","cast_person":[{"ID":19926,"post_author":"13","post_date":"2023-07-25 16:13:14","post_date_gmt":"2023-07-25 14:13:14","post_content":"<!-- wp:image {\"id\":12745,\"sizeSlug\":\"full\",\"linkDestination\":\"none\"} -->\n<figure class=\"wp-block-image size-full\"><img src=\"https:\/\/www.jes-stuttgart.de\/wp-content\/uploads\/josie-dale-jones-v-lydia-higginsondocx.jpg\" alt=\"\" class=\"wp-image-12745\"\/><figcaption class=\"wp-element-caption\">Foto: Lydia Higginson<\/figcaption><\/figure>\n<!-- \/wp:image -->\n\n<!-- wp:paragraph {\"fontSize\":\"medium\"} -->\n<p class=\"has-medium-font-size\">Josie Dale-Jones is a theatre maker, producer and performer. Josie works primarily as ThisEgg. Theatre Royal Bath selected Josie as the Leverhulme Arts Scholar 2019. She has been nominated as a finalist for the Arts Foundation Theatre-Makers Award 2021. She was recently commissioned by Arts Council England and BBC Culture in Quarantine and completed a remote residency as a director for the British Council's Taking the Stage residency programme in Ukraine. She has continued to work on the project \u2018Are you there? We are here...\u2019 as part of the British Council's UK-Ukraine season with The Albany.<\/p>\n<!-- \/wp:paragraph -->\n\n<!-- wp:paragraph {\"fontSize\":\"medium\"} -->\n<p class=\"has-medium-font-size\">ThisEgg is Josie, who produces shows and theatre performances herself and creates and performs with many other artists. ThisEgg makes theatre that plays with theatrical forms and celebrates the here and now of a live event. In response to the world we live in, ThisEgg invites the audience to imagine a potentially better future. ThisEgg's work is firmly rooted in the hope that theatre can be a motivating force for social change. Josie is currently a project producer with Complicit\u00e9, an international touring theatre company based in London.<\/p>\n<!-- \/wp:paragraph -->","post_title":"Josie Dale-Jones","post_excerpt":"","post_status":"publish","comment_status":"closed","ping_status":"closed","post_password":"","post_name":"josie-dale-jones","to_ping":"","pinged":"","post_modified":"2024-10-23 14:49:48","post_modified_gmt":"2024-10-23 12:49:48","post_content_filtered":"","post_parent":0,"guid":"https:\/\/www.jes-stuttgart.de\/person\/josie-dale-jones\/","menu_order":105,"post_type":"person","post_mime_type":"","comment_count":"0","filter":"raw"}],"cast_person_additional":""},{"cast_position":"B\u00fchne &amp; Kost\u00fcm","cast_person":[{"ID":20145,"post_author":"13","post_date":"2023-07-25 16:11:00","post_date_gmt":"2023-07-25 14:11:00","post_content":"<!-- wp:image {\"id\":12773,\"sizeSlug\":\"full\",\"linkDestination\":\"none\"} -->\n<figure class=\"wp-block-image size-full\"><img src=\"https:\/\/www.jes-stuttgart.de\/wp-content\/uploads\/philipp-nicolai-v-privat.jpg\" alt=\"\" class=\"wp-image-12773\"\/><figcaption class=\"wp-element-caption\">Foto: Philipp Nicolai<\/figcaption><\/figure>\n<!-- \/wp:image -->\n\n<!-- wp:paragraph {\"fontSize\":\"medium\"} -->\n<p class=\"has-medium-font-size\">After studying stage design at the Hochschule f\u00fcr Bildende K\u00fcnste in Hamburg, Philipp Nicolai worked as an assistant stage designer at Schauspielhaus Hannover from 2004 to 2006. From 2007 to 2009 he was employed there as a permanent set designer, during which time he worked with Ruedi H\u00e4usermann, Marco \u0160torman, Marc Pr\u00e4tsch, Peter Kastenm\u00fcller and others.<\/p>\n<!-- \/wp:paragraph -->\n\n<!-- wp:paragraph {\"fontSize\":\"medium\"} -->\n<p class=\"has-medium-font-size\">Since 2009 he has worked as a freelance stage and costume designer in Dresden, Hanover, Hamburg, Stuttgart and elsewhere, including with directors Dominik von Gunten, Schirin Khodadadian and Brigitte Dethier.<\/p>\n<!-- \/wp:paragraph -->","post_title":"Philipp Nicolai","post_excerpt":"","post_status":"publish","comment_status":"closed","ping_status":"closed","post_password":"","post_name":"philipp-nicolai","to_ping":"","pinged":"","post_modified":"2024-10-24 12:00:25","post_modified_gmt":"2024-10-24 10:00:25","post_content_filtered":"","post_parent":0,"guid":"https:\/\/www.jes-stuttgart.de\/person\/philipp-nicolai\/","menu_order":94,"post_type":"person","post_mime_type":"","comment_count":"0","filter":"raw"}],"cast_person_additional":""},{"cast_position":"Musik","cast_person":[{"ID":19911,"post_author":"13","post_date":"2023-07-25 16:14:26","post_date_gmt":"2023-07-25 14:14:26","post_content":"<!-- wp:image {\"id\":12733,\"sizeSlug\":\"full\",\"linkDestination\":\"none\"} -->\n<figure class=\"wp-block-image size-full\"><img src=\"https:\/\/www.jes-stuttgart.de\/wp-content\/uploads\/biddlejohn-v-jorge-lizalde.jpg\" alt=\"\" class=\"wp-image-12733\"\/><figcaption class=\"wp-element-caption\">Foto: Jorge Lizalde<\/figcaption><\/figure>\n<!-- \/wp:image -->\n\n<!-- wp:paragraph {\"fontSize\":\"medium\"} -->\n<p class=\"has-medium-font-size\">John is a composer and sound designer based in Leeds, England. After studying music, he worked as a classical singer in London for several years, performing as a soloist and with vocal ensembles on numerous concert tours, radio programmes and recordings and working with world-renowned composers such as Arvo P\u00e4rt, James MacMillan and John Tavener.<\/p>\n<!-- \/wp:paragraph -->\n\n<!-- wp:paragraph {\"fontSize\":\"medium\"} -->\n<p class=\"has-medium-font-size\">In the course of his studies, however, he also became interested in theatre and began working as an actor during this time. He has subsequently performed in theatres throughout the UK, including the Bush and Unicorn in London, the Sheffield Crucible and Royal Exchange in Manchester and The Traverse in Edinburgh, as well as in many dramas and plays for BBC Radio.<\/p>\n<!-- \/wp:paragraph -->\n\n<!-- wp:paragraph {\"fontSize\":\"medium\"} -->\n<p class=\"has-medium-font-size\">More recently he has returned to his first love: music. He composes for many theatre companies including Leeds Playhouse, National Theatre Wales, Sheffield Theatres, Conde Duque in Madrid and LA Theatre Works in California as well as for radio and podcast projects including the award-winning \u2018Dead Honest\u2019 podcast and \u2018Discover Your Inner Astronaut\u2019 for BBC Studios (forthcoming). He is excited to be working at JES and hopes to improve his German language skills from his school days.<\/p>\n<!-- \/wp:paragraph -->\n\n<!-- wp:paragraph {\"fontSize\":\"medium\"} -->\n<p class=\"has-medium-font-size\"><br><a href=\"http:\/\/johnbiddlemusic.co.uk\" data-type=\"URL\" data-id=\"johnbiddlemusic.co.uk\">johnbiddlemusic.co.uk<\/a><\/p>\n<!-- \/wp:paragraph -->","post_title":"John Biddle","post_excerpt":"","post_status":"publish","comment_status":"closed","ping_status":"closed","post_password":"","post_name":"john-biddle","to_ping":"","pinged":"","post_modified":"2024-10-23 10:32:43","post_modified_gmt":"2024-10-23 08:32:43","post_content_filtered":"","post_parent":0,"guid":"https:\/\/www.jes-stuttgart.de\/person\/john-biddle\/","menu_order":111,"post_type":"person","post_mime_type":"","comment_count":"0","filter":"raw"}],"cast_person_additional":""},{"cast_position":"Autor*innen","cast_person":[{"ID":19920,"post_author":"13","post_date":"2023-07-25 16:13:37","post_date_gmt":"2023-07-25 14:13:37","post_content":"<!-- wp:image {\"id\":12742,\"sizeSlug\":\"large\",\"linkDestination\":\"none\"} -->\n<figure class=\"wp-block-image size-large\"><img src=\"https:\/\/www.jes-stuttgart.de\/wp-content\/uploads\/laurence-cook-v-christian-and-amelia-masters-1901x2560.jpeg\" alt=\"\" class=\"wp-image-12742\"\/><figcaption class=\"wp-element-caption\">Foto: Amelia Masters<\/figcaption><\/figure>\n<!-- \/wp:image -->\n\n<!-- wp:paragraph {\"placeholder\":\"Lorem ipsum dolor sit amet, consetetur sadipscing elitr, sed diam nonumy eirmod tempor invidunt ut labore et dolore magna aliquyam erat, sed diam voluptua. At vero eos et accusam et justo duo dolores et ea rebum. Stet clita kasd gubergren, no sea takimata sanctus est Lorem ipsum dolor sit amet. Lorem ipsum dolor sit amet, consetetur sadipscing elitr, sed diam nonumy eirmod tempor invidunt ut labore et dolore magna aliquyam erat, sed diam voluptua. At vero eos et accusam et justo duo dolores et ea rebum. Stet clita kasd gubergren, no sea takimata sanctus est Lorem ipsum dolor sit amet.\",\"lock\":{\"move\":true,\"remove\":false},\"fontSize\":\"medium\"} -->\n<p class=\"has-medium-font-size\">Laurence Cook is a dramaturge, theatre maker and audio producer based in Scotland. His current work includes \u2018Drive Your Plough Over The Bones Of The Dead\u2019 by Complicit\u00e9, an adaptation of the novel by Nobel Prize winner Olga Tokarczuk. \u2018Land Behind the Curtain\u2019 is his fourth theatre production with Josie Dale-Jones. Previous collaborations include the multi-award-winning shows \u2018Dressed\u2019, \u2018Mother Earth\u2019 and \u2018The Family Sex Show\u2019.\u00a0 Selected other works include: \u2018WE WANT YOU TO WATCH\u2019 - National Theatre and RashDash, \u2018The Broken Heart\u2019 - Shakespeare's Globe, \u2018Ages\u2019 - Old Vic New Voices.<\/p>\n<!-- \/wp:paragraph -->\n\n<!-- wp:paragraph {\"placeholder\":\"Lorem ipsum dolor sit amet, consetetur sadipscing elitr, sed diam nonumy eirmod tempor invidunt ut labore et dolore magna aliquyam erat, sed diam voluptua. At vero eos et accusam et justo duo dolores et ea rebum. Stet clita kasd gubergren, no sea takimata sanctus est Lorem ipsum dolor sit amet. Lorem ipsum dolor sit amet, consetetur sadipscing elitr, sed diam nonumy eirmod tempor invidunt ut labore et dolore magna aliquyam erat, sed diam voluptua. At vero eos et accusam et justo duo dolores et ea rebum. Stet clita kasd gubergren, no sea takimata sanctus est Lorem ipsum dolor sit amet.\",\"lock\":{\"move\":true,\"remove\":false},\"fontSize\":\"medium\"} -->\n<p class=\"has-medium-font-size\"><\/p>\n<!-- \/wp:paragraph -->","post_title":"Laurence Cook","post_excerpt":"","post_status":"publish","comment_status":"closed","ping_status":"closed","post_password":"","post_name":"laurence-cook","to_ping":"","pinged":"","post_modified":"2024-10-23 14:43:51","post_modified_gmt":"2024-10-23 12:43:51","post_content_filtered":"","post_parent":0,"guid":"https:\/\/www.jes-stuttgart.de\/person\/laurence-cook\/","menu_order":107,"post_type":"person","post_mime_type":"","comment_count":"0","filter":"raw"},{"ID":19926,"post_author":"13","post_date":"2023-07-25 16:13:14","post_date_gmt":"2023-07-25 14:13:14","post_content":"<!-- wp:image {\"id\":12745,\"sizeSlug\":\"full\",\"linkDestination\":\"none\"} -->\n<figure class=\"wp-block-image size-full\"><img src=\"https:\/\/www.jes-stuttgart.de\/wp-content\/uploads\/josie-dale-jones-v-lydia-higginsondocx.jpg\" alt=\"\" class=\"wp-image-12745\"\/><figcaption class=\"wp-element-caption\">Foto: Lydia Higginson<\/figcaption><\/figure>\n<!-- \/wp:image -->\n\n<!-- wp:paragraph {\"fontSize\":\"medium\"} -->\n<p class=\"has-medium-font-size\">Josie Dale-Jones is a theatre maker, producer and performer. Josie works primarily as ThisEgg. Theatre Royal Bath selected Josie as the Leverhulme Arts Scholar 2019. She has been nominated as a finalist for the Arts Foundation Theatre-Makers Award 2021. She was recently commissioned by Arts Council England and BBC Culture in Quarantine and completed a remote residency as a director for the British Council's Taking the Stage residency programme in Ukraine. She has continued to work on the project \u2018Are you there? We are here...\u2019 as part of the British Council's UK-Ukraine season with The Albany.<\/p>\n<!-- \/wp:paragraph -->\n\n<!-- wp:paragraph {\"fontSize\":\"medium\"} -->\n<p class=\"has-medium-font-size\">ThisEgg is Josie, who produces shows and theatre performances herself and creates and performs with many other artists. ThisEgg makes theatre that plays with theatrical forms and celebrates the here and now of a live event. In response to the world we live in, ThisEgg invites the audience to imagine a potentially better future. ThisEgg's work is firmly rooted in the hope that theatre can be a motivating force for social change. Josie is currently a project producer with Complicit\u00e9, an international touring theatre company based in London.<\/p>\n<!-- \/wp:paragraph -->","post_title":"Josie Dale-Jones","post_excerpt":"","post_status":"publish","comment_status":"closed","ping_status":"closed","post_password":"","post_name":"josie-dale-jones","to_ping":"","pinged":"","post_modified":"2024-10-23 14:49:48","post_modified_gmt":"2024-10-23 12:49:48","post_content_filtered":"","post_parent":0,"guid":"https:\/\/www.jes-stuttgart.de\/person\/josie-dale-jones\/","menu_order":105,"post_type":"person","post_mime_type":"","comment_count":"0","filter":"raw"}],"cast_person_additional":""},{"cast_position":"Dramaturgie","cast_person":"","cast_person_additional":""},{"cast_position":"Theaterp\u00e4dagogik","cast_person":"","cast_person_additional":""},{"cast_position":"Ton","cast_person":[{"ID":5242,"post_author":"13","post_date":"2022-07-20 19:23:54","post_date_gmt":"2022-07-20 17:23:54","post_content":"<!-- wp:image {\"id\":1907,\"sizeSlug\":\"full\",\"linkDestination\":\"none\"} -->\n<figure class=\"wp-block-image size-full\"><img src=\"https:\/\/www.jes-stuttgart.de\/wp-content\/uploads\/christianburkhardt.jpg\" alt=\"\" class=\"wp-image-1907\"\/><\/figure>\n<!-- \/wp:image -->\n\n<!-- wp:paragraph {\"style\":{\"typography\":{\"textTransform\":\"uppercase\"}},\"fontSize\":\"normal\"} -->\n<p class=\"has-normal-font-size\" style=\"text-transform:uppercase\">Education<\/p>\n<!-- \/wp:paragraph -->\n\n<!-- wp:paragraph {\"fontSize\":\"medium\"} -->\n<p class=\"has-medium-font-size\">I completed my vocational training as an event technician at Theater Heilbronn between 2007 and 2010.<\/p>\n<!-- \/wp:paragraph -->\n\n<!-- wp:paragraph {\"fontSize\":\"medium\"} -->\n<p class=\"has-medium-font-size\">Elsewhere<\/p>\n<!-- \/wp:paragraph -->\n\n<!-- wp:paragraph {\"fontSize\":\"medium\"} -->\n<p class=\"has-medium-font-size\">This was followed by work at the Junges Theater Bonn.<\/p>\n<!-- \/wp:paragraph -->\n\n<!-- wp:paragraph {\"fontSize\":\"medium\"} -->\n<p class=\"has-medium-font-size\">JES! and me<\/p>\n<!-- \/wp:paragraph -->\n\n<!-- wp:paragraph {\"fontSize\":\"medium\"} -->\n<p class=\"has-medium-font-size\">I have been working in the technical department at JES since March 2011.<\/p>\n<!-- \/wp:paragraph -->\n\n<!-- wp:paragraph {\"style\":{\"typography\":{\"textTransform\":\"uppercase\"}},\"fontSize\":\"normal\"} -->\n<p class=\"has-normal-font-size\" style=\"text-transform:uppercase\">CONTACT<\/p>\n<!-- \/wp:paragraph -->\n\n<!-- wp:paragraph {\"fontSize\":\"medium\"} -->\n<p class=\"has-medium-font-size\"><a href=\"mailto:technik@jes-stuttgart.de\">technik@jes-stuttgart.de<\/a><\/p>\n<!-- \/wp:paragraph -->","post_title":"Christian Burkhardt (he\/him)","post_excerpt":"","post_status":"publish","comment_status":"closed","ping_status":"closed","post_password":"","post_name":"christian-burkhardt","to_ping":"","pinged":"","post_modified":"2024-10-23 10:44:24","post_modified_gmt":"2024-10-23 08:44:24","post_content_filtered":"","post_parent":0,"guid":"https:\/\/www.jes-stuttgart.de\/person\/christian-burkhardt\/","menu_order":199,"post_type":"person","post_mime_type":"","comment_count":"0","filter":"raw"}],"cast_person_additional":""},{"cast_position":"Licht","cast_person":[{"ID":5266,"post_author":"13","post_date":"2022-07-20 20:27:10","post_date_gmt":"2022-07-20 18:27:10","post_content":"<!-- wp:image {\"id\":1909,\"sizeSlug\":\"full\",\"linkDestination\":\"none\"} -->\n<figure class=\"wp-block-image size-full\"><img src=\"https:\/\/www.jes-stuttgart.de\/wp-content\/uploads\/jankeller.jpg\" alt=\"\" class=\"wp-image-1909\"\/><\/figure>\n<!-- \/wp:image -->\n\n<!-- wp:paragraph {\"placeholder\":\"Lorem ipsum dolor sit amet, consetetur sadipscing elitr, sed diam nonumy eirmod tempor invidunt ut labore et dolore magna aliquyam erat, sed diam voluptua. At vero eos et accusam et justo duo dolores et ea rebum. Stet clita kasd gubergren, no sea takimata sanctus est Lorem ipsum dolor sit amet. Lorem ipsum dolor sit amet, consetetur sadipscing elitr, sed diam nonumy eirmod tempor invidunt ut labore et dolore magna aliquyam erat, sed diam voluptua. At vero eos et accusam et justo duo dolores et ea rebum. Stet clita kasd gubergren, no sea takimata sanctus est Lorem ipsum dolor sit amet.\",\"lock\":{\"move\":true,\"remove\":false},\"fontSize\":\"medium\"} -->\n<p class=\"has-medium-font-size\">works in the JES technical team. He has been deputy technical director since the 2019\/20 season.<\/p>\n<!-- \/wp:paragraph -->\n\n<!-- wp:paragraph -->\n<p><\/p>\n<!-- \/wp:paragraph -->\n\n<!-- wp:paragraph {\"fontSize\":\"normal\"} -->\n<p class=\"has-normal-font-size\">CONTACT<\/p>\n<!-- \/wp:paragraph -->\n\n<!-- wp:paragraph {\"fontSize\":\"medium\"} -->\n<p class=\"has-medium-font-size\"><a href=\"mailto:technik@jes-stuttgart.de\">technik@jes-stuttgart.de<\/a><\/p>\n<!-- \/wp:paragraph -->","post_title":"Jan Keller (he\/him)","post_excerpt":"","post_status":"publish","comment_status":"closed","ping_status":"closed","post_password":"","post_name":"jan-keller","to_ping":"","pinged":"","post_modified":"2024-10-24 10:53:03","post_modified_gmt":"2024-10-24 08:53:03","post_content_filtered":"","post_parent":0,"guid":"https:\/\/www.jes-stuttgart.de\/person\/jan-keller\/","menu_order":179,"post_type":"person","post_mime_type":"","comment_count":"0","filter":"raw"}],"cast_person_additional":""},{"cast_position":"Assistenz","cast_person":[{"ID":5275,"post_author":"13","post_date":"2022-07-20 20:50:16","post_date_gmt":"2022-07-20 18:50:16","post_content":"<!-- wp:image {\"id\":31693,\"sizeSlug\":\"full\",\"linkDestination\":\"none\"} -->\n<figure class=\"wp-block-image size-full\"><img src=\"https:\/\/www.jes-stuttgart.de\/wp-content\/uploads\/lee-bewerbungsfoto-levi-hammes.jpg\" alt=\"\" class=\"wp-image-31693\"\/><figcaption class=\"wp-element-caption\">Foto: Levi Hammes<\/figcaption><\/figure>\n<!-- \/wp:image -->\n\n<!-- wp:paragraph {\"style\":{\"typography\":{\"textTransform\":\"uppercase\"}},\"fontSize\":\"normal\"} -->\n<p class=\"has-normal-font-size\" style=\"text-transform:uppercase\">Education<\/p>\n<!-- \/wp:paragraph -->\n\n<!-- wp:paragraph {\"fontSize\":\"medium\"} -->\n<p class=\"has-medium-font-size\">I was born in Wuppertal in 2003 and grew up in Stuttgart. I graduated from high school in Stuttgart in spring 2021.<\/p>\n<!-- \/wp:paragraph -->\n\n<!-- wp:spacer {\"height\":\"20px\"} -->\n<div style=\"height:20px\" aria-hidden=\"true\" class=\"wp-block-spacer\"><\/div>\n<!-- \/wp:spacer -->\n\n<!-- wp:paragraph {\"style\":{\"typography\":{\"textTransform\":\"uppercase\"}},\"fontSize\":\"normal\"} -->\n<p class=\"has-normal-font-size\" style=\"text-transform:uppercase\">JES! And Me<\/p>\n<!-- \/wp:paragraph -->\n\n<!-- wp:paragraph {\"fontSize\":\"medium\"} -->\n<p class=\"has-medium-font-size\">JES has been a part of my life since I was eight years old. As a child and teenager, I participated in numerous play clubs and was part of the productions \u201cR.E.S.P.E.C.T.\u201d from 2017 to 2019 and \u201cIdentity\u201d from 2019 to 2020.<br>In autumn 2021, I did my first assistant directing at JES for the production \u201cArchive der K\u00f6rper\u201d and have been permanently engaged as an assistant director since the 2022\/23 season, starting with the production \u201cHier ist noch alles m\u00f6glich\u201d.<\/p>\n<!-- \/wp:paragraph -->\n\n<!-- wp:spacer {\"height\":\"20px\"} -->\n<div style=\"height:20px\" aria-hidden=\"true\" class=\"wp-block-spacer\"><\/div>\n<!-- \/wp:spacer -->","post_title":"Lee M\u00fclders","post_excerpt":"","post_status":"publish","comment_status":"closed","ping_status":"closed","post_password":"","post_name":"lee-muelders","to_ping":"","pinged":"","post_modified":"2026-01-19 14:05:28","post_modified_gmt":"2026-01-19 13:05:28","post_content_filtered":"","post_parent":0,"guid":"https:\/\/www.jes-stuttgart.de\/person\/lee-muelders\/","menu_order":173,"post_type":"person","post_mime_type":"","comment_count":"0","filter":"raw"}],"cast_person_additional":""},{"cast_position":"Hospitanz","cast_person":"","cast_person_additional":""},{"cast_position":"Umbaustatist","cast_person":"","cast_person_additional":""},{"cast_position":"Technik","cast_person":[{"ID":5254,"post_author":"13","post_date":"2022-07-20 20:00:49","post_date_gmt":"2022-07-20 18:00:49","post_content":"<!-- wp:image {\"id\":1921,\"sizeSlug\":\"full\",\"linkDestination\":\"none\"} -->\n<figure class=\"wp-block-image size-full\"><img src=\"https:\/\/www.jes-stuttgart.de\/wp-content\/uploads\/stevengorecki.jpg\" alt=\"\" class=\"wp-image-1921\"\/><\/figure>\n<!-- \/wp:image -->\n\n<!-- wp:paragraph {\"style\":{\"typography\":{\"textTransform\":\"uppercase\"}},\"fontSize\":\"normal\"} -->\n<p class=\"has-normal-font-size\" style=\"text-transform:uppercase\">Education<\/p>\n<!-- \/wp:paragraph -->\n\n<!-- wp:paragraph {\"fontSize\":\"medium\"} -->\n<p class=\"has-medium-font-size\">Originally, I trained as a carpenter.<\/p>\n<!-- \/wp:paragraph -->\n\n<!-- wp:spacer {\"height\":\"20px\"} -->\n<div style=\"height:20px\" aria-hidden=\"true\" class=\"wp-block-spacer\"><\/div>\n<!-- \/wp:spacer -->\n\n<!-- wp:paragraph {\"style\":{\"typography\":{\"textTransform\":\"uppercase\"}},\"fontSize\":\"normal\"} -->\n<p class=\"has-normal-font-size\" style=\"text-transform:uppercase\">Elsewhere<\/p>\n<!-- \/wp:paragraph -->\n\n<!-- wp:paragraph {\"fontSize\":\"medium\"} -->\n<p class=\"has-medium-font-size\">After that I worked first as a stage technician at Nationaltheater Mannheim, then as a self-employed event technician and finally as deputy head of the studio technology department at the Nationaltheater (as an employee of the technical directorate from 2001 to 2007). My responsibilities included the management of the \u201cEvent Technology\u201d department, technical management and event-technical supervision of performance operations in Studio Werkhaus as well as rehearsal operations at the Nationaltheater, as well as special events and guest performance tours and the production management in all four sections of the Nationaltheater.<br>I also took over the technical and spatial conception and supervision of the reconstruction and renovation of the rehearsal stage centre in Mannheim as well as the conception, planning and construction management for the reconstruction of the studio stage, including the complete stage, lighting, sound and building services of all foyers, dressing rooms, storage and prop\/mask rooms. During my time at Nationaltheater Mannheim, I completed various further training courses: Master of Event Technology specialised in stage\/studio as well as lighting, as an electrician for event technology and business economics of the trade.<\/p>\n<!-- \/wp:paragraph -->\n\n<!-- wp:spacer {\"height\":\"20px\"} -->\n<div style=\"height:20px\" aria-hidden=\"true\" class=\"wp-block-spacer\"><\/div>\n<!-- \/wp:spacer -->\n\n<!-- wp:paragraph {\"fontSize\":\"medium\"} -->\n<p class=\"has-medium-font-size\">From 2007 onwards I worked as a self-employed event technician, among others at the Schwetzingen Festival, at Moers Schlosstheater and at the Bayreuth Festival in 2008, 2009 and 2010.<\/p>\n<!-- \/wp:paragraph -->\n\n<!-- wp:spacer {\"height\":\"20px\"} -->\n<div style=\"height:20px\" aria-hidden=\"true\" class=\"wp-block-spacer\"><\/div>\n<!-- \/wp:spacer -->\n\n<!-- wp:paragraph {\"style\":{\"typography\":{\"textTransform\":\"uppercase\"}},\"fontSize\":\"normal\"} -->\n<p class=\"has-normal-font-size\" style=\"text-transform:uppercase\">JES! and me<\/p>\n<!-- \/wp:paragraph -->\n\n<!-- wp:paragraph {\"fontSize\":\"medium\"} -->\n<p class=\"has-medium-font-size\">Since the 2009\/10 season he has been technical director of Junges Ensemble Stuttgart.<\/p>\n<!-- \/wp:paragraph -->\n\n<!-- wp:spacer {\"height\":\"20px\"} -->\n<div style=\"height:20px\" aria-hidden=\"true\" class=\"wp-block-spacer\"><\/div>\n<!-- \/wp:spacer -->\n\n<!-- wp:paragraph {\"fontSize\":\"normal\"} -->\n<p class=\"has-normal-font-size\">CONTACT<\/p>\n<!-- \/wp:paragraph -->\n\n<!-- wp:paragraph {\"fontSize\":\"medium\"} -->\n<p class=\"has-medium-font-size\"><a href=\"mailto:Steven.gorecki@jes-stuttgart.de\">Steven.gorecki@jes-stuttgart.de<\/a><\/p>\n<!-- \/wp:paragraph -->","post_title":"Steven Gorecki (he\/him)","post_excerpt":"","post_status":"publish","comment_status":"closed","ping_status":"closed","post_password":"","post_name":"steven-gorecki","to_ping":"","pinged":"","post_modified":"2024-10-23 15:15:41","post_modified_gmt":"2024-10-23 13:15:41","post_content_filtered":"","post_parent":0,"guid":"https:\/\/www.jes-stuttgart.de\/person\/steven-gorecki\/","menu_order":194,"post_type":"person","post_mime_type":"","comment_count":"0","filter":"raw"},{"ID":5235,"post_author":"13","post_date":"2022-07-20 18:55:23","post_date_gmt":"2022-07-20 16:55:23","post_content":"<!-- wp:image {\"id\":1913,\"sizeSlug\":\"full\",\"linkDestination\":\"none\"} -->\n<figure class=\"wp-block-image size-full\"><img src=\"https:\/\/www.jes-stuttgart.de\/wp-content\/uploads\/juppbertels.jpg\" alt=\"\" class=\"wp-image-1913\"\/><\/figure>\n<!-- \/wp:image -->\n\n<!-- wp:paragraph {\"placeholder\":\"Lorem ipsum dolor sit amet, consetetur sadipscing elitr, sed diam nonumy eirmod tempor invidunt ut labore et dolore magna aliquyam erat, sed diam voluptua. At vero eos et accusam et justo duo dolores et ea rebum. Stet clita kasd gubergren, no sea takimata sanctus est Lorem ipsum dolor sit amet. Lorem ipsum dolor sit amet, consetetur sadipscing elitr, sed diam nonumy eirmod tempor invidunt ut labore et dolore magna aliquyam erat, sed diam voluptua. At vero eos et accusam et justo duo dolores et ea rebum. Stet clita kasd gubergren, no sea takimata sanctus est Lorem ipsum dolor sit amet.\",\"lock\":{\"move\":true,\"remove\":false},\"fontSize\":\"medium\"} -->\n<p class=\"has-medium-font-size\">Sebastian \u201cJupp\u201d Bertels has been supporting the JES technical team since the 2022\/23 season.<\/p>\n<!-- \/wp:paragraph -->\n\n<!-- wp:spacer {\"height\":\"20px\"} -->\n<div style=\"height:20px\" aria-hidden=\"true\" class=\"wp-block-spacer\"><\/div>\n<!-- \/wp:spacer -->\n\n<!-- wp:paragraph {\"fontSize\":\"normal\"} -->\n<p class=\"has-normal-font-size\">CONTACT<\/p>\n<!-- \/wp:paragraph -->\n\n<!-- wp:paragraph {\"fontSize\":\"medium\"} -->\n<p class=\"has-medium-font-size\"><a href=\"mailto:technik@jes-stuttgart.de\">technik@jes-stuttgart.de<\/a><\/p>\n<!-- \/wp:paragraph -->","post_title":"Jupp Bertels (he\/him)","post_excerpt":"","post_status":"publish","comment_status":"closed","ping_status":"closed","post_password":"","post_name":"jupp-bertels","to_ping":"","pinged":"","post_modified":"2024-10-23 10:47:52","post_modified_gmt":"2024-10-23 08:47:52","post_content_filtered":"","post_parent":0,"guid":"https:\/\/www.jes-stuttgart.de\/person\/jupp-bertels\/","menu_order":204,"post_type":"person","post_mime_type":"","comment_count":"0","filter":"raw"},{"ID":5240,"post_author":"13","post_date":"2022-06-30 10:35:03","post_date_gmt":"2022-06-30 08:35:03","post_content":"<!-- wp:image {\"id\":1919,\"sizeSlug\":\"full\",\"linkDestination\":\"none\"} -->\n<figure class=\"wp-block-image size-full\"><img src=\"https:\/\/www.jes-stuttgart.de\/wp-content\/uploads\/melaniebrunner.jpg\" alt=\"\" class=\"wp-image-1919\"\/><\/figure>\n<!-- \/wp:image -->\n\n<!-- wp:paragraph {\"placeholder\":\"Lorem ipsum dolor sit amet, consetetur sadipscing elitr, sed diam nonumy eirmod tempor invidunt ut labore et dolore magna aliquyam erat, sed diam voluptua. At vero eos et accusam et justo duo dolores et ea rebum. Stet clita kasd gubergren, no sea takimata sanctus est Lorem ipsum dolor sit amet. Lorem ipsum dolor sit amet, consetetur sadipscing elitr, sed diam nonumy eirmod tempor invidunt ut labore et dolore magna aliquyam erat, sed diam voluptua. At vero eos et accusam et justo duo dolores et ea rebum. Stet clita kasd gubergren, no sea takimata sanctus est Lorem ipsum dolor sit amet.\",\"lock\":{\"move\":true,\"remove\":false},\"fontSize\":\"medium\"} -->\n<p class=\"has-medium-font-size\">joined the technical and engineering team at JES in the 2016\/17 season.<\/p>\n<!-- \/wp:paragraph -->\n\n<!-- wp:paragraph {\"placeholder\":\"Lorem ipsum dolor sit amet, consetetur sadipscing elitr, sed diam nonumy eirmod tempor invidunt ut labore et dolore magna aliquyam erat, sed diam voluptua. At vero eos et accusam et justo duo dolores et ea rebum. Stet clita kasd gubergren, no sea takimata sanctus est Lorem ipsum dolor sit amet. Lorem ipsum dolor sit amet, consetetur sadipscing elitr, sed diam nonumy eirmod tempor invidunt ut labore et dolore magna aliquyam erat, sed diam voluptua. At vero eos et accusam et justo duo dolores et ea rebum. Stet clita kasd gubergren, no sea takimata sanctus est Lorem ipsum dolor sit amet.\",\"lock\":{\"move\":true,\"remove\":false},\"fontSize\":\"medium\"} -->\n<p class=\"has-medium-font-size\">CONTACT<\/p>\n<!-- \/wp:paragraph -->\n\n<!-- wp:paragraph {\"fontSize\":\"medium\"} -->\n<p class=\"has-medium-font-size\"><a href=\"mailto:technik@jes-stuttgart.de\">technik@jes-stuttgart.de<\/a><\/p>\n<!-- \/wp:paragraph -->","post_title":"Melanie Brunner (she\/her)","post_excerpt":"","post_status":"publish","comment_status":"closed","ping_status":"closed","post_password":"","post_name":"melanie-brunner","to_ping":"","pinged":"","post_modified":"2024-10-23 10:56:21","post_modified_gmt":"2024-10-23 08:56:21","post_content_filtered":"","post_parent":0,"guid":"https:\/\/www.jes-stuttgart.de\/person\/melanie-brunner\/","menu_order":246,"post_type":"person","post_mime_type":"","comment_count":"0","filter":"raw"},{"ID":5242,"post_author":"13","post_date":"2022-07-20 19:23:54","post_date_gmt":"2022-07-20 17:23:54","post_content":"<!-- wp:image {\"id\":1907,\"sizeSlug\":\"full\",\"linkDestination\":\"none\"} -->\n<figure class=\"wp-block-image size-full\"><img src=\"https:\/\/www.jes-stuttgart.de\/wp-content\/uploads\/christianburkhardt.jpg\" alt=\"\" class=\"wp-image-1907\"\/><\/figure>\n<!-- \/wp:image -->\n\n<!-- wp:paragraph {\"style\":{\"typography\":{\"textTransform\":\"uppercase\"}},\"fontSize\":\"normal\"} -->\n<p class=\"has-normal-font-size\" style=\"text-transform:uppercase\">Education<\/p>\n<!-- \/wp:paragraph -->\n\n<!-- wp:paragraph {\"fontSize\":\"medium\"} -->\n<p class=\"has-medium-font-size\">I completed my vocational training as an event technician at Theater Heilbronn between 2007 and 2010.<\/p>\n<!-- \/wp:paragraph -->\n\n<!-- wp:paragraph {\"fontSize\":\"medium\"} -->\n<p class=\"has-medium-font-size\">Elsewhere<\/p>\n<!-- \/wp:paragraph -->\n\n<!-- wp:paragraph {\"fontSize\":\"medium\"} -->\n<p class=\"has-medium-font-size\">This was followed by work at the Junges Theater Bonn.<\/p>\n<!-- \/wp:paragraph -->\n\n<!-- wp:paragraph {\"fontSize\":\"medium\"} -->\n<p class=\"has-medium-font-size\">JES! and me<\/p>\n<!-- \/wp:paragraph -->\n\n<!-- wp:paragraph {\"fontSize\":\"medium\"} -->\n<p class=\"has-medium-font-size\">I have been working in the technical department at JES since March 2011.<\/p>\n<!-- \/wp:paragraph -->\n\n<!-- wp:paragraph {\"style\":{\"typography\":{\"textTransform\":\"uppercase\"}},\"fontSize\":\"normal\"} -->\n<p class=\"has-normal-font-size\" style=\"text-transform:uppercase\">CONTACT<\/p>\n<!-- \/wp:paragraph -->\n\n<!-- wp:paragraph {\"fontSize\":\"medium\"} -->\n<p class=\"has-medium-font-size\"><a href=\"mailto:technik@jes-stuttgart.de\">technik@jes-stuttgart.de<\/a><\/p>\n<!-- \/wp:paragraph -->","post_title":"Christian Burkhardt (he\/him)","post_excerpt":"","post_status":"publish","comment_status":"closed","ping_status":"closed","post_password":"","post_name":"christian-burkhardt","to_ping":"","pinged":"","post_modified":"2024-10-23 10:44:24","post_modified_gmt":"2024-10-23 08:44:24","post_content_filtered":"","post_parent":0,"guid":"https:\/\/www.jes-stuttgart.de\/person\/christian-burkhardt\/","menu_order":199,"post_type":"person","post_mime_type":"","comment_count":"0","filter":"raw"},{"ID":5266,"post_author":"13","post_date":"2022-07-20 20:27:10","post_date_gmt":"2022-07-20 18:27:10","post_content":"<!-- wp:image {\"id\":1909,\"sizeSlug\":\"full\",\"linkDestination\":\"none\"} -->\n<figure class=\"wp-block-image size-full\"><img src=\"https:\/\/www.jes-stuttgart.de\/wp-content\/uploads\/jankeller.jpg\" alt=\"\" class=\"wp-image-1909\"\/><\/figure>\n<!-- \/wp:image -->\n\n<!-- wp:paragraph {\"placeholder\":\"Lorem ipsum dolor sit amet, consetetur sadipscing elitr, sed diam nonumy eirmod tempor invidunt ut labore et dolore magna aliquyam erat, sed diam voluptua. At vero eos et accusam et justo duo dolores et ea rebum. Stet clita kasd gubergren, no sea takimata sanctus est Lorem ipsum dolor sit amet. Lorem ipsum dolor sit amet, consetetur sadipscing elitr, sed diam nonumy eirmod tempor invidunt ut labore et dolore magna aliquyam erat, sed diam voluptua. At vero eos et accusam et justo duo dolores et ea rebum. Stet clita kasd gubergren, no sea takimata sanctus est Lorem ipsum dolor sit amet.\",\"lock\":{\"move\":true,\"remove\":false},\"fontSize\":\"medium\"} -->\n<p class=\"has-medium-font-size\">works in the JES technical team. He has been deputy technical director since the 2019\/20 season.<\/p>\n<!-- \/wp:paragraph -->\n\n<!-- wp:paragraph -->\n<p><\/p>\n<!-- \/wp:paragraph -->\n\n<!-- wp:paragraph {\"fontSize\":\"normal\"} -->\n<p class=\"has-normal-font-size\">CONTACT<\/p>\n<!-- \/wp:paragraph -->\n\n<!-- wp:paragraph {\"fontSize\":\"medium\"} -->\n<p class=\"has-medium-font-size\"><a href=\"mailto:technik@jes-stuttgart.de\">technik@jes-stuttgart.de<\/a><\/p>\n<!-- \/wp:paragraph -->","post_title":"Jan Keller (he\/him)","post_excerpt":"","post_status":"publish","comment_status":"closed","ping_status":"closed","post_password":"","post_name":"jan-keller","to_ping":"","pinged":"","post_modified":"2024-10-24 10:53:03","post_modified_gmt":"2024-10-24 08:53:03","post_content_filtered":"","post_parent":0,"guid":"https:\/\/www.jes-stuttgart.de\/person\/jan-keller\/","menu_order":179,"post_type":"person","post_mime_type":"","comment_count":"0","filter":"raw"},{"ID":5300,"post_author":"13","post_date":"2022-07-20 21:39:54","post_date_gmt":"2022-07-20 19:39:54","post_content":"<!-- wp:paragraph {\"fontSize\":\"normal\"} -->\n<p class=\"has-normal-font-size\">JES staff member, technician, workshop<\/p>\n<!-- \/wp:paragraph -->\n\n<!-- wp:paragraph {\"fontSize\":\"normal\"} -->\n<p class=\"has-normal-font-size\">Wolfram St\u00f6ckl has been part of the technical team at JES since the 2014\/15 season.<\/p>\n<!-- \/wp:paragraph -->\n\n<!-- wp:paragraph {\"fontSize\":\"normal\"} -->\n<p class=\"has-normal-font-size\">CONTACT<\/p>\n<!-- \/wp:paragraph -->\n\n<!-- wp:paragraph {\"fontSize\":\"normal\"} -->\n<p class=\"has-normal-font-size\"><a href=\"mailto:technik@jes-stuttgart.de\">technik@jes-stuttgart.de<\/a><\/p>\n<!-- \/wp:paragraph -->\n\n<!-- wp:paragraph -->\n<p><\/p>\n<!-- \/wp:paragraph -->","post_title":"Wolfram St\u00f6ckl","post_excerpt":"","post_status":"publish","comment_status":"closed","ping_status":"closed","post_password":"","post_name":"wolfram-stoeckl","to_ping":"","pinged":"","post_modified":"2024-10-23 15:16:00","post_modified_gmt":"2024-10-23 13:16:00","post_content_filtered":"","post_parent":0,"guid":"https:\/\/www.jes-stuttgart.de\/person\/wolfram-stoeckl\/","menu_order":154,"post_type":"person","post_mime_type":"","comment_count":"0","filter":"raw"},{"ID":20139,"post_author":"13","post_date":"2023-11-29 13:08:01","post_date_gmt":"2023-11-29 12:08:01","post_content":"<!-- wp:image -->\n<figure class=\"wp-block-image\"><img alt=\"\"><\/figure>\n<!-- \/wp:image -->\n\n<!-- wp:paragraph {\"placeholder\":\"Lorem ipsum dolor sit amet, consetetur sadipscing elitr, sed diam nonumy eirmod tempor invidunt ut labore et dolore magna aliquyam erat, sed diam voluptua. At vero eos et accusam et justo duo dolores et ea rebum. Stet clita kasd gubergren, no sea takimata sanctus est Lorem ipsum dolor sit amet. Lorem ipsum dolor sit amet, consetetur sadipscing elitr, sed diam nonumy eirmod tempor invidunt ut labore et dolore magna aliquyam erat, sed diam voluptua. At vero eos et accusam et justo duo dolores et ea rebum. Stet clita kasd gubergren, no sea takimata sanctus est Lorem ipsum dolor sit amet.\",\"lock\":{\"move\":true,\"remove\":false}} -->\n<p><\/p>\n<!-- \/wp:paragraph -->","post_title":"Alessandro Mongiovi (he\/him)","post_excerpt":"","post_status":"publish","comment_status":"closed","ping_status":"closed","post_password":"","post_name":"alessandro-mongiovi","to_ping":"","pinged":"","post_modified":"2025-02-13 14:53:50","post_modified_gmt":"2025-02-13 13:53:50","post_content_filtered":"","post_parent":0,"guid":"https:\/\/www.jes-stuttgart.de\/person\/alessandro-mongiovi\/","menu_order":75,"post_type":"person","post_mime_type":"","comment_count":"0","filter":"raw"},{"ID":20155,"post_author":"11","post_date":"2023-11-29 13:45:26","post_date_gmt":"2023-11-29 12:45:26","post_content":"<!-- wp:image -->\n<figure class=\"wp-block-image\"><img alt=\"\"><\/figure>\n<!-- \/wp:image -->\n\n<!-- wp:paragraph {\"placeholder\":\"Lorem ipsum dolor sit amet, consetetur sadipscing elitr, sed diam nonumy eirmod tempor invidunt ut labore et dolore magna aliquyam erat, sed diam voluptua. At vero eos et accusam et justo duo dolores et ea rebum. Stet clita kasd gubergren, no sea takimata sanctus est Lorem ipsum dolor sit amet. Lorem ipsum dolor sit amet, consetetur sadipscing elitr, sed diam nonumy eirmod tempor invidunt ut labore et dolore magna aliquyam erat, sed diam voluptua. At vero eos et accusam et justo duo dolores et ea rebum. Stet clita kasd gubergren, no sea takimata sanctus est Lorem ipsum dolor sit amet.\",\"lock\":{\"move\":true,\"remove\":false}} -->\n<p><\/p>\n<!-- \/wp:paragraph -->","post_title":"Lotte Sommerfeld","post_excerpt":"","post_status":"publish","comment_status":"closed","ping_status":"closed","post_password":"","post_name":"lotte-sommerfeld","to_ping":"","pinged":"","post_modified":"2024-04-17 08:38:11","post_modified_gmt":"2024-04-17 06:38:11","post_content_filtered":"","post_parent":0,"guid":"https:\/\/www.jes-stuttgart.de\/person\/lotte-sommerfeld\/","menu_order":73,"post_type":"person","post_mime_type":"","comment_count":"0","filter":"raw"}],"cast_person_additional":""},{"cast_position":"Ausstattung &amp; Schneiderei","cast_person":[{"ID":5290,"post_author":"13","post_date":"2022-07-07 16:14:19","post_date_gmt":"2022-07-07 14:14:19","post_content":"<!-- wp:image {\"id\":1911,\"sizeSlug\":\"full\",\"linkDestination\":\"none\"} -->\n<figure class=\"wp-block-image size-full\"><img src=\"https:\/\/www.jes-stuttgart.de\/wp-content\/uploads\/juliascholz.jpg\" alt=\"\" class=\"wp-image-1911\"\/><\/figure>\n<!-- \/wp:image -->\n\n<!-- wp:paragraph {\"style\":{\"typography\":{\"textTransform\":\"uppercase\"}},\"fontSize\":\"normal\"} -->\n<p class=\"has-normal-font-size\" style=\"text-transform:uppercase\"><\/p>\n<!-- \/wp:paragraph -->\n\n<!-- wp:paragraph {\"fontSize\":\"medium\"} -->\n<p class=\"has-medium-font-size\">Education<\/p>\n<!-- \/wp:paragraph -->\n\n<!-- wp:paragraph {\"fontSize\":\"medium\"} -->\n<p class=\"has-medium-font-size\">I studied set and costume design at Central St Martin\u02bcs College of Art and Design in London.<\/p>\n<!-- \/wp:paragraph -->\n\n<!-- wp:paragraph {\"fontSize\":\"medium\"} -->\n<p class=\"has-medium-font-size\">Elsewhere<\/p>\n<!-- \/wp:paragraph -->\n\n<!-- wp:paragraph {\"fontSize\":\"medium\"} -->\n<p class=\"has-medium-font-size\">From 1997 to 2002 I worked as a stage design assistant at theatres in Cologne City, Staatstheater and Thalia Theater Hamburg, where I was able to work with directors such as Michael Thalheimer, Stephan Kimmig and Leander Haussmann.<\/p>\n<!-- \/wp:paragraph -->\n\n<!-- wp:paragraph {\"fontSize\":\"medium\"} -->\n<p class=\"has-medium-font-size\">In Hamburg I met the director Jorinde Dr\u00f6se, with whom I created numerous productions as a stage and costume designer from 2002 onwards at theatres such as Schauspiel Bochum, Schauspiel Frankfurt, Schauspiel Leipzig and Volkstheater M\u00fcnchen.<\/p>\n<!-- \/wp:paragraph -->\n\n<!-- wp:paragraph {\"fontSize\":\"medium\"} -->\n<p class=\"has-medium-font-size\">I have also created many stage and costume designs with the directors Sabine Harbeke, Klaus Hemmerle, Alexander Schilling and H\u00fcseyin Michael Circipi at the Heilbronn Theatre, Landestheater Innsbruck and Theater Ingolstadt, among others.<\/p>\n<!-- \/wp:paragraph -->\n\n<!-- wp:paragraph {\"fontSize\":\"medium\"} -->\n<p class=\"has-medium-font-size\">JES! and me<\/p>\n<!-- \/wp:paragraph -->\n\n<!-- wp:paragraph {\"fontSize\":\"medium\"} -->\n<p class=\"has-medium-font-size\">I joined JES in 2018 as head of set design, much to the delight of my sons, with whom I live here in Stuttgart.<\/p>\n<!-- \/wp:paragraph -->\n\n<!-- wp:paragraph {\"fontSize\":\"medium\"} -->\n<p class=\"has-medium-font-size\">CONTACT<\/p>\n<!-- \/wp:paragraph -->\n\n<!-- wp:paragraph {\"fontSize\":\"medium\"} -->\n<p class=\"has-medium-font-size\"><a href=\"mailto:julia.scholz@jes-stuttgart.de\">julia.scholz@jes-stuttgart.de<\/a><\/p>\n<!-- \/wp:paragraph -->","post_title":"Julia Scholz (she\/her)","post_excerpt":"","post_status":"publish","comment_status":"closed","ping_status":"closed","post_password":"","post_name":"julia-scholz","to_ping":"","pinged":"","post_modified":"2024-10-29 12:30:55","post_modified_gmt":"2024-10-29 11:30:55","post_content_filtered":"","post_parent":0,"guid":"https:\/\/www.jes-stuttgart.de\/person\/julia-scholz\/","menu_order":230,"post_type":"person","post_mime_type":"","comment_count":"0","filter":"raw"},{"ID":5232,"post_author":"13","post_date":"2022-07-07 16:15:59","post_date_gmt":"2022-07-07 14:15:59","post_content":"<!-- wp:image {\"id\":1217,\"sizeSlug\":\"full\",\"linkDestination\":\"none\"} -->\n<figure class=\"wp-block-image size-full\"><img src=\"https:\/\/www.jes-stuttgart.de\/wp-content\/uploads\/jsn3450-edited.jpg\" alt=\"\" class=\"wp-image-1217\"\/><\/figure>\n<!-- \/wp:image -->\n\n<!-- wp:paragraph {\"style\":{\"typography\":{\"textTransform\":\"uppercase\"}},\"fontSize\":\"normal\"} -->\n<p class=\"has-normal-font-size\" style=\"text-transform:uppercase\">Education<\/p>\n<!-- \/wp:paragraph -->\n\n<!-- wp:paragraph {\"fontSize\":\"medium\"} -->\n<p class=\"has-medium-font-size\">I came to Stuttgart to study interior design at FHT and stayed here - but not as an interior designer! Pretty soon I was happily letting myself fall into the waters of the theatre seas...<\/p>\n<!-- \/wp:paragraph -->\n\n<!-- wp:paragraph {\"fontSize\":\"medium\"} -->\n<p class=\"has-medium-font-size\">Elsewhere<\/p>\n<!-- \/wp:paragraph -->\n\n<!-- wp:paragraph {\"fontSize\":\"medium\"} -->\n<p class=\"has-medium-font-size\">In addition to the waters of the Staatstheater Stuttgart, the current has also repeatedly driven me further north, e.g. to Hebbel am Ufer in Berlin.<\/p>\n<!-- \/wp:paragraph -->\n\n<!-- wp:paragraph {\"fontSize\":\"medium\"} -->\n<p class=\"has-medium-font-size\">JES! and me<\/p>\n<!-- \/wp:paragraph -->\n\n<!-- wp:paragraph {\"fontSize\":\"medium\"} -->\n<p class=\"has-medium-font-size\">I started at JES as a temporary set sailor, but after immersing myself in other film and theatre worlds, I have always enjoyed sailing back to JES and have been a permanent member of the colourful set team since 2016.<\/p>\n<!-- \/wp:paragraph -->\n\n<!-- wp:paragraph {\"style\":{\"typography\":{\"textTransform\":\"uppercase\"}},\"fontSize\":\"normal\"} -->\n<p class=\"has-normal-font-size\" style=\"text-transform:uppercase\">CONTACT<\/p>\n<!-- \/wp:paragraph -->\n\n<!-- wp:paragraph {\"fontSize\":\"medium\"} -->\n<p class=\"has-medium-font-size\"><a href=\"mailto:ausstattung@jes-stuttgart.de\">ausstattung@jes-stuttgart.de<\/a><\/p>\n<!-- \/wp:paragraph -->","post_title":"Christine Bentele (she\/her)","post_excerpt":"","post_status":"publish","comment_status":"closed","ping_status":"closed","post_password":"","post_name":"christine-bentele","to_ping":"","pinged":"","post_modified":"2024-10-23 10:54:08","post_modified_gmt":"2024-10-23 08:54:08","post_content_filtered":"","post_parent":0,"guid":"https:\/\/www.jes-stuttgart.de\/person\/christine-bentele\/","menu_order":228,"post_type":"person","post_mime_type":"","comment_count":"0","filter":"raw"},{"ID":5292,"post_author":"13","post_date":"2022-07-07 16:19:51","post_date_gmt":"2022-07-07 14:19:51","post_content":"<!-- wp:paragraph {\"style\":{\"typography\":{\"textTransform\":\"uppercase\"}},\"fontSize\":\"normal\"} -->\n<p class=\"has-normal-font-size\" style=\"text-transform:uppercase\"><a href=\"https:\/\/www.jes-stuttgart.de\/personen\/#collapsible-person-573\"><\/a><\/p>\n<!-- \/wp:paragraph -->\n\n<!-- wp:paragraph -->\n<p><\/p>\n<!-- \/wp:paragraph -->\n\n<!-- wp:paragraph {\"fontSize\":\"medium\"} -->\n<p class=\"has-medium-font-size\">Elsewhere<\/p>\n<!-- \/wp:paragraph -->\n\n<!-- wp:paragraph {\"fontSize\":\"medium\"} -->\n<p class=\"has-medium-font-size\">I have been drawn to the theatre since I was a child. My first internship in 2008\/2009 was at JES in the set design department. Since then, I have worked there on and off as a temp.<\/p>\n<!-- \/wp:paragraph -->\n\n<!-- wp:paragraph {\"fontSize\":\"medium\"} -->\n<p class=\"has-medium-font-size\">At Staatstheater Stuttgart, I worked as a costume and set designer for Christian Tschirner and Corinna Harfouch, among others. I also worked there as a production assistant on the international theatre project \u2018Orient Express\u2019. At the Ludwigsburg Film Academy, I was able to immerse myself as a set designer in the world of film. I also worked in the costume department at Altes Schauspielhaus and the Palladium.<\/p>\n<!-- \/wp:paragraph -->\n\n<!-- wp:paragraph {\"fontSize\":\"medium\"} -->\n<p class=\"has-medium-font-size\">My additional expertise includes training as a carpenter, a year studying expressive dance and training as a textile designer in the craft of weaving.<\/p>\n<!-- \/wp:paragraph -->\n\n<!-- wp:paragraph {\"fontSize\":\"medium\"} -->\n<p class=\"has-medium-font-size\">JES! and me<\/p>\n<!-- \/wp:paragraph -->\n\n<!-- wp:paragraph {\"fontSize\":\"medium\"} -->\n<p class=\"has-medium-font-size\">I have been supporting the JES equipment team as a member of staff since the 2021\/2022 season.<\/p>\n<!-- \/wp:paragraph -->\n\n<!-- wp:paragraph {\"fontSize\":\"medium\"} -->\n<p class=\"has-medium-font-size\">CONTACT<\/p>\n<!-- \/wp:paragraph -->\n\n<!-- wp:paragraph {\"fontSize\":\"medium\"} -->\n<p class=\"has-medium-font-size\"><a href=\"mailto:ausstattung@jes-stuttgart.de\">ausstattung@jes-stuttgart.de<\/a><\/p>\n<!-- \/wp:paragraph -->\n\n<!-- wp:paragraph -->\n<p><\/p>\n<!-- \/wp:paragraph -->","post_title":"Friederike Sch\u00fctthoff (she\/her)","post_excerpt":"","post_status":"publish","comment_status":"closed","ping_status":"closed","post_password":"","post_name":"friederike-schuettoff","to_ping":"","pinged":"","post_modified":"2024-10-29 12:28:53","post_modified_gmt":"2024-10-29 11:28:53","post_content_filtered":"","post_parent":0,"guid":"https:\/\/www.jes-stuttgart.de\/person\/friederike-schuettoff\/","menu_order":223,"post_type":"person","post_mime_type":"","comment_count":"0","filter":"raw"}],"cast_person_additional":""},{"cast_position":"\u00dcbersetzung","cast_person":"","cast_person_additional":"Ensemble"}],"cast_member":[{"ID":19911,"post_author":"13","post_date":"2023-07-25 16:14:26","post_date_gmt":"2023-07-25 14:14:26","post_content":"<!-- wp:image {\"id\":12733,\"sizeSlug\":\"full\",\"linkDestination\":\"none\"} -->\n<figure class=\"wp-block-image size-full\"><img src=\"https:\/\/www.jes-stuttgart.de\/wp-content\/uploads\/biddlejohn-v-jorge-lizalde.jpg\" alt=\"\" class=\"wp-image-12733\"\/><figcaption class=\"wp-element-caption\">Foto: Jorge Lizalde<\/figcaption><\/figure>\n<!-- \/wp:image -->\n\n<!-- wp:paragraph {\"fontSize\":\"medium\"} -->\n<p class=\"has-medium-font-size\">John is a composer and sound designer based in Leeds, England. After studying music, he worked as a classical singer in London for several years, performing as a soloist and with vocal ensembles on numerous concert tours, radio programmes and recordings and working with world-renowned composers such as Arvo P\u00e4rt, James MacMillan and John Tavener.<\/p>\n<!-- \/wp:paragraph -->\n\n<!-- wp:paragraph {\"fontSize\":\"medium\"} -->\n<p class=\"has-medium-font-size\">In the course of his studies, however, he also became interested in theatre and began working as an actor during this time. He has subsequently performed in theatres throughout the UK, including the Bush and Unicorn in London, the Sheffield Crucible and Royal Exchange in Manchester and The Traverse in Edinburgh, as well as in many dramas and plays for BBC Radio.<\/p>\n<!-- \/wp:paragraph -->\n\n<!-- wp:paragraph {\"fontSize\":\"medium\"} -->\n<p class=\"has-medium-font-size\">More recently he has returned to his first love: music. He composes for many theatre companies including Leeds Playhouse, National Theatre Wales, Sheffield Theatres, Conde Duque in Madrid and LA Theatre Works in California as well as for radio and podcast projects including the award-winning \u2018Dead Honest\u2019 podcast and \u2018Discover Your Inner Astronaut\u2019 for BBC Studios (forthcoming). He is excited to be working at JES and hopes to improve his German language skills from his school days.<\/p>\n<!-- \/wp:paragraph -->\n\n<!-- wp:paragraph {\"fontSize\":\"medium\"} -->\n<p class=\"has-medium-font-size\"><br><a href=\"http:\/\/johnbiddlemusic.co.uk\" data-type=\"URL\" data-id=\"johnbiddlemusic.co.uk\">johnbiddlemusic.co.uk<\/a><\/p>\n<!-- \/wp:paragraph -->","post_title":"John Biddle","post_excerpt":"","post_status":"publish","comment_status":"closed","ping_status":"closed","post_password":"","post_name":"john-biddle","to_ping":"","pinged":"","post_modified":"2024-10-23 10:32:43","post_modified_gmt":"2024-10-23 08:32:43","post_content_filtered":"","post_parent":0,"guid":"https:\/\/www.jes-stuttgart.de\/person\/john-biddle\/","menu_order":111,"post_type":"person","post_mime_type":"","comment_count":"0","filter":"raw"},{"ID":19920,"post_author":"13","post_date":"2023-07-25 16:13:37","post_date_gmt":"2023-07-25 14:13:37","post_content":"<!-- wp:image {\"id\":12742,\"sizeSlug\":\"large\",\"linkDestination\":\"none\"} -->\n<figure class=\"wp-block-image size-large\"><img src=\"https:\/\/www.jes-stuttgart.de\/wp-content\/uploads\/laurence-cook-v-christian-and-amelia-masters-1901x2560.jpeg\" alt=\"\" class=\"wp-image-12742\"\/><figcaption class=\"wp-element-caption\">Foto: Amelia Masters<\/figcaption><\/figure>\n<!-- \/wp:image -->\n\n<!-- wp:paragraph {\"placeholder\":\"Lorem ipsum dolor sit amet, consetetur sadipscing elitr, sed diam nonumy eirmod tempor invidunt ut labore et dolore magna aliquyam erat, sed diam voluptua. At vero eos et accusam et justo duo dolores et ea rebum. Stet clita kasd gubergren, no sea takimata sanctus est Lorem ipsum dolor sit amet. Lorem ipsum dolor sit amet, consetetur sadipscing elitr, sed diam nonumy eirmod tempor invidunt ut labore et dolore magna aliquyam erat, sed diam voluptua. At vero eos et accusam et justo duo dolores et ea rebum. Stet clita kasd gubergren, no sea takimata sanctus est Lorem ipsum dolor sit amet.\",\"lock\":{\"move\":true,\"remove\":false},\"fontSize\":\"medium\"} -->\n<p class=\"has-medium-font-size\">Laurence Cook is a dramaturge, theatre maker and audio producer based in Scotland. His current work includes \u2018Drive Your Plough Over The Bones Of The Dead\u2019 by Complicit\u00e9, an adaptation of the novel by Nobel Prize winner Olga Tokarczuk. \u2018Land Behind the Curtain\u2019 is his fourth theatre production with Josie Dale-Jones. Previous collaborations include the multi-award-winning shows \u2018Dressed\u2019, \u2018Mother Earth\u2019 and \u2018The Family Sex Show\u2019.\u00a0 Selected other works include: \u2018WE WANT YOU TO WATCH\u2019 - National Theatre and RashDash, \u2018The Broken Heart\u2019 - Shakespeare's Globe, \u2018Ages\u2019 - Old Vic New Voices.<\/p>\n<!-- \/wp:paragraph -->\n\n<!-- wp:paragraph {\"placeholder\":\"Lorem ipsum dolor sit amet, consetetur sadipscing elitr, sed diam nonumy eirmod tempor invidunt ut labore et dolore magna aliquyam erat, sed diam voluptua. At vero eos et accusam et justo duo dolores et ea rebum. Stet clita kasd gubergren, no sea takimata sanctus est Lorem ipsum dolor sit amet. Lorem ipsum dolor sit amet, consetetur sadipscing elitr, sed diam nonumy eirmod tempor invidunt ut labore et dolore magna aliquyam erat, sed diam voluptua. At vero eos et accusam et justo duo dolores et ea rebum. Stet clita kasd gubergren, no sea takimata sanctus est Lorem ipsum dolor sit amet.\",\"lock\":{\"move\":true,\"remove\":false},\"fontSize\":\"medium\"} -->\n<p class=\"has-medium-font-size\"><\/p>\n<!-- \/wp:paragraph -->","post_title":"Laurence Cook","post_excerpt":"","post_status":"publish","comment_status":"closed","ping_status":"closed","post_password":"","post_name":"laurence-cook","to_ping":"","pinged":"","post_modified":"2024-10-23 14:43:51","post_modified_gmt":"2024-10-23 12:43:51","post_content_filtered":"","post_parent":0,"guid":"https:\/\/www.jes-stuttgart.de\/person\/laurence-cook\/","menu_order":107,"post_type":"person","post_mime_type":"","comment_count":"0","filter":"raw"},{"ID":19926,"post_author":"13","post_date":"2023-07-25 16:13:14","post_date_gmt":"2023-07-25 14:13:14","post_content":"<!-- wp:image {\"id\":12745,\"sizeSlug\":\"full\",\"linkDestination\":\"none\"} -->\n<figure class=\"wp-block-image size-full\"><img src=\"https:\/\/www.jes-stuttgart.de\/wp-content\/uploads\/josie-dale-jones-v-lydia-higginsondocx.jpg\" alt=\"\" class=\"wp-image-12745\"\/><figcaption class=\"wp-element-caption\">Foto: Lydia Higginson<\/figcaption><\/figure>\n<!-- \/wp:image -->\n\n<!-- wp:paragraph {\"fontSize\":\"medium\"} -->\n<p class=\"has-medium-font-size\">Josie Dale-Jones is a theatre maker, producer and performer. Josie works primarily as ThisEgg. Theatre Royal Bath selected Josie as the Leverhulme Arts Scholar 2019. She has been nominated as a finalist for the Arts Foundation Theatre-Makers Award 2021. She was recently commissioned by Arts Council England and BBC Culture in Quarantine and completed a remote residency as a director for the British Council's Taking the Stage residency programme in Ukraine. She has continued to work on the project \u2018Are you there? We are here...\u2019 as part of the British Council's UK-Ukraine season with The Albany.<\/p>\n<!-- \/wp:paragraph -->\n\n<!-- wp:paragraph {\"fontSize\":\"medium\"} -->\n<p class=\"has-medium-font-size\">ThisEgg is Josie, who produces shows and theatre performances herself and creates and performs with many other artists. ThisEgg makes theatre that plays with theatrical forms and celebrates the here and now of a live event. In response to the world we live in, ThisEgg invites the audience to imagine a potentially better future. ThisEgg's work is firmly rooted in the hope that theatre can be a motivating force for social change. Josie is currently a project producer with Complicit\u00e9, an international touring theatre company based in London.<\/p>\n<!-- \/wp:paragraph -->","post_title":"Josie Dale-Jones","post_excerpt":"","post_status":"publish","comment_status":"closed","ping_status":"closed","post_password":"","post_name":"josie-dale-jones","to_ping":"","pinged":"","post_modified":"2024-10-23 14:49:48","post_modified_gmt":"2024-10-23 12:49:48","post_content_filtered":"","post_parent":0,"guid":"https:\/\/www.jes-stuttgart.de\/person\/josie-dale-jones\/","menu_order":105,"post_type":"person","post_mime_type":"","comment_count":"0","filter":"raw"},{"ID":20133,"post_author":"13","post_date":"2023-07-25 16:12:03","post_date_gmt":"2023-07-25 14:12:03","post_content":"<!-- wp:image {\"id\":12761,\"sizeSlug\":\"large\",\"linkDestination\":\"none\"} -->\n<figure class=\"wp-block-image size-large\"><img src=\"https:\/\/www.jes-stuttgart.de\/wp-content\/uploads\/aron-keleta-v-theresa-mussmacher-2560x1707.jpg\" alt=\"\" class=\"wp-image-12761\"\/><figcaption class=\"wp-element-caption\">Foto: Theresa Mu\u00dfmacher<\/figcaption><\/figure>\n<!-- \/wp:image -->\n\n<!-- wp:paragraph {\"placeholder\":\"Lorem ipsum dolor sit amet, consetetur sadipscing elitr, sed diam nonumy eirmod tempor invidunt ut labore et dolore magna aliquyam erat, sed diam voluptua. At vero eos et accusam et justo duo dolores et ea rebum. Stet clita kasd gubergren, no sea takimata sanctus est Lorem ipsum dolor sit amet. Lorem ipsum dolor sit amet, consetetur sadipscing elitr, sed diam nonumy eirmod tempor invidunt ut labore et dolore magna aliquyam erat, sed diam voluptua. At vero eos et accusam et justo duo dolores et ea rebum. Stet clita kasd gubergren, no sea takimata sanctus est Lorem ipsum dolor sit amet.\",\"lock\":{\"move\":true,\"remove\":false},\"fontSize\":\"medium\"} -->\n<p class=\"has-medium-font-size\">I was born on March 3<sup>rd<\/sup>, 1987, in D\u00fcsseldorf and graduated from high school in 2007. I then studied acting at the Academy of Performing Arts in Ulm. During my studies, I was able to gain stage experience at the Academy Theatre in productions such as \u2018Die R\u00e4uber\u2019, \u2018Penthesilea\u2019, \u2018Diener zweier Herren\u2019, \u2018Don Carlos\u2019 and many more. After graduating in 2011, I worked at G\u00e4rtnerplatztheater Munich, Stadttheater Klagenfurt am W\u00f6rthersee and Theaterhaus Stuttgart, among others, before I was permanently employed at the Theaterhaus in 2013. From 2013-2019, I played Dris in \u2018Ziemlich beste Freunde\u2019 , Maik in \u2018Tschick\u2019, and had roles in \u2018Was hei\u00dft hier Liebe\u2019, \u2018Dirty Dishes\u2019 and \u2018Zeit der Kannibalen\u2019, among others. I've been freelancing since 2019. My last role was Romea in \u2018Romeo &amp; Juliet\u2019 at Tri-b\u00fchne Stuttgart.<\/p>\n<!-- \/wp:paragraph -->","post_title":"Aron Keleta","post_excerpt":"","post_status":"publish","comment_status":"closed","ping_status":"closed","post_password":"","post_name":"aron-keleta","to_ping":"","pinged":"","post_modified":"2024-10-24 10:50:34","post_modified_gmt":"2024-10-24 08:50:34","post_content_filtered":"","post_parent":0,"guid":"https:\/\/www.jes-stuttgart.de\/person\/aron-keleta\/","menu_order":98,"post_type":"person","post_mime_type":"","comment_count":"0","filter":"raw"},{"ID":20145,"post_author":"13","post_date":"2023-07-25 16:11:00","post_date_gmt":"2023-07-25 14:11:00","post_content":"<!-- wp:image {\"id\":12773,\"sizeSlug\":\"full\",\"linkDestination\":\"none\"} -->\n<figure class=\"wp-block-image size-full\"><img src=\"https:\/\/www.jes-stuttgart.de\/wp-content\/uploads\/philipp-nicolai-v-privat.jpg\" alt=\"\" class=\"wp-image-12773\"\/><figcaption class=\"wp-element-caption\">Foto: Philipp Nicolai<\/figcaption><\/figure>\n<!-- \/wp:image -->\n\n<!-- wp:paragraph {\"fontSize\":\"medium\"} -->\n<p class=\"has-medium-font-size\">After studying stage design at the Hochschule f\u00fcr Bildende K\u00fcnste in Hamburg, Philipp Nicolai worked as an assistant stage designer at Schauspielhaus Hannover from 2004 to 2006. From 2007 to 2009 he was employed there as a permanent set designer, during which time he worked with Ruedi H\u00e4usermann, Marco \u0160torman, Marc Pr\u00e4tsch, Peter Kastenm\u00fcller and others.<\/p>\n<!-- \/wp:paragraph -->\n\n<!-- wp:paragraph {\"fontSize\":\"medium\"} -->\n<p class=\"has-medium-font-size\">Since 2009 he has worked as a freelance stage and costume designer in Dresden, Hanover, Hamburg, Stuttgart and elsewhere, including with directors Dominik von Gunten, Schirin Khodadadian and Brigitte Dethier.<\/p>\n<!-- \/wp:paragraph -->","post_title":"Philipp Nicolai","post_excerpt":"","post_status":"publish","comment_status":"closed","ping_status":"closed","post_password":"","post_name":"philipp-nicolai","to_ping":"","pinged":"","post_modified":"2024-10-24 12:00:25","post_modified_gmt":"2024-10-24 10:00:25","post_content_filtered":"","post_parent":0,"guid":"https:\/\/www.jes-stuttgart.de\/person\/philipp-nicolai\/","menu_order":94,"post_type":"person","post_mime_type":"","comment_count":"0","filter":"raw"},{"ID":20157,"post_author":"13","post_date":"2023-07-25 16:10:33","post_date_gmt":"2023-07-25 14:10:33","post_content":"<!-- wp:image {\"id\":12779,\"sizeSlug\":\"full\",\"linkDestination\":\"none\"} -->\n<figure class=\"wp-block-image size-full\"><img src=\"https:\/\/www.jes-stuttgart.de\/wp-content\/uploads\/katherina-sattler-v-privat.jpg\" alt=\"\" class=\"wp-image-12779\"\/><figcaption class=\"wp-element-caption\">Foto: Katherina Sattler<\/figcaption><\/figure>\n<!-- \/wp:image -->\n\n<!-- wp:paragraph {\"fontSize\":\"medium\"} -->\n<p class=\"has-medium-font-size\"><a href=\"https:\/\/www.jes-stuttgart.de\/personen\/#collapsible-person-12778\"><\/a><\/p>\n<!-- \/wp:paragraph -->\n\n<!-- wp:paragraph {\"fontSize\":\"normal\"} -->\n<p class=\"has-normal-font-size\"><a href=\"https:\/\/www.jes-stuttgart.de\/personen\/#collapsible-person-12778\">Guest<\/a><\/p>\n<!-- \/wp:paragraph -->\n\n<!-- wp:paragraph {\"fontSize\":\"normal\"} -->\n<p class=\"has-normal-font-size\">Katherina Sattler, born in 1991, gained formative theatre experience from an early age (e.g. as a green goblin \u2013 a crazy experience) and decided to make a career out of acting when she grew up. Since graduating from the HfS Ernst Busch in Berlin and the \u00c9cole Philippe Gaulier in Paris, she has performed at various theatres in Berlin (Schaub\u00fchne\/Staatsoper\/Parkaue), Hamburg (JungesSchauSpielHaus), Hanover (Staatstheater) and Groningen\/the Netherlands (NITE production\/Club Guy&amp;Roni), collecting minor prizes and a nomination for the FAUST PRIZE along the way.<\/p>\n<!-- \/wp:paragraph -->\n\n<!-- wp:paragraph {\"fontSize\":\"normal\"} -->\n<p class=\"has-normal-font-size\">She is also very interested in singing and bodywork by the way.<\/p>\n<!-- \/wp:paragraph -->\n\n<!-- wp:paragraph {\"fontSize\":\"normal\"} -->\n<p class=\"has-normal-font-size\"><\/p>\n<!-- \/wp:paragraph -->\n\n<!-- wp:paragraph -->\n<p><\/p>\n<!-- \/wp:paragraph -->","post_title":"Katherina Sattler","post_excerpt":"","post_status":"publish","comment_status":"closed","ping_status":"closed","post_password":"","post_name":"katherina-sattler","to_ping":"","pinged":"","post_modified":"2024-10-23 15:33:30","post_modified_gmt":"2024-10-23 13:33:30","post_content_filtered":"","post_parent":0,"guid":"https:\/\/www.jes-stuttgart.de\/person\/katherina-sattler\/","menu_order":90,"post_type":"person","post_mime_type":"","comment_count":"0","filter":"raw"},{"ID":5273,"post_author":"13","post_date":"2022-07-07 16:12:38","post_date_gmt":"2022-07-07 14:12:38","post_content":"<!-- wp:image {\"id\":1246,\"sizeSlug\":\"full\",\"linkDestination\":\"none\"} -->\n<figure class=\"wp-block-image size-full\"><img src=\"https:\/\/www.jes-stuttgart.de\/wp-content\/uploads\/jsn3874-edited.jpg\" alt=\"\" class=\"wp-image-1246\"\/><\/figure>\n<!-- \/wp:image -->\n\n<!-- wp:paragraph {\"placeholder\":\"Lorem ipsum dolor sit amet, consetetur sadipscing elitr, sed diam nonumy eirmod tempor invidunt ut labore et dolore magna aliquyam erat, sed diam voluptua. At vero eos et accusam et justo duo dolores et ea rebum. Stet clita kasd gubergren, no sea takimata sanctus est Lorem ipsum dolor sit amet. Lorem ipsum dolor sit amet, consetetur sadipscing elitr, sed diam nonumy eirmod tempor invidunt ut labore et dolore magna aliquyam erat, sed diam voluptua. At vero eos et accusam et justo duo dolores et ea rebum. Stet clita kasd gubergren, no sea takimata sanctus est Lorem ipsum dolor sit amet.\",\"lock\":{\"move\":true,\"remove\":false},\"fontSize\":\"medium\"} -->\n<p class=\"has-medium-font-size\">EDUCATION<br>I was born in Munich in 1995. I have always been interested in artistic creation and first graduated from a specialised secondary school for design before completing my training as an actress in 2022.<\/p>\n<!-- \/wp:paragraph -->\n\n<!-- wp:paragraph {\"fontSize\":\"medium\"} -->\n<p class=\"has-medium-font-size\">ELSEWHERE<\/p>\n<!-- \/wp:paragraph -->\n\n<!-- wp:paragraph {\"fontSize\":\"medium\"} -->\n<p class=\"has-medium-font-size\">In Munich, I took part in several independent theatre productions (mainly in the field of commedia dell'arte) and was part of Yorick's Company at the FestSpielHaus M\u00fcnchen.<\/p>\n<!-- \/wp:paragraph -->\n\n<!-- wp:paragraph {\"fontSize\":\"medium\"} -->\n<p class=\"has-medium-font-size\">JES! AND ME<\/p>\n<!-- \/wp:paragraph -->\n\n<!-- wp:paragraph {\"placeholder\":\"Lorem ipsum dolor sit amet, consetetur sadipscing elitr, sed diam nonumy eirmod tempor invidunt ut labore et dolore magna aliquyam erat, sed diam voluptua. At vero eos et accusam et justo duo dolores et ea rebum. Stet clita kasd gubergren, no sea takimata sanctus est Lorem ipsum dolor sit amet. Lorem ipsum dolor sit amet, consetetur sadipscing elitr, sed diam nonumy eirmod tempor invidunt ut labore et dolore magna aliquyam erat, sed diam voluptua. At vero eos et accusam et justo duo dolores et ea rebum. Stet clita kasd gubergren, no sea takimata sanctus est Lorem ipsum dolor sit amet.\",\"lock\":{\"move\":true,\"remove\":false},\"fontSize\":\"medium\"} -->\n<p class=\"has-medium-font-size\">In September 2022 I moved to Stuttgart and am now part of the permanent ensemble at JES.<\/p>\n<!-- \/wp:paragraph -->","post_title":"Lola Merz Robinson (none\/they)","post_excerpt":"","post_status":"publish","comment_status":"closed","ping_status":"closed","post_password":"","post_name":"lola-merz-robinson","to_ping":"","pinged":"","post_modified":"2024-10-24 12:12:25","post_modified_gmt":"2024-10-24 10:12:25","post_content_filtered":"","post_parent":0,"guid":"https:\/\/www.jes-stuttgart.de\/person\/lola-merz-robinson\/","menu_order":234,"post_type":"person","post_mime_type":"","comment_count":"0","filter":"raw"},{"ID":5288,"post_author":"13","post_date":"2022-07-07 16:24:59","post_date_gmt":"2022-07-07 14:24:59","post_content":"<!-- wp:image {\"id\":1232,\"sizeSlug\":\"full\",\"linkDestination\":\"none\"} -->\n<figure class=\"wp-block-image size-full\"><img src=\"https:\/\/www.jes-stuttgart.de\/wp-content\/uploads\/jsn3716-bearbeitet-edited.jpg\" alt=\"\" class=\"wp-image-1232\"\/><\/figure>\n<!-- \/wp:image -->\n\n<!-- wp:paragraph {\"style\":{\"typography\":{\"textTransform\":\"uppercase\"}},\"fontSize\":\"normal\"} -->\n<p class=\"has-normal-font-size\" style=\"text-transform:uppercase\"><a href=\"https:\/\/www.jes-stuttgart.de\/personen\/#collapsible-person-569\"><\/a><\/p>\n<!-- \/wp:paragraph -->\n\n<!-- wp:paragraph {\"fontSize\":\"normal\"} -->\n<p class=\"has-normal-font-size\"><\/p>\n<!-- \/wp:paragraph -->\n\n<!-- wp:paragraph {\"fontSize\":\"medium\"} -->\n<p class=\"has-medium-font-size\">Education<\/p>\n<!-- \/wp:paragraph -->\n\n<!-- wp:paragraph {\"fontSize\":\"medium\"} -->\n<p class=\"has-medium-font-size\">I was born in Switzerland in 1996 and gained my first stage experience as a singer in the band EVEN YOU there. I toured with the band for four years. After a year of musical theatre training in Lucerne, I moved to Munich to study acting at August Everding Theatre Academy.<\/p>\n<!-- \/wp:paragraph -->\n\n<!-- wp:paragraph {\"fontSize\":\"medium\"} -->\n<p class=\"has-medium-font-size\">Elsewhere<br>In the 2021\/22 season, I performed in the play \u2018Stolz und Vorurteil*(*oder so)\u2019 at the Staatstheater N\u00fcrnberg for a year and was on stage in Munich with \u2018RAGE\u2019.<\/p>\n<!-- \/wp:paragraph -->\n\n<!-- wp:paragraph {\"fontSize\":\"medium\"} -->\n<p class=\"has-medium-font-size\">JES! and me<\/p>\n<!-- \/wp:paragraph -->\n\n<!-- wp:paragraph {\"fontSize\":\"medium\"} -->\n<p class=\"has-medium-font-size\">I have been a fixed ensemble member at Junges Ensemble Stuttgart since September 2022.<\/p>\n<!-- \/wp:paragraph -->\n\n<!-- wp:paragraph {\"fontSize\":\"medium\"} -->\n<p class=\"has-medium-font-size\"><\/p>\n<!-- \/wp:paragraph -->\n\n<!-- wp:paragraph -->\n<p><\/p>\n<!-- \/wp:paragraph -->","post_title":"Estelle Schmidlin (she\/her)","post_excerpt":"","post_status":"publish","comment_status":"closed","ping_status":"closed","post_password":"","post_name":"estelle-schmidlin","to_ping":"","pinged":"","post_modified":"2024-10-29 12:27:01","post_modified_gmt":"2024-10-29 11:27:01","post_content_filtered":"","post_parent":0,"guid":"https:\/\/www.jes-stuttgart.de\/person\/estelle-schmidlin\/","menu_order":217,"post_type":"person","post_mime_type":"","comment_count":"0","filter":"raw"},{"ID":5284,"post_author":"2","post_date":"2022-07-07 16:10:29","post_date_gmt":"2022-07-07 14:10:29","post_content":"<!-- wp:image {\"id\":1186,\"sizeSlug\":\"full\",\"linkDestination\":\"none\"} -->\n<figure class=\"wp-block-image size-full\"><img src=\"https:\/\/www.jes-stuttgart.de\/wp-content\/uploads\/jsn4063.jpg\" alt=\"\" class=\"wp-image-1186\"\/><\/figure>\n<!-- \/wp:image -->\n\n<!-- wp:paragraph {\"style\":{\"typography\":{\"textTransform\":\"uppercase\"}},\"fontSize\":\"normal\"} -->\n<p class=\"has-normal-font-size\" style=\"text-transform:uppercase\">Education<\/p>\n<!-- \/wp:paragraph -->\n\n<!-- wp:paragraph {\"fontSize\":\"medium\"} -->\n<p class=\"has-medium-font-size\">I was born in 1966. Before I completed my training as an actor at the Spielstatt Ulm (1989 to 1993), I gained my first theatre experience at the theatre in the Altstadthof in my hometown of Nuremberg.<\/p>\n<!-- \/wp:paragraph -->\n\n<!-- wp:spacer {\"height\":\"20px\"} -->\n<div style=\"height:20px\" aria-hidden=\"true\" class=\"wp-block-spacer\"><\/div>\n<!-- \/wp:spacer -->\n\n<!-- wp:paragraph {\"style\":{\"typography\":{\"textTransform\":\"uppercase\"}},\"fontSize\":\"normal\"} -->\n<p class=\"has-normal-font-size\" style=\"text-transform:uppercase\">Elsewhere<\/p>\n<!-- \/wp:paragraph -->\n\n<!-- wp:paragraph {\"fontSize\":\"medium\"} -->\n<p class=\"has-medium-font-size\">Afterwards I worke at Schnawwl, the children\u2019s and youth theatre at the Nationaltheater Mannheim (1993 to 1996), and at Junges Theater Z\u00fcrich (1996\/97). From 1998 to 2004 I worked at the Children\u2019s and Youth Theatre of the Landestheater T\u00fcbingen.<\/p>\n<!-- \/wp:paragraph -->\n\n<!-- wp:spacer {\"height\":\"20px\"} -->\n<div style=\"height:20px\" aria-hidden=\"true\" class=\"wp-block-spacer\"><\/div>\n<!-- \/wp:spacer -->\n\n<!-- wp:paragraph {\"style\":{\"typography\":{\"textTransform\":\"uppercase\"}},\"fontSize\":\"normal\"} -->\n<p class=\"has-normal-font-size\" style=\"text-transform:uppercase\">JES! and me<\/p>\n<!-- \/wp:paragraph -->\n\n<!-- wp:paragraph {\"fontSize\":\"medium\"} -->\n<p class=\"has-medium-font-size\">I became part of Junges Ensemble Stuttgart in 2004.<\/p>\n<!-- \/wp:paragraph -->","post_title":"Gerd Ritter","post_excerpt":"","post_status":"publish","comment_status":"closed","ping_status":"closed","post_password":"","post_name":"gerd-ritter","to_ping":"","pinged":"","post_modified":"2022-08-18 15:46:48","post_modified_gmt":"2022-08-18 13:46:48","post_content_filtered":"","post_parent":0,"guid":"https:\/\/www.jes-stuttgart.de\/person\/gerd-ritter\/","menu_order":238,"post_type":"person","post_mime_type":"","comment_count":"0","filter":"raw"},{"ID":5266,"post_author":"13","post_date":"2022-07-20 20:27:10","post_date_gmt":"2022-07-20 18:27:10","post_content":"<!-- wp:image {\"id\":1909,\"sizeSlug\":\"full\",\"linkDestination\":\"none\"} -->\n<figure class=\"wp-block-image size-full\"><img src=\"https:\/\/www.jes-stuttgart.de\/wp-content\/uploads\/jankeller.jpg\" alt=\"\" class=\"wp-image-1909\"\/><\/figure>\n<!-- \/wp:image -->\n\n<!-- wp:paragraph {\"placeholder\":\"Lorem ipsum dolor sit amet, consetetur sadipscing elitr, sed diam nonumy eirmod tempor invidunt ut labore et dolore magna aliquyam erat, sed diam voluptua. At vero eos et accusam et justo duo dolores et ea rebum. Stet clita kasd gubergren, no sea takimata sanctus est Lorem ipsum dolor sit amet. Lorem ipsum dolor sit amet, consetetur sadipscing elitr, sed diam nonumy eirmod tempor invidunt ut labore et dolore magna aliquyam erat, sed diam voluptua. At vero eos et accusam et justo duo dolores et ea rebum. Stet clita kasd gubergren, no sea takimata sanctus est Lorem ipsum dolor sit amet.\",\"lock\":{\"move\":true,\"remove\":false},\"fontSize\":\"medium\"} -->\n<p class=\"has-medium-font-size\">works in the JES technical team. He has been deputy technical director since the 2019\/20 season.<\/p>\n<!-- \/wp:paragraph -->\n\n<!-- wp:paragraph -->\n<p><\/p>\n<!-- \/wp:paragraph -->\n\n<!-- wp:paragraph {\"fontSize\":\"normal\"} -->\n<p class=\"has-normal-font-size\">CONTACT<\/p>\n<!-- \/wp:paragraph -->\n\n<!-- wp:paragraph {\"fontSize\":\"medium\"} -->\n<p class=\"has-medium-font-size\"><a href=\"mailto:technik@jes-stuttgart.de\">technik@jes-stuttgart.de<\/a><\/p>\n<!-- \/wp:paragraph -->","post_title":"Jan Keller (he\/him)","post_excerpt":"","post_status":"publish","comment_status":"closed","ping_status":"closed","post_password":"","post_name":"jan-keller","to_ping":"","pinged":"","post_modified":"2024-10-24 10:53:03","post_modified_gmt":"2024-10-24 08:53:03","post_content_filtered":"","post_parent":0,"guid":"https:\/\/www.jes-stuttgart.de\/person\/jan-keller\/","menu_order":179,"post_type":"person","post_mime_type":"","comment_count":"0","filter":"raw"},{"ID":5242,"post_author":"13","post_date":"2022-07-20 19:23:54","post_date_gmt":"2022-07-20 17:23:54","post_content":"<!-- wp:image {\"id\":1907,\"sizeSlug\":\"full\",\"linkDestination\":\"none\"} -->\n<figure class=\"wp-block-image size-full\"><img src=\"https:\/\/www.jes-stuttgart.de\/wp-content\/uploads\/christianburkhardt.jpg\" alt=\"\" class=\"wp-image-1907\"\/><\/figure>\n<!-- \/wp:image -->\n\n<!-- wp:paragraph {\"style\":{\"typography\":{\"textTransform\":\"uppercase\"}},\"fontSize\":\"normal\"} -->\n<p class=\"has-normal-font-size\" style=\"text-transform:uppercase\">Education<\/p>\n<!-- \/wp:paragraph -->\n\n<!-- wp:paragraph {\"fontSize\":\"medium\"} -->\n<p class=\"has-medium-font-size\">I completed my vocational training as an event technician at Theater Heilbronn between 2007 and 2010.<\/p>\n<!-- \/wp:paragraph -->\n\n<!-- wp:paragraph {\"fontSize\":\"medium\"} -->\n<p class=\"has-medium-font-size\">Elsewhere<\/p>\n<!-- \/wp:paragraph -->\n\n<!-- wp:paragraph {\"fontSize\":\"medium\"} -->\n<p class=\"has-medium-font-size\">This was followed by work at the Junges Theater Bonn.<\/p>\n<!-- \/wp:paragraph -->\n\n<!-- wp:paragraph {\"fontSize\":\"medium\"} -->\n<p class=\"has-medium-font-size\">JES! and me<\/p>\n<!-- \/wp:paragraph -->\n\n<!-- wp:paragraph {\"fontSize\":\"medium\"} -->\n<p class=\"has-medium-font-size\">I have been working in the technical department at JES since March 2011.<\/p>\n<!-- \/wp:paragraph -->\n\n<!-- wp:paragraph {\"style\":{\"typography\":{\"textTransform\":\"uppercase\"}},\"fontSize\":\"normal\"} -->\n<p class=\"has-normal-font-size\" style=\"text-transform:uppercase\">CONTACT<\/p>\n<!-- \/wp:paragraph -->\n\n<!-- wp:paragraph {\"fontSize\":\"medium\"} -->\n<p class=\"has-medium-font-size\"><a href=\"mailto:technik@jes-stuttgart.de\">technik@jes-stuttgart.de<\/a><\/p>\n<!-- \/wp:paragraph -->","post_title":"Christian Burkhardt (he\/him)","post_excerpt":"","post_status":"publish","comment_status":"closed","ping_status":"closed","post_password":"","post_name":"christian-burkhardt","to_ping":"","pinged":"","post_modified":"2024-10-23 10:44:24","post_modified_gmt":"2024-10-23 08:44:24","post_content_filtered":"","post_parent":0,"guid":"https:\/\/www.jes-stuttgart.de\/person\/christian-burkhardt\/","menu_order":199,"post_type":"person","post_mime_type":"","comment_count":"0","filter":"raw"},{"ID":5275,"post_author":"13","post_date":"2022-07-20 20:50:16","post_date_gmt":"2022-07-20 18:50:16","post_content":"<!-- wp:image {\"id\":31693,\"sizeSlug\":\"full\",\"linkDestination\":\"none\"} -->\n<figure class=\"wp-block-image size-full\"><img src=\"https:\/\/www.jes-stuttgart.de\/wp-content\/uploads\/lee-bewerbungsfoto-levi-hammes.jpg\" alt=\"\" class=\"wp-image-31693\"\/><figcaption class=\"wp-element-caption\">Foto: Levi Hammes<\/figcaption><\/figure>\n<!-- \/wp:image -->\n\n<!-- wp:paragraph {\"style\":{\"typography\":{\"textTransform\":\"uppercase\"}},\"fontSize\":\"normal\"} -->\n<p class=\"has-normal-font-size\" style=\"text-transform:uppercase\">Education<\/p>\n<!-- \/wp:paragraph -->\n\n<!-- wp:paragraph {\"fontSize\":\"medium\"} -->\n<p class=\"has-medium-font-size\">I was born in Wuppertal in 2003 and grew up in Stuttgart. I graduated from high school in Stuttgart in spring 2021.<\/p>\n<!-- \/wp:paragraph -->\n\n<!-- wp:spacer {\"height\":\"20px\"} -->\n<div style=\"height:20px\" aria-hidden=\"true\" class=\"wp-block-spacer\"><\/div>\n<!-- \/wp:spacer -->\n\n<!-- wp:paragraph {\"style\":{\"typography\":{\"textTransform\":\"uppercase\"}},\"fontSize\":\"normal\"} -->\n<p class=\"has-normal-font-size\" style=\"text-transform:uppercase\">JES! And Me<\/p>\n<!-- \/wp:paragraph -->\n\n<!-- wp:paragraph {\"fontSize\":\"medium\"} -->\n<p class=\"has-medium-font-size\">JES has been a part of my life since I was eight years old. As a child and teenager, I participated in numerous play clubs and was part of the productions \u201cR.E.S.P.E.C.T.\u201d from 2017 to 2019 and \u201cIdentity\u201d from 2019 to 2020.<br>In autumn 2021, I did my first assistant directing at JES for the production \u201cArchive der K\u00f6rper\u201d and have been permanently engaged as an assistant director since the 2022\/23 season, starting with the production \u201cHier ist noch alles m\u00f6glich\u201d.<\/p>\n<!-- \/wp:paragraph -->\n\n<!-- wp:spacer {\"height\":\"20px\"} -->\n<div style=\"height:20px\" aria-hidden=\"true\" class=\"wp-block-spacer\"><\/div>\n<!-- \/wp:spacer -->","post_title":"Lee M\u00fclders","post_excerpt":"","post_status":"publish","comment_status":"closed","ping_status":"closed","post_password":"","post_name":"lee-muelders","to_ping":"","pinged":"","post_modified":"2026-01-19 14:05:28","post_modified_gmt":"2026-01-19 13:05:28","post_content_filtered":"","post_parent":0,"guid":"https:\/\/www.jes-stuttgart.de\/person\/lee-muelders\/","menu_order":173,"post_type":"person","post_mime_type":"","comment_count":"0","filter":"raw"}]},"_links":{"self":[{"href":"https:\/\/www.jes-stuttgart.de\/en\/wp-json\/wp\/v2\/posts\/12702","targetHints":{"allow":["GET"]}}],"collection":[{"href":"https:\/\/www.jes-stuttgart.de\/en\/wp-json\/wp\/v2\/posts"}],"about":[{"href":"https:\/\/www.jes-stuttgart.de\/en\/wp-json\/wp\/v2\/types\/post"}],"author":[{"embeddable":true,"href":"https:\/\/www.jes-stuttgart.de\/en\/wp-json\/wp\/v2\/users\/13"}],"replies":[{"embeddable":true,"href":"https:\/\/www.jes-stuttgart.de\/en\/wp-json\/wp\/v2\/comments?post=12702"}],"version-history":[{"count":12,"href":"https:\/\/www.jes-stuttgart.de\/en\/wp-json\/wp\/v2\/posts\/12702\/revisions"}],"predecessor-version":[{"id":23228,"href":"https:\/\/www.jes-stuttgart.de\/en\/wp-json\/wp\/v2\/posts\/12702\/revisions\/23228"}],"wp:featuredmedia":[{"embeddable":true,"href":"https:\/\/www.jes-stuttgart.de\/en\/wp-json\/wp\/v2\/media\/15327"}],"wp:attachment":[{"href":"https:\/\/www.jes-stuttgart.de\/en\/wp-json\/wp\/v2\/media?parent=12702"}],"wp:term":[{"taxonomy":"category","embeddable":true,"href":"https:\/\/www.jes-stuttgart.de\/en\/wp-json\/wp\/v2\/categories?post=12702"},{"taxonomy":"post_tag","embeddable":true,"href":"https:\/\/www.jes-stuttgart.de\/en\/wp-json\/wp\/v2\/tags?post=12702"},{"taxonomy":"age","embeddable":true,"href":"https:\/\/www.jes-stuttgart.de\/en\/wp-json\/wp\/v2\/age?post=12702"}],"curies":[{"name":"wp","href":"https:\/\/api.w.org\/{rel}","templated":true}]}}