{"id":23960,"date":"2024-07-18T14:04:08","date_gmt":"2024-07-18T12:04:08","guid":{"rendered":"https:\/\/www.jes-stuttgart.de\/?p=23960"},"modified":"2025-02-21T11:34:46","modified_gmt":"2025-02-21T10:34:46","slug":"blutbuch","status":"publish","type":"post","link":"https:\/\/www.jes-stuttgart.de\/en\/blutbuch\/","title":{"rendered":"Blutbuch"},"content":{"rendered":"<div  class=\"wp-block-subtitle is-relative\"><p>Based on the novel by Kim de l&#8217;Horizon<\/p><\/div>\n\n\n<div style=\"height:20px\" aria-hidden=\"true\" class=\"wp-block-spacer\"><\/div>\n\n\n\n<p class=\"has-primary-3-color has-text-color has-link-color has-medium-font-size wp-elements-b4dc8bc38a51ce514e6a902ee028c910\">PREMIERE: 23.05.2025<\/p>\n\n\n\n<div style=\"height:20px\" aria-hidden=\"true\" class=\"wp-block-spacer\"><\/div>\n\n\n\n<div class=\"wp-block-pb-accordion-item c-accordion__item js-accordion-item no-js is-style-colored-bg-primary2\" data-initially-open=\"false\" data-click-to-close=\"true\" data-auto-close=\"true\" data-scroll=\"false\" data-scroll-offset=\"0\"><h2 id=\"at-239600\" class=\"c-accordion__title js-accordion-controller\" role=\"button\"><strong>Content<\/strong><\/h2><div id=\"ac-239600\" class=\"c-accordion__content\">\n<p class=\"has-medium-font-size\">Kim de l&#8217;Horizon&#8217;s multi-award-winning debut novel is the starting point for this theatre piece. \u2018Blutbuch\u2019 is a collection of memories of things that seemed important to our ancestors, an honest struggle with a binary present and a tender dream of a place where everything could be different. This JES production invites you into a garden. The kind of garden we dream of: a place where we actually meet, where we can listen to each other honestly, argue relentlessly and rewrite stories.<br><br>The novel serves as a source of inspiration, a collection of texts and a centre for our own search about imprinting, anger, queerness and family.<br><br>schaefersphilippen\u2122, Theater und Medien GbR, K\u00f6ln.<\/p>\n<\/div><\/div>\n\n\n\n<div style=\"height:20px\" aria-hidden=\"true\" class=\"wp-block-spacer\"><\/div>\n\n\n\n<p class=\"has-medium-font-size\">15+, grades 10 and up<br>Prices: Children\/young people \u20ac7.00, adults \u20ac14.00<br>Venue: Rehearsal stage (capacity 60 seats)<\/p>\n\n\n\n<p><\/p>\n","protected":false},"excerpt":{"rendered":"<p>PREMIERE: 23.05.2025 15+, grades 10 and upPrices: Children\/young people \u20ac7.00, adults \u20ac14.00Venue: Rehearsal stage (capacity 60 seats)<\/p>\n","protected":false},"author":13,"featured_media":28191,"comment_status":"closed","ping_status":"closed","sticky":false,"template":"","format":"standard","meta":{"_acf_changed":false,"inline_featured_image":false,"footnotes":""},"categories":[2,1],"tags":[],"age":[140,139],"class_list":["post-23960","post","type-post","status-publish","format-standard","has-post-thumbnail","hentry","category-uncategorized","category-unkategorisiert","age-grades-10-and-up","age-high-school"],"acf":{"bgcolor":"yellow","play_title_calender":"Blutbuch","dates":[{"date":"25.01.2023 19:00:00","date_availability":true,"date_cancelled":false,"date_info":""},{"date":"26.01.2023 19:00:00","date_availability":true,"date_cancelled":false,"date_info":""},{"date":"27.01.2023 11:00:00","date_availability":true,"date_cancelled":false,"date_info":""},{"date":"28.01.2023 19:00:00","date_availability":true,"date_cancelled":false,"date_info":""},{"date":"30.01.2023 19:00:00","date_availability":true,"date_cancelled":false,"date_info":""},{"date":"31.01.2023 11:00:00","date_availability":true,"date_cancelled":false,"date_info":""}],"dates_no_link_info":false,"cast":[{"cast_position":"Mit","cast_person":[{"ID":5273,"post_author":"13","post_date":"2022-07-07 16:12:38","post_date_gmt":"2022-07-07 14:12:38","post_content":"<!-- wp:image {\"id\":1246,\"sizeSlug\":\"full\",\"linkDestination\":\"none\"} -->\n<figure class=\"wp-block-image size-full\"><img src=\"https:\/\/www.jes-stuttgart.de\/wp-content\/uploads\/jsn3874-edited.jpg\" alt=\"\" class=\"wp-image-1246\"\/><\/figure>\n<!-- \/wp:image -->\n\n<!-- wp:paragraph {\"placeholder\":\"Lorem ipsum dolor sit amet, consetetur sadipscing elitr, sed diam nonumy eirmod tempor invidunt ut labore et dolore magna aliquyam erat, sed diam voluptua. At vero eos et accusam et justo duo dolores et ea rebum. Stet clita kasd gubergren, no sea takimata sanctus est Lorem ipsum dolor sit amet. Lorem ipsum dolor sit amet, consetetur sadipscing elitr, sed diam nonumy eirmod tempor invidunt ut labore et dolore magna aliquyam erat, sed diam voluptua. At vero eos et accusam et justo duo dolores et ea rebum. Stet clita kasd gubergren, no sea takimata sanctus est Lorem ipsum dolor sit amet.\",\"lock\":{\"move\":true,\"remove\":false},\"fontSize\":\"medium\"} -->\n<p class=\"has-medium-font-size\">EDUCATION<br>I was born in Munich in 1995. I have always been interested in artistic creation and first graduated from a specialised secondary school for design before completing my training as an actress in 2022.<\/p>\n<!-- \/wp:paragraph -->\n\n<!-- wp:paragraph {\"fontSize\":\"medium\"} -->\n<p class=\"has-medium-font-size\">ELSEWHERE<\/p>\n<!-- \/wp:paragraph -->\n\n<!-- wp:paragraph {\"fontSize\":\"medium\"} -->\n<p class=\"has-medium-font-size\">In Munich, I took part in several independent theatre productions (mainly in the field of commedia dell'arte) and was part of Yorick's Company at the FestSpielHaus M\u00fcnchen.<\/p>\n<!-- \/wp:paragraph -->\n\n<!-- wp:paragraph {\"fontSize\":\"medium\"} -->\n<p class=\"has-medium-font-size\">JES! AND ME<\/p>\n<!-- \/wp:paragraph -->\n\n<!-- wp:paragraph {\"placeholder\":\"Lorem ipsum dolor sit amet, consetetur sadipscing elitr, sed diam nonumy eirmod tempor invidunt ut labore et dolore magna aliquyam erat, sed diam voluptua. At vero eos et accusam et justo duo dolores et ea rebum. Stet clita kasd gubergren, no sea takimata sanctus est Lorem ipsum dolor sit amet. Lorem ipsum dolor sit amet, consetetur sadipscing elitr, sed diam nonumy eirmod tempor invidunt ut labore et dolore magna aliquyam erat, sed diam voluptua. At vero eos et accusam et justo duo dolores et ea rebum. Stet clita kasd gubergren, no sea takimata sanctus est Lorem ipsum dolor sit amet.\",\"lock\":{\"move\":true,\"remove\":false},\"fontSize\":\"medium\"} -->\n<p class=\"has-medium-font-size\">In September 2022 I moved to Stuttgart and am now part of the permanent ensemble at JES.<\/p>\n<!-- \/wp:paragraph -->","post_title":"Lola Merz Robinson (none\/they)","post_excerpt":"","post_status":"publish","comment_status":"closed","ping_status":"closed","post_password":"","post_name":"lola-merz-robinson","to_ping":"","pinged":"","post_modified":"2024-10-24 12:12:25","post_modified_gmt":"2024-10-24 10:12:25","post_content_filtered":"","post_parent":0,"guid":"https:\/\/www.jes-stuttgart.de\/person\/lola-merz-robinson\/","menu_order":234,"post_type":"person","post_mime_type":"","comment_count":"0","filter":"raw"},{"ID":24751,"post_author":"13","post_date":"2024-10-29 11:32:20","post_date_gmt":"2024-10-29 10:32:20","post_content":"<!-- wp:image {\"id\":24781,\"sizeSlug\":\"large\",\"linkDestination\":\"none\"} -->\n<figure class=\"wp-block-image size-large\"><img src=\"https:\/\/www.jes-stuttgart.de\/wp-content\/uploads\/foto-nadja-rui-vlenja-kempf-1-1-1707x2560.jpg\" alt=\"\" class=\"wp-image-24781\"\/><figcaption class=\"wp-element-caption\">Foto: Lenja Kempf<\/figcaption><\/figure>\n<!-- \/wp:image -->\n\n<!-- wp:paragraph {\"placeholder\":\"Lorem ipsum dolor sit amet, consetetur sadipscing elitr, sed diam nonumy eirmod tempor invidunt ut labore et dolore magna aliquyam erat, sed diam voluptua. At vero eos et accusam et justo duo dolores et ea rebum. Stet clita kasd gubergren, no sea takimata sanctus est Lorem ipsum dolor sit amet. Lorem ipsum dolor sit amet, consetetur sadipscing elitr, sed diam nonumy eirmod tempor invidunt ut labore et dolore magna aliquyam erat, sed diam voluptua. At vero eos et accusam et justo duo dolores et ea rebum. Stet clita kasd gubergren, no sea takimata sanctus est Lorem ipsum dolor sit amet.\",\"lock\":{\"move\":true,\"remove\":false},\"fontSize\":\"medium\"} -->\n<p class=\"has-medium-font-size\">Nadja Rui wurde 1991 geboren, verkaufte 11 Jahre K\u00e4se auf dem Wochenmarkt in Bern und studierte Schauspiel an der Hochschule der K\u00fcnste Bern (HKB), an der sie 2017 mit dem Master in \u201eExpanded Theater\u201c abschloss. Sie erhielt den F\u00f6rderpreis der Armin Ziegler-Stiftung und den Studienpreis der Migros-Kulturstiftung. W\u00e4hrend ihrer Ausbildung gastierte sie am Theater Basel und bei den Z\u00fcrcher Festspielen, arbeitete weiter auf dem Wochenmarkt und betrieb, als Serviceangestellte, eine Feldstudie \u00fcber die zahlreichen Stammg\u00e4ste des \u201eCaf\u00e9 des Pyrenees\u201c. 2018 nahm sie an einem internationalen Praxisprojekt in Jordanien Teil (\u201eKunst, Konflikt und Kooperation\u201c, HKB), machte Konzertmoderation und begab sich kurz darauf in ihr erstes Festengagement am Jungen Theater Heidelberg.<\/p>\n<!-- \/wp:paragraph -->\n\n<!-- wp:paragraph {\"placeholder\":\"Lorem ipsum dolor sit amet, consetetur sadipscing elitr, sed diam nonumy eirmod tempor invidunt ut labore et dolore magna aliquyam erat, sed diam voluptua. At vero eos et accusam et justo duo dolores et ea rebum. Stet clita kasd gubergren, no sea takimata sanctus est Lorem ipsum dolor sit amet. Lorem ipsum dolor sit amet, consetetur sadipscing elitr, sed diam nonumy eirmod tempor invidunt ut labore et dolore magna aliquyam erat, sed diam voluptua. At vero eos et accusam et justo duo dolores et ea rebum. Stet clita kasd gubergren, no sea takimata sanctus est Lorem ipsum dolor sit amet.\",\"lock\":{\"move\":true,\"remove\":false},\"fontSize\":\"medium\"} -->\n<p class=\"has-medium-font-size\">Seit August 2021 ist Nadja wieder freischaffend. Zu Ihren absoluten Herzens-Projekten geh\u00f6rt das Solo \u201eUnter Drachen\u201c (Regie: Patricjia Broni\u0107), eine St\u00fcckentwicklung zum Thema Tod und Trauer f\u00fcr alle ab 8 Jahren (nominiert f\u00fcr \u201eDer Faust\u201c 2023). Neben ihrer Leidenschaft, einem breiten Publikum heikle Themen zug\u00e4nglich zu machen, liebt sie es auf der B\u00fchne neuen Herausforderungen entgegen zu treten. 2024 hat sie in der St\u00fcckentwicklung \u201ePion, p\u00e8te pas les plombs\u201c (Regie: Clea Eden) auf franz\u00f6sisch gespielt, obwohl sie in der Schule alles andere als gute Noten darin geschrieben hatte. Mit \u201eF*** you, Woyzeck\u201c gastiert Nadja das erste Mal am Jungen Ensemble Stuttgart.<\/p>\n<!-- \/wp:paragraph -->","post_title":"Nadja Rui (sie\/ihr)","post_excerpt":"","post_status":"publish","comment_status":"closed","ping_status":"closed","post_password":"","post_name":"nadja-rui","to_ping":"","pinged":"","post_modified":"2025-02-13 10:58:42","post_modified_gmt":"2025-02-13 09:58:42","post_content_filtered":"","post_parent":0,"guid":"https:\/\/www.jes-stuttgart.de\/?post_type=person&#038;p=24751","menu_order":28,"post_type":"person","post_mime_type":"","comment_count":"0","filter":"raw"},{"ID":5285,"post_author":"13","post_date":"2022-07-07 16:26:37","post_date_gmt":"2022-07-07 14:26:37","post_content":"<!-- wp:paragraph {\"style\":{\"typography\":{\"textTransform\":\"uppercase\"}},\"fontSize\":\"normal\"} -->\n<p class=\"has-normal-font-size\" style=\"text-transform:uppercase\"><\/p>\n<!-- \/wp:paragraph -->\n\n<!-- wp:paragraph {\"fontSize\":\"normal\"} -->\n<p class=\"has-normal-font-size\"><a href=\"https:\/\/www.jes-stuttgart.de\/personen\/#collapsible-person-567\">Ensemble, JES staff member, actor<\/a><\/p>\n<!-- \/wp:paragraph -->\n\n<!-- wp:paragraph {\"fontSize\":\"normal\"} -->\n<p class=\"has-normal-font-size\">Education<\/p>\n<!-- \/wp:paragraph -->\n\n<!-- wp:paragraph {\"fontSize\":\"normal\"} -->\n<p class=\"has-normal-font-size\">I was born on August 5<sup>th<\/sup>, 1998, in K\u00f6nigsfeld in the Black Forest and spent my childhood and youth there. After graduating from high school, I began a basic theatre education course at the \u2018Theater Tempus fugit\u2019 in L\u00f6rrach. During my training, I was in charge of various theatre groups, organised my own projects and performed a lot of forum theatre at schools. After my training, I began studying acting at the Zurich University of the Arts at the end of 2018. I attended courses on various acting techniques, gained a lot of experience in collective work and performance and completed my studies in the summer of 2022.<\/p>\n<!-- \/wp:paragraph -->\n\n<!-- wp:paragraph {\"fontSize\":\"normal\"} -->\n<p class=\"has-normal-font-size\">Elsewhere<\/p>\n<!-- \/wp:paragraph -->\n\n<!-- wp:paragraph {\"fontSize\":\"normal\"} -->\n<p class=\"has-normal-font-size\">I spent the 2021\/22 season in Chemnitz, where I appeared in several productions at the municipal theatre as a member of the acting studio. I worked there with Matthias Huber and Nicolas Charaux, among others.<\/p>\n<!-- \/wp:paragraph -->\n\n<!-- wp:paragraph {\"fontSize\":\"normal\"} -->\n<p class=\"has-normal-font-size\">JES! and me<\/p>\n<!-- \/wp:paragraph -->\n\n<!-- wp:paragraph {\"fontSize\":\"normal\"} -->\n<p class=\"has-normal-font-size\">I have been a member of the JES ensemble since September 2022.<\/p>\n<!-- \/wp:paragraph -->\n\n<!-- wp:paragraph -->\n<p><\/p>\n<!-- \/wp:paragraph -->","post_title":"Maximilian Schaible (he\/him)","post_excerpt":"","post_status":"publish","comment_status":"closed","ping_status":"closed","post_password":"","post_name":"maximilian-schaible","to_ping":"","pinged":"","post_modified":"2024-10-23 14:51:45","post_modified_gmt":"2024-10-23 12:51:45","post_content_filtered":"","post_parent":0,"guid":"https:\/\/www.jes-stuttgart.de\/person\/maximilian-schaible\/","menu_order":213,"post_type":"person","post_mime_type":"","comment_count":"0","filter":"raw"},{"ID":26033,"post_author":"12","post_date":"2025-01-09 16:44:40","post_date_gmt":"2025-01-09 15:44:40","post_content":"<!-- wp:image {\"id\":26034,\"sizeSlug\":\"large\",\"linkDestination\":\"none\"} -->\n<figure class=\"wp-block-image size-large\"><img src=\"https:\/\/www.jes-stuttgart.de\/wp-content\/uploads\/skupin-luca-traub-stella-web-1920x2560.jpg\" alt=\"\" class=\"wp-image-26034\"\/><figcaption class=\"wp-element-caption\">Foto: Stella Traub<\/figcaption><\/figure>\n<!-- \/wp:image -->\n\n<!-- wp:paragraph {\"placeholder\":\"Lorem ipsum dolor sit amet, consetetur sadipscing elitr, sed diam nonumy eirmod tempor invidunt ut labore et dolore magna aliquyam erat, sed diam voluptua. At vero eos et accusam et justo duo dolores et ea rebum. Stet clita kasd gubergren, no sea takimata sanctus est Lorem ipsum dolor sit amet. Lorem ipsum dolor sit amet, consetetur sadipscing elitr, sed diam nonumy eirmod tempor invidunt ut labore et dolore magna aliquyam erat, sed diam voluptua. At vero eos et accusam et justo duo dolores et ea rebum. Stet clita kasd gubergren, no sea takimata sanctus est Lorem ipsum dolor sit amet.\",\"lock\":{\"move\":true,\"remove\":false},\"fontSize\":\"medium\"} -->\n<p class=\"has-medium-font-size\">Ich wurde 1996 geboren und verbrachte meine Kindheit und Jugend im S\u00fcden Spaniens und im Ruhrgebiet. W\u00e4hrend der Schulzeit widmete ich mich der bildenden Kunst und hatte unter anderem preisgekr\u00f6nte Ausstellungen in Tampere, Finnland und im Ruhrgebiet. Nach dem Abitur wechselte ich die Richtung und studierte zun\u00e4chst Physik, Philosophie, Kunstgeschichte und dann Tanz. Letzteres war ma\u00dfgeblich f\u00fcr meinen Weg auf die B\u00fchne - nach einer Einladung zum \"Tanztreffen der Jugend\" in Berlin, Training im Zeitgen\u00f6ssischen Tanz und Voguing, inszenieren einer Eigenproduktion am Schauspielhaus Bochum und \"Die Zofen\" von Jean Genet beim zfz-Kollektiv, landete ich schlussendlich in Bochum am PRT und durfte dort \"Caligula\" (Regie: Clara Nielebock) geben, der zum \"Theatertreffen der Jugend\" in Berlin eingeladen wurde. Nach der Produktion war es um mich geschehen und ich wechselte zu Schauspiel.<br>Von 2019 bis 2023 absolvierte ich mein Schauspielstudium an der Theaterakademie August Everding.<br>Seitdem arbeite ich als Gast an diversen Theatern, zuletzt seit der Spielzeit 23\/24 und fortlaufend am Staatstheater Augsburg mit dem queeren Punkrock-Musical \"Hedwig and the Angry Inch\" (Regie: Cornelia Maschner) bei dem ich neben der Rolle des Tommy Gnosis auch die Choreografien entwickelte.<br>Nebenbei zeichne ich weiterhin Portraits, arbeite als Model und als Dragqueen Maeve Pav\u00f3n mit ihrer eigenen Show \"A Very Maevian Grief\" - die vor allem f\u00fcr Sichtbarkeit und Rechte von queeren, behinderten Menschen k\u00e4mpft.<br><br>Mit \"Blutbuch\" gastiert Luca das erste Mal am Jungen Ensemble Stuttgart.<\/p>\n<!-- \/wp:paragraph -->\n\n<!-- wp:paragraph -->\n<p><\/p>\n<!-- \/wp:paragraph -->","post_title":"Luca Skupin (keine)","post_excerpt":"","post_status":"publish","comment_status":"closed","ping_status":"closed","post_password":"","post_name":"luca-skupin","to_ping":"","pinged":"","post_modified":"2025-05-12 17:46:54","post_modified_gmt":"2025-05-12 15:46:54","post_content_filtered":"","post_parent":0,"guid":"https:\/\/www.jes-stuttgart.de\/?post_type=person&#038;p=26033","menu_order":25,"post_type":"person","post_mime_type":"","comment_count":"0","filter":"raw"}],"cast_person_additional":""},{"cast_position":"Inszenierung","cast_person":[{"ID":5275,"post_author":"13","post_date":"2022-07-20 20:50:16","post_date_gmt":"2022-07-20 18:50:16","post_content":"<!-- wp:image {\"id\":31693,\"sizeSlug\":\"full\",\"linkDestination\":\"none\"} -->\n<figure class=\"wp-block-image size-full\"><img src=\"https:\/\/www.jes-stuttgart.de\/wp-content\/uploads\/lee-bewerbungsfoto-levi-hammes.jpg\" alt=\"\" class=\"wp-image-31693\"\/><figcaption class=\"wp-element-caption\">Foto: Levi Hammes<\/figcaption><\/figure>\n<!-- \/wp:image -->\n\n<!-- wp:paragraph {\"style\":{\"typography\":{\"textTransform\":\"uppercase\"}},\"fontSize\":\"normal\"} -->\n<p class=\"has-normal-font-size\" style=\"text-transform:uppercase\">Education<\/p>\n<!-- \/wp:paragraph -->\n\n<!-- wp:paragraph {\"fontSize\":\"medium\"} -->\n<p class=\"has-medium-font-size\">I was born in Wuppertal in 2003 and grew up in Stuttgart. I graduated from high school in Stuttgart in spring 2021.<\/p>\n<!-- \/wp:paragraph -->\n\n<!-- wp:spacer {\"height\":\"20px\"} -->\n<div style=\"height:20px\" aria-hidden=\"true\" class=\"wp-block-spacer\"><\/div>\n<!-- \/wp:spacer -->\n\n<!-- wp:paragraph {\"style\":{\"typography\":{\"textTransform\":\"uppercase\"}},\"fontSize\":\"normal\"} -->\n<p class=\"has-normal-font-size\" style=\"text-transform:uppercase\">JES! And Me<\/p>\n<!-- \/wp:paragraph -->\n\n<!-- wp:paragraph {\"fontSize\":\"medium\"} -->\n<p class=\"has-medium-font-size\">JES has been a part of my life since I was eight years old. As a child and teenager, I participated in numerous play clubs and was part of the productions \u201cR.E.S.P.E.C.T.\u201d from 2017 to 2019 and \u201cIdentity\u201d from 2019 to 2020.<br>In autumn 2021, I did my first assistant directing at JES for the production \u201cArchive der K\u00f6rper\u201d and have been permanently engaged as an assistant director since the 2022\/23 season, starting with the production \u201cHier ist noch alles m\u00f6glich\u201d.<\/p>\n<!-- \/wp:paragraph -->\n\n<!-- wp:spacer {\"height\":\"20px\"} -->\n<div style=\"height:20px\" aria-hidden=\"true\" class=\"wp-block-spacer\"><\/div>\n<!-- \/wp:spacer -->","post_title":"Lee M\u00fclders","post_excerpt":"","post_status":"publish","comment_status":"closed","ping_status":"closed","post_password":"","post_name":"lee-muelders","to_ping":"","pinged":"","post_modified":"2026-01-19 14:05:28","post_modified_gmt":"2026-01-19 13:05:28","post_content_filtered":"","post_parent":0,"guid":"https:\/\/www.jes-stuttgart.de\/person\/lee-muelders\/","menu_order":173,"post_type":"person","post_mime_type":"","comment_count":"0","filter":"raw"}],"cast_person_additional":""},{"cast_position":"B\u00fchne &amp; Kost\u00fcm","cast_person":[{"ID":20145,"post_author":"13","post_date":"2023-07-25 16:11:00","post_date_gmt":"2023-07-25 14:11:00","post_content":"<!-- wp:image {\"id\":12773,\"sizeSlug\":\"full\",\"linkDestination\":\"none\"} -->\n<figure class=\"wp-block-image size-full\"><img src=\"https:\/\/www.jes-stuttgart.de\/wp-content\/uploads\/philipp-nicolai-v-privat.jpg\" alt=\"\" class=\"wp-image-12773\"\/><figcaption class=\"wp-element-caption\">Foto: Philipp Nicolai<\/figcaption><\/figure>\n<!-- \/wp:image -->\n\n<!-- wp:paragraph {\"fontSize\":\"medium\"} -->\n<p class=\"has-medium-font-size\">After studying stage design at the Hochschule f\u00fcr Bildende K\u00fcnste in Hamburg, Philipp Nicolai worked as an assistant stage designer at Schauspielhaus Hannover from 2004 to 2006. From 2007 to 2009 he was employed there as a permanent set designer, during which time he worked with Ruedi H\u00e4usermann, Marco \u0160torman, Marc Pr\u00e4tsch, Peter Kastenm\u00fcller and others.<\/p>\n<!-- \/wp:paragraph -->\n\n<!-- wp:paragraph {\"fontSize\":\"medium\"} -->\n<p class=\"has-medium-font-size\">Since 2009 he has worked as a freelance stage and costume designer in Dresden, Hanover, Hamburg, Stuttgart and elsewhere, including with directors Dominik von Gunten, Schirin Khodadadian and Brigitte Dethier.<\/p>\n<!-- \/wp:paragraph -->","post_title":"Philipp Nicolai","post_excerpt":"","post_status":"publish","comment_status":"closed","ping_status":"closed","post_password":"","post_name":"philipp-nicolai","to_ping":"","pinged":"","post_modified":"2024-10-24 12:00:25","post_modified_gmt":"2024-10-24 10:00:25","post_content_filtered":"","post_parent":0,"guid":"https:\/\/www.jes-stuttgart.de\/person\/philipp-nicolai\/","menu_order":94,"post_type":"person","post_mime_type":"","comment_count":"0","filter":"raw"}],"cast_person_additional":""},{"cast_position":"Musik","cast_person":"","cast_person_additional":"Yahima Piedra C\u00f3rdova"},{"cast_position":"Dramaturgie","cast_person":[{"ID":28222,"post_author":"13","post_date":"2025-05-22 13:25:20","post_date_gmt":"2025-05-22 11:25:20","post_content":"<!-- wp:image {\"id\":28223,\"sizeSlug\":\"large\",\"linkDestination\":\"none\"} -->\n<figure class=\"wp-block-image size-large\"><img src=\"https:\/\/www.jes-stuttgart.de\/wp-content\/uploads\/koerner-burkhard-von-mayra-wallraff-1707x2560.jpg\" alt=\"\" class=\"wp-image-28223\"\/><figcaption class=\"wp-element-caption\">Foto: Mayra Wallraff<\/figcaption><\/figure>\n<!-- \/wp:image -->\n\n<!-- wp:paragraph {\"placeholder\":\"Lorem ipsum dolor sit amet, consetetur sadipscing elitr, sed diam nonumy eirmod tempor invidunt ut labore et dolore magna aliquyam erat, sed diam voluptua. At vero eos et accusam et justo duo dolores et ea rebum. Stet clita kasd gubergren, no sea takimata sanctus est Lorem ipsum dolor sit amet. Lorem ipsum dolor sit amet, consetetur sadipscing elitr, sed diam nonumy eirmod tempor invidunt ut labore et dolore magna aliquyam erat, sed diam voluptua. At vero eos et accusam et justo duo dolores et ea rebum. Stet clita kasd gubergren, no sea takimata sanctus est Lorem ipsum dolor sit amet.\",\"lock\":{\"move\":true,\"remove\":false},\"fontSize\":\"medium\"} -->\n<p class=\"has-medium-font-size\">Burkhard K\u00f6rner studierte Kultur- und Theaterwissenschaften,\u00a0Elementare Musik- und Tanzp\u00e4dagogik\u00a0und\u00a0Choreografie\u00a0in Leipzig, Salzburg und Amsterdam. Er arbeitet als Choreograf, Theatermacher, Dramaturg, Dozent, T\u00e4nzer, Performer und S\u00e4nger.<br>Seine j\u00fcngste Praxis konzentriert sich auf die Initiierung k\u00fcnstlerischer Prozesse mit verschiedenen Gemeinschaften und K\u00fcnstler*innen in (Ost-)Deutschland, Russland und den Niederlanden. Burkhard ist fasziniert davon, R\u00e4ume zu schaffen, in denen Menschen sich mit ihren Anliegen verbinden und dadurch ihrer Kreativit\u00e4t folgen k\u00f6nnen. Nicht sichtbare oder vernachl\u00e4ssigte gesellschaftliche Themen motivieren ihn, Umgebungen und Performances zu schaffen, die zu einem gemeinsamen Diskurs einladen.<br>Zusammen mit Rika Weniger und Noah Voelker entwickelte er 2019 in Mecklenburg-Vorpommern und Sachsen das Oral-History-Projekt <a href=\"https:\/\/un-erhoert.jimdofree.com\/laden\">\"Laden der un-erh\u00f6rten GeschichteN\"<\/a> (<a href=\"https:\/\/un-erhoert.jimdofree.com\/laden\">https:\/\/un-erhoert.jimdofree.com\/laden<\/a>) welches 2021 in einen Theaterabend \u00fcber die ostdeutsche Identit\u00e4t mit dem Titel <a href=\"https:\/\/un-erhoert.jimdofree.com\/\">\"Wie macht man gute Kunst f\u00fcr Ostdeutsche?\"<\/a> (<a href=\"https:\/\/un-erhoert.jimdofree.com\/\">https:\/\/un-erhoert.jimdofree.com\/<\/a>) m\u00fcndete.<br>Ferner arbeitet er als Dramaturg und k\u00fcnstlerischer Berater u.a. f\u00fcr Andrea Voets, Marina Orlova, Jija Sohn und Rika Weniger.<br>F\u00fcr \u201cBlutbuch\u201d arbeitet er zum ersten Mal als Dramaturg mit Lee M\u00fclders und dem JES zusammen.<br><br>web: <a href=\"https:\/\/burkheart.jimdofree.com\/\">burkheart.jimdofree.com<\/a><\/p>\n<!-- \/wp:paragraph -->","post_title":"Burkhard K\u00f6rner (er\/ihm)","post_excerpt":"","post_status":"publish","comment_status":"closed","ping_status":"closed","post_password":"","post_name":"burkhard-koerner-er-ihm","to_ping":"","pinged":"","post_modified":"2025-05-22 13:25:21","post_modified_gmt":"2025-05-22 11:25:21","post_content_filtered":"","post_parent":0,"guid":"https:\/\/www.jes-stuttgart.de\/?post_type=person&#038;p=28222","menu_order":15,"post_type":"person","post_mime_type":"","comment_count":"0","filter":"raw"}],"cast_person_additional":""},{"cast_position":"Mitarbeit Konzeption","cast_person":[{"ID":5310,"post_author":"13","post_date":"2022-07-07 16:13:15","post_date_gmt":"2022-07-07 14:13:15","post_content":"<!-- wp:image {\"id\":1219,\"sizeSlug\":\"full\",\"linkDestination\":\"none\"} -->\n<figure class=\"wp-block-image size-full\"><img src=\"https:\/\/www.jes-stuttgart.de\/wp-content\/uploads\/jsn3022-edited.jpg\" alt=\"\" class=\"wp-image-1219\"\/><\/figure>\n<!-- \/wp:image -->\n\n<!-- wp:paragraph {\"style\":{\"typography\":{\"textTransform\":\"uppercase\"}},\"fontSize\":\"normal\"} -->\n<p class=\"has-normal-font-size\" style=\"text-transform:uppercase\">Education<\/p>\n<!-- \/wp:paragraph -->\n\n<!-- wp:paragraph {\"fontSize\":\"medium\"} -->\n<p class=\"has-medium-font-size\">I completed my bachelor\u2019s degree at Zurich University of the Arts. In summer 2019, I completed my master\u2019s degree in performance studies at the University of Hamburg.<\/p>\n<!-- \/wp:paragraph -->\n\n<!-- wp:paragraph {\"fontSize\":\"medium\"} -->\n<p class=\"has-medium-font-size\">Elsewhere<\/p>\n<!-- \/wp:paragraph -->\n\n<!-- wp:paragraph {\"fontSize\":\"medium\"} -->\n<p class=\"has-medium-font-size\">After my first permanent job at JES, I was drawn to the independent scene and to the stage again and again as a performer. My projects intersect at the interface between performative experiments, especially for young audiences, and mediation work between theatre and real life. These projects have taken me to Gessnerallee Zurich, Kampnagel in Hamburg, Schlachthaustheater Bern, Schauspielhaus Hamburg and Junges Theater Konstanz, among others.<\/p>\n<!-- \/wp:paragraph -->\n\n<!-- wp:paragraph {\"fontSize\":\"medium\"} -->\n<p class=\"has-medium-font-size\">JES and me<\/p>\n<!-- \/wp:paragraph -->\n\n<!-- wp:paragraph {\"style\":{\"typography\":{\"textTransform\":\"none\"}},\"fontSize\":\"medium\"} -->\n<p class=\"has-medium-font-size\" style=\"text-transform:none\">After completing my bachelor's degree, I was permanently employed as a theatre educator at the JES from 2012-2015. In the 2022\/23 season, I returned to JES as theatre educator, dramaturge and deputy artistic director.<\/p>\n<!-- \/wp:paragraph -->\n\n<!-- wp:spacer {\"height\":\"20px\"} -->\n<div style=\"height:20px\" aria-hidden=\"true\" class=\"wp-block-spacer\"><\/div>\n<!-- \/wp:spacer -->\n\n<!-- wp:paragraph {\"fontSize\":\"normal\"} -->\n<p class=\"has-normal-font-size\">CONTACT<\/p>\n<!-- \/wp:paragraph -->\n\n<!-- wp:paragraph {\"fontSize\":\"medium\"} -->\n<p class=\"has-medium-font-size\"><a href=\"mailto:fredericlilje@jes-stuttgart.de\">fredericlilje@jes-stuttgart.de<\/a><\/p>\n<!-- \/wp:paragraph -->","post_title":"Frederic Lilje (he\/him)","post_excerpt":"","post_status":"publish","comment_status":"closed","ping_status":"closed","post_password":"","post_name":"frederic-lilje","to_ping":"","pinged":"","post_modified":"2024-10-24 11:32:49","post_modified_gmt":"2024-10-24 09:32:49","post_content_filtered":"","post_parent":0,"guid":"https:\/\/www.jes-stuttgart.de\/person\/frederic-lilje\/","menu_order":231,"post_type":"person","post_mime_type":"","comment_count":"0","filter":"raw"}],"cast_person_additional":""},{"cast_position":"Theaterp\u00e4dagogik","cast_person":[{"ID":24577,"post_author":"8","post_date":"2024-09-13 13:17:35","post_date_gmt":"2024-09-13 11:17:35","post_content":"<!-- wp:image {\"id\":25497,\"sizeSlug\":\"full\",\"linkDestination\":\"none\"} -->\n<figure class=\"wp-block-image size-full\"><img src=\"https:\/\/www.jes-stuttgart.de\/wp-content\/uploads\/dsc00502.jpg\" alt=\"\" class=\"wp-image-25497\"\/><figcaption class=\"wp-element-caption\">Foto: Alicia Hoffmann<\/figcaption><\/figure>\n<!-- \/wp:image -->\n\n<!-- wp:paragraph {\"fontSize\":\"medium\"} -->\n<p class=\"has-medium-font-size\">AUSBILDUNG<\/p>\n<!-- \/wp:paragraph -->\n\n<!-- wp:paragraph {\"fontSize\":\"medium\"} -->\n<p class=\"has-medium-font-size\">Ich wurde 1995 in Gie\u00dfen geboren. Nach einem FSJ-Kultur am tjg. theater junge generation Dresden studierte ich Theater- und Kulturwissenschaften an der Universit\u00e4t Leipzig und anschlie\u00dfend Kulturvermittlung an der Universit\u00e4t Hildesheim.<\/p>\n<!-- \/wp:paragraph -->\n\n<!-- wp:spacer {\"height\":\"20px\"} -->\n<div style=\"height:20px\" aria-hidden=\"true\" class=\"wp-block-spacer\"><\/div>\n<!-- \/wp:spacer -->\n\n<!-- wp:paragraph {\"fontSize\":\"medium\"} -->\n<p class=\"has-medium-font-size\">AN ANDEREN ORTEN<\/p>\n<!-- \/wp:paragraph -->\n\n<!-- wp:paragraph {\"fontSize\":\"medium\"} -->\n<p class=\"has-medium-font-size\">W\u00e4hrend meines Studiums war ich als Regieassistentin und freie Kunst- und Theatervermittlerin in unterschiedlichen Projekten und Kultureinrichtungen t\u00e4tig- u.a. am Schauspiel Leipzig, bei FLIPPO, die Kinderzeitung der GfZK Leipzig, an den Cammerspielen Leipzig sowie am Schauspiel Hannover. Nebenbei arbeitete ich als politische Bildnerin f\u00fcr ein Schulaufkl\u00e4rungs- und Antidiskriminierungsprojekt. Dabei gab ich Workshops zu geschlechtlicher und sexueller Vielfalt f\u00fcr Schulklassen unterschiedlicher Jahrgangsstufen.<br>Meine Arbeitsschwerpunkte liegen auf der Verbindung zwischen Kultureller und Politischer Bildung und der performativ-experimentellen Theaterarbeit mit jungen Personen.<\/p>\n<!-- \/wp:paragraph -->\n\n<!-- wp:spacer {\"height\":\"20px\"} -->\n<div style=\"height:20px\" aria-hidden=\"true\" class=\"wp-block-spacer\"><\/div>\n<!-- \/wp:spacer -->\n\n<!-- wp:paragraph {\"fontSize\":\"medium\"} -->\n<p class=\"has-medium-font-size\">JES UND ICH<\/p>\n<!-- \/wp:paragraph -->\n\n<!-- wp:paragraph {\"fontSize\":\"medium\"} -->\n<p class=\"has-medium-font-size\">Ab der Spielzeit 2024\/25 arbeite ich fest als Theaterp\u00e4dagogin am JES und leite u.a. den Spielclub \u201eDas Labor der \u00c4ngste\u201c und das Ferienprojekt \u201eQueer*Town.\u201c<\/p>\n<!-- \/wp:paragraph -->\n\n<!-- wp:spacer {\"height\":\"20px\"} -->\n<div style=\"height:20px\" aria-hidden=\"true\" class=\"wp-block-spacer\"><\/div>\n<!-- \/wp:spacer -->\n\n<!-- wp:paragraph {\"fontSize\":\"medium\"} -->\n<p class=\"has-medium-font-size\">KONTAKT<\/p>\n<!-- \/wp:paragraph -->\n\n<!-- wp:paragraph {\"fontSize\":\"medium\"} -->\n<p class=\"has-medium-font-size\"><a href=\"mailto:katharina.felde@jes-stuttgart.de\">katharina.felde@jes-stuttgart.de<\/a><br>0711 \/ 218 480 22<\/p>\n<!-- \/wp:paragraph -->","post_title":"Katharina Felde (sie\/ihr)","post_excerpt":"","post_status":"publish","comment_status":"closed","ping_status":"closed","post_password":"","post_name":"katharina-felde-sie-ihr","to_ping":"","pinged":"","post_modified":"2026-02-13 12:56:17","post_modified_gmt":"2026-02-13 11:56:17","post_content_filtered":"","post_parent":0,"guid":"https:\/\/www.jes-stuttgart.de\/person\/katharina-felde-sie-ihr\/","menu_order":37,"post_type":"person","post_mime_type":"","comment_count":"0","filter":"raw"}],"cast_person_additional":""},{"cast_position":"Assistenz","cast_person":[{"ID":20158,"post_author":"13","post_date":"2023-04-14 13:53:55","post_date_gmt":"2023-04-14 11:53:55","post_content":"<!-- wp:image {\"id\":11330,\"width\":961,\"sizeSlug\":\"large\",\"linkDestination\":\"none\"} -->\n<figure class=\"wp-block-image size-large is-resized\"><img src=\"https:\/\/www.jes-stuttgart.de\/wp-content\/uploads\/foto-martha-schmalz-v-jannes-matzen-1-1922x2560.jpeg\" alt=\"\" class=\"wp-image-11330\" style=\"width:961px\"><figcaption class=\"wp-element-caption\">Foto: Jannes Matzen<\/figcaption><\/figure>\n<!-- \/wp:image -->\n\n<!-- wp:paragraph {\"placeholder\":\"Lorem ipsum dolor sit amet, consetetur sadipscing elitr, sed diam nonumy eirmod tempor invidunt ut labore et dolore magna aliquyam erat, sed diam voluptua. At vero eos et accusam et justo duo dolores et ea rebum. Stet clita kasd gubergren, no sea takimata sanctus est Lorem ipsum dolor sit amet. Lorem ipsum dolor sit amet, consetetur sadipscing elitr, sed diam nonumy eirmod tempor invidunt ut labore et dolore magna aliquyam erat, sed diam voluptua. At vero eos et accusam et justo duo dolores et ea rebum. Stet clita kasd gubergren, no sea takimata sanctus est Lorem ipsum dolor sit amet.\",\"lock\":{\"move\":true,\"remove\":false},\"fontSize\":\"normal\"} -->\n<p class=\"has-normal-font-size\">Guest, directing assistant<\/p>\n<!-- \/wp:paragraph -->\n\n<!-- wp:paragraph {\"fontSize\":\"normal\"} -->\n<p class=\"has-normal-font-size\">Martha Luise Schmalz (she\/her) is studying Cultural Studies and Business Administration at the Humboldt University in Berlin. In addition to her studies, Martha has already worked as an assistant director and production assistant in Hamburg, Berlin and Stuttgart. In 2021\/22 she supported the organisation of the International Children's and Youth Theatre Festival BRIGHT VIEW at Junges Ensemble Stuttgart. In the 2022\/23 season, she was assistant director in the production \u2018Aus der Kurve fliegen\u2019.<\/p>\n<!-- \/wp:paragraph -->\n\n<!-- wp:paragraph -->\n<p><\/p>\n<!-- \/wp:paragraph -->","post_title":"Martha Schmalz","post_excerpt":"","post_status":"publish","comment_status":"closed","ping_status":"closed","post_password":"","post_name":"martha-schmalz-2","to_ping":"","pinged":"","post_modified":"2024-10-29 12:14:15","post_modified_gmt":"2024-10-29 11:14:15","post_content_filtered":"","post_parent":0,"guid":"https:\/\/www.jes-stuttgart.de\/person\/martha-schmalz-2\/","menu_order":120,"post_type":"person","post_mime_type":"","comment_count":"0","filter":"raw"}],"cast_person_additional":""},{"cast_position":"Technik","cast_person":[{"ID":5254,"post_author":"13","post_date":"2022-07-20 20:00:49","post_date_gmt":"2022-07-20 18:00:49","post_content":"<!-- wp:image {\"id\":1921,\"sizeSlug\":\"full\",\"linkDestination\":\"none\"} -->\n<figure class=\"wp-block-image size-full\"><img src=\"https:\/\/www.jes-stuttgart.de\/wp-content\/uploads\/stevengorecki.jpg\" alt=\"\" class=\"wp-image-1921\"\/><\/figure>\n<!-- \/wp:image -->\n\n<!-- wp:paragraph {\"style\":{\"typography\":{\"textTransform\":\"uppercase\"}},\"fontSize\":\"normal\"} -->\n<p class=\"has-normal-font-size\" style=\"text-transform:uppercase\">Education<\/p>\n<!-- \/wp:paragraph -->\n\n<!-- wp:paragraph {\"fontSize\":\"medium\"} -->\n<p class=\"has-medium-font-size\">Originally, I trained as a carpenter.<\/p>\n<!-- \/wp:paragraph -->\n\n<!-- wp:spacer {\"height\":\"20px\"} -->\n<div style=\"height:20px\" aria-hidden=\"true\" class=\"wp-block-spacer\"><\/div>\n<!-- \/wp:spacer -->\n\n<!-- wp:paragraph {\"style\":{\"typography\":{\"textTransform\":\"uppercase\"}},\"fontSize\":\"normal\"} -->\n<p class=\"has-normal-font-size\" style=\"text-transform:uppercase\">Elsewhere<\/p>\n<!-- \/wp:paragraph -->\n\n<!-- wp:paragraph {\"fontSize\":\"medium\"} -->\n<p class=\"has-medium-font-size\">After that I worked first as a stage technician at Nationaltheater Mannheim, then as a self-employed event technician and finally as deputy head of the studio technology department at the Nationaltheater (as an employee of the technical directorate from 2001 to 2007). My responsibilities included the management of the \u201cEvent Technology\u201d department, technical management and event-technical supervision of performance operations in Studio Werkhaus as well as rehearsal operations at the Nationaltheater, as well as special events and guest performance tours and the production management in all four sections of the Nationaltheater.<br>I also took over the technical and spatial conception and supervision of the reconstruction and renovation of the rehearsal stage centre in Mannheim as well as the conception, planning and construction management for the reconstruction of the studio stage, including the complete stage, lighting, sound and building services of all foyers, dressing rooms, storage and prop\/mask rooms. During my time at Nationaltheater Mannheim, I completed various further training courses: Master of Event Technology specialised in stage\/studio as well as lighting, as an electrician for event technology and business economics of the trade.<\/p>\n<!-- \/wp:paragraph -->\n\n<!-- wp:spacer {\"height\":\"20px\"} -->\n<div style=\"height:20px\" aria-hidden=\"true\" class=\"wp-block-spacer\"><\/div>\n<!-- \/wp:spacer -->\n\n<!-- wp:paragraph {\"fontSize\":\"medium\"} -->\n<p class=\"has-medium-font-size\">From 2007 onwards I worked as a self-employed event technician, among others at the Schwetzingen Festival, at Moers Schlosstheater and at the Bayreuth Festival in 2008, 2009 and 2010.<\/p>\n<!-- \/wp:paragraph -->\n\n<!-- wp:spacer {\"height\":\"20px\"} -->\n<div style=\"height:20px\" aria-hidden=\"true\" class=\"wp-block-spacer\"><\/div>\n<!-- \/wp:spacer -->\n\n<!-- wp:paragraph {\"style\":{\"typography\":{\"textTransform\":\"uppercase\"}},\"fontSize\":\"normal\"} -->\n<p class=\"has-normal-font-size\" style=\"text-transform:uppercase\">JES! and me<\/p>\n<!-- \/wp:paragraph -->\n\n<!-- wp:paragraph {\"fontSize\":\"medium\"} -->\n<p class=\"has-medium-font-size\">Since the 2009\/10 season he has been technical director of Junges Ensemble Stuttgart.<\/p>\n<!-- \/wp:paragraph -->\n\n<!-- wp:spacer {\"height\":\"20px\"} -->\n<div style=\"height:20px\" aria-hidden=\"true\" class=\"wp-block-spacer\"><\/div>\n<!-- \/wp:spacer -->\n\n<!-- wp:paragraph {\"fontSize\":\"normal\"} -->\n<p class=\"has-normal-font-size\">CONTACT<\/p>\n<!-- \/wp:paragraph -->\n\n<!-- wp:paragraph {\"fontSize\":\"medium\"} -->\n<p class=\"has-medium-font-size\"><a href=\"mailto:Steven.gorecki@jes-stuttgart.de\">Steven.gorecki@jes-stuttgart.de<\/a><\/p>\n<!-- \/wp:paragraph -->","post_title":"Steven Gorecki (he\/him)","post_excerpt":"","post_status":"publish","comment_status":"closed","ping_status":"closed","post_password":"","post_name":"steven-gorecki","to_ping":"","pinged":"","post_modified":"2024-10-23 15:15:41","post_modified_gmt":"2024-10-23 13:15:41","post_content_filtered":"","post_parent":0,"guid":"https:\/\/www.jes-stuttgart.de\/person\/steven-gorecki\/","menu_order":194,"post_type":"person","post_mime_type":"","comment_count":"0","filter":"raw"},{"ID":5235,"post_author":"13","post_date":"2022-07-20 18:55:23","post_date_gmt":"2022-07-20 16:55:23","post_content":"<!-- wp:image {\"id\":1913,\"sizeSlug\":\"full\",\"linkDestination\":\"none\"} -->\n<figure class=\"wp-block-image size-full\"><img src=\"https:\/\/www.jes-stuttgart.de\/wp-content\/uploads\/juppbertels.jpg\" alt=\"\" class=\"wp-image-1913\"\/><\/figure>\n<!-- \/wp:image -->\n\n<!-- wp:paragraph {\"placeholder\":\"Lorem ipsum dolor sit amet, consetetur sadipscing elitr, sed diam nonumy eirmod tempor invidunt ut labore et dolore magna aliquyam erat, sed diam voluptua. At vero eos et accusam et justo duo dolores et ea rebum. Stet clita kasd gubergren, no sea takimata sanctus est Lorem ipsum dolor sit amet. Lorem ipsum dolor sit amet, consetetur sadipscing elitr, sed diam nonumy eirmod tempor invidunt ut labore et dolore magna aliquyam erat, sed diam voluptua. At vero eos et accusam et justo duo dolores et ea rebum. Stet clita kasd gubergren, no sea takimata sanctus est Lorem ipsum dolor sit amet.\",\"lock\":{\"move\":true,\"remove\":false},\"fontSize\":\"medium\"} -->\n<p class=\"has-medium-font-size\">Sebastian \u201cJupp\u201d Bertels has been supporting the JES technical team since the 2022\/23 season.<\/p>\n<!-- \/wp:paragraph -->\n\n<!-- wp:spacer {\"height\":\"20px\"} -->\n<div style=\"height:20px\" aria-hidden=\"true\" class=\"wp-block-spacer\"><\/div>\n<!-- \/wp:spacer -->\n\n<!-- wp:paragraph {\"fontSize\":\"normal\"} -->\n<p class=\"has-normal-font-size\">CONTACT<\/p>\n<!-- \/wp:paragraph -->\n\n<!-- wp:paragraph {\"fontSize\":\"medium\"} -->\n<p class=\"has-medium-font-size\"><a href=\"mailto:technik@jes-stuttgart.de\">technik@jes-stuttgart.de<\/a><\/p>\n<!-- \/wp:paragraph -->","post_title":"Jupp Bertels (he\/him)","post_excerpt":"","post_status":"publish","comment_status":"closed","ping_status":"closed","post_password":"","post_name":"jupp-bertels","to_ping":"","pinged":"","post_modified":"2024-10-23 10:47:52","post_modified_gmt":"2024-10-23 08:47:52","post_content_filtered":"","post_parent":0,"guid":"https:\/\/www.jes-stuttgart.de\/person\/jupp-bertels\/","menu_order":204,"post_type":"person","post_mime_type":"","comment_count":"0","filter":"raw"},{"ID":5242,"post_author":"13","post_date":"2022-07-20 19:23:54","post_date_gmt":"2022-07-20 17:23:54","post_content":"<!-- wp:image {\"id\":1907,\"sizeSlug\":\"full\",\"linkDestination\":\"none\"} -->\n<figure class=\"wp-block-image size-full\"><img src=\"https:\/\/www.jes-stuttgart.de\/wp-content\/uploads\/christianburkhardt.jpg\" alt=\"\" class=\"wp-image-1907\"\/><\/figure>\n<!-- \/wp:image -->\n\n<!-- wp:paragraph {\"style\":{\"typography\":{\"textTransform\":\"uppercase\"}},\"fontSize\":\"normal\"} -->\n<p class=\"has-normal-font-size\" style=\"text-transform:uppercase\">Education<\/p>\n<!-- \/wp:paragraph -->\n\n<!-- wp:paragraph {\"fontSize\":\"medium\"} -->\n<p class=\"has-medium-font-size\">I completed my vocational training as an event technician at Theater Heilbronn between 2007 and 2010.<\/p>\n<!-- \/wp:paragraph -->\n\n<!-- wp:paragraph {\"fontSize\":\"medium\"} -->\n<p class=\"has-medium-font-size\">Elsewhere<\/p>\n<!-- \/wp:paragraph -->\n\n<!-- wp:paragraph {\"fontSize\":\"medium\"} -->\n<p class=\"has-medium-font-size\">This was followed by work at the Junges Theater Bonn.<\/p>\n<!-- \/wp:paragraph -->\n\n<!-- wp:paragraph {\"fontSize\":\"medium\"} -->\n<p class=\"has-medium-font-size\">JES! and me<\/p>\n<!-- \/wp:paragraph -->\n\n<!-- wp:paragraph {\"fontSize\":\"medium\"} -->\n<p class=\"has-medium-font-size\">I have been working in the technical department at JES since March 2011.<\/p>\n<!-- \/wp:paragraph -->\n\n<!-- wp:paragraph {\"style\":{\"typography\":{\"textTransform\":\"uppercase\"}},\"fontSize\":\"normal\"} -->\n<p class=\"has-normal-font-size\" style=\"text-transform:uppercase\">CONTACT<\/p>\n<!-- \/wp:paragraph -->\n\n<!-- wp:paragraph {\"fontSize\":\"medium\"} -->\n<p class=\"has-medium-font-size\"><a href=\"mailto:technik@jes-stuttgart.de\">technik@jes-stuttgart.de<\/a><\/p>\n<!-- \/wp:paragraph -->","post_title":"Christian Burkhardt (he\/him)","post_excerpt":"","post_status":"publish","comment_status":"closed","ping_status":"closed","post_password":"","post_name":"christian-burkhardt","to_ping":"","pinged":"","post_modified":"2024-10-23 10:44:24","post_modified_gmt":"2024-10-23 08:44:24","post_content_filtered":"","post_parent":0,"guid":"https:\/\/www.jes-stuttgart.de\/person\/christian-burkhardt\/","menu_order":199,"post_type":"person","post_mime_type":"","comment_count":"0","filter":"raw"},{"ID":5240,"post_author":"13","post_date":"2022-06-30 10:35:03","post_date_gmt":"2022-06-30 08:35:03","post_content":"<!-- wp:image {\"id\":1919,\"sizeSlug\":\"full\",\"linkDestination\":\"none\"} -->\n<figure class=\"wp-block-image size-full\"><img src=\"https:\/\/www.jes-stuttgart.de\/wp-content\/uploads\/melaniebrunner.jpg\" alt=\"\" class=\"wp-image-1919\"\/><\/figure>\n<!-- \/wp:image -->\n\n<!-- wp:paragraph {\"placeholder\":\"Lorem ipsum dolor sit amet, consetetur sadipscing elitr, sed diam nonumy eirmod tempor invidunt ut labore et dolore magna aliquyam erat, sed diam voluptua. At vero eos et accusam et justo duo dolores et ea rebum. Stet clita kasd gubergren, no sea takimata sanctus est Lorem ipsum dolor sit amet. Lorem ipsum dolor sit amet, consetetur sadipscing elitr, sed diam nonumy eirmod tempor invidunt ut labore et dolore magna aliquyam erat, sed diam voluptua. At vero eos et accusam et justo duo dolores et ea rebum. Stet clita kasd gubergren, no sea takimata sanctus est Lorem ipsum dolor sit amet.\",\"lock\":{\"move\":true,\"remove\":false},\"fontSize\":\"medium\"} -->\n<p class=\"has-medium-font-size\">joined the technical and engineering team at JES in the 2016\/17 season.<\/p>\n<!-- \/wp:paragraph -->\n\n<!-- wp:paragraph {\"placeholder\":\"Lorem ipsum dolor sit amet, consetetur sadipscing elitr, sed diam nonumy eirmod tempor invidunt ut labore et dolore magna aliquyam erat, sed diam voluptua. At vero eos et accusam et justo duo dolores et ea rebum. Stet clita kasd gubergren, no sea takimata sanctus est Lorem ipsum dolor sit amet. Lorem ipsum dolor sit amet, consetetur sadipscing elitr, sed diam nonumy eirmod tempor invidunt ut labore et dolore magna aliquyam erat, sed diam voluptua. At vero eos et accusam et justo duo dolores et ea rebum. Stet clita kasd gubergren, no sea takimata sanctus est Lorem ipsum dolor sit amet.\",\"lock\":{\"move\":true,\"remove\":false},\"fontSize\":\"medium\"} -->\n<p class=\"has-medium-font-size\">CONTACT<\/p>\n<!-- \/wp:paragraph -->\n\n<!-- wp:paragraph {\"fontSize\":\"medium\"} -->\n<p class=\"has-medium-font-size\"><a href=\"mailto:technik@jes-stuttgart.de\">technik@jes-stuttgart.de<\/a><\/p>\n<!-- \/wp:paragraph -->","post_title":"Melanie Brunner (she\/her)","post_excerpt":"","post_status":"publish","comment_status":"closed","ping_status":"closed","post_password":"","post_name":"melanie-brunner","to_ping":"","pinged":"","post_modified":"2024-10-23 10:56:21","post_modified_gmt":"2024-10-23 08:56:21","post_content_filtered":"","post_parent":0,"guid":"https:\/\/www.jes-stuttgart.de\/person\/melanie-brunner\/","menu_order":246,"post_type":"person","post_mime_type":"","comment_count":"0","filter":"raw"},{"ID":5266,"post_author":"13","post_date":"2022-07-20 20:27:10","post_date_gmt":"2022-07-20 18:27:10","post_content":"<!-- wp:image {\"id\":1909,\"sizeSlug\":\"full\",\"linkDestination\":\"none\"} -->\n<figure class=\"wp-block-image size-full\"><img src=\"https:\/\/www.jes-stuttgart.de\/wp-content\/uploads\/jankeller.jpg\" alt=\"\" class=\"wp-image-1909\"\/><\/figure>\n<!-- \/wp:image -->\n\n<!-- wp:paragraph {\"placeholder\":\"Lorem ipsum dolor sit amet, consetetur sadipscing elitr, sed diam nonumy eirmod tempor invidunt ut labore et dolore magna aliquyam erat, sed diam voluptua. At vero eos et accusam et justo duo dolores et ea rebum. Stet clita kasd gubergren, no sea takimata sanctus est Lorem ipsum dolor sit amet. Lorem ipsum dolor sit amet, consetetur sadipscing elitr, sed diam nonumy eirmod tempor invidunt ut labore et dolore magna aliquyam erat, sed diam voluptua. At vero eos et accusam et justo duo dolores et ea rebum. Stet clita kasd gubergren, no sea takimata sanctus est Lorem ipsum dolor sit amet.\",\"lock\":{\"move\":true,\"remove\":false},\"fontSize\":\"medium\"} -->\n<p class=\"has-medium-font-size\">works in the JES technical team. He has been deputy technical director since the 2019\/20 season.<\/p>\n<!-- \/wp:paragraph -->\n\n<!-- wp:paragraph -->\n<p><\/p>\n<!-- \/wp:paragraph -->\n\n<!-- wp:paragraph {\"fontSize\":\"normal\"} -->\n<p class=\"has-normal-font-size\">CONTACT<\/p>\n<!-- \/wp:paragraph -->\n\n<!-- wp:paragraph {\"fontSize\":\"medium\"} -->\n<p class=\"has-medium-font-size\"><a href=\"mailto:technik@jes-stuttgart.de\">technik@jes-stuttgart.de<\/a><\/p>\n<!-- \/wp:paragraph -->","post_title":"Jan Keller (he\/him)","post_excerpt":"","post_status":"publish","comment_status":"closed","ping_status":"closed","post_password":"","post_name":"jan-keller","to_ping":"","pinged":"","post_modified":"2024-10-24 10:53:03","post_modified_gmt":"2024-10-24 08:53:03","post_content_filtered":"","post_parent":0,"guid":"https:\/\/www.jes-stuttgart.de\/person\/jan-keller\/","menu_order":179,"post_type":"person","post_mime_type":"","comment_count":"0","filter":"raw"},{"ID":5300,"post_author":"13","post_date":"2022-07-20 21:39:54","post_date_gmt":"2022-07-20 19:39:54","post_content":"<!-- wp:paragraph {\"fontSize\":\"normal\"} -->\n<p class=\"has-normal-font-size\">JES staff member, technician, workshop<\/p>\n<!-- \/wp:paragraph -->\n\n<!-- wp:paragraph {\"fontSize\":\"normal\"} -->\n<p class=\"has-normal-font-size\">Wolfram St\u00f6ckl has been part of the technical team at JES since the 2014\/15 season.<\/p>\n<!-- \/wp:paragraph -->\n\n<!-- wp:paragraph {\"fontSize\":\"normal\"} -->\n<p class=\"has-normal-font-size\">CONTACT<\/p>\n<!-- \/wp:paragraph -->\n\n<!-- wp:paragraph {\"fontSize\":\"normal\"} -->\n<p class=\"has-normal-font-size\"><a href=\"mailto:technik@jes-stuttgart.de\">technik@jes-stuttgart.de<\/a><\/p>\n<!-- \/wp:paragraph -->\n\n<!-- wp:paragraph -->\n<p><\/p>\n<!-- \/wp:paragraph -->","post_title":"Wolfram St\u00f6ckl","post_excerpt":"","post_status":"publish","comment_status":"closed","ping_status":"closed","post_password":"","post_name":"wolfram-stoeckl","to_ping":"","pinged":"","post_modified":"2024-10-23 15:16:00","post_modified_gmt":"2024-10-23 13:16:00","post_content_filtered":"","post_parent":0,"guid":"https:\/\/www.jes-stuttgart.de\/person\/wolfram-stoeckl\/","menu_order":154,"post_type":"person","post_mime_type":"","comment_count":"0","filter":"raw"},{"ID":20155,"post_author":"11","post_date":"2023-11-29 13:45:26","post_date_gmt":"2023-11-29 12:45:26","post_content":"<!-- wp:image -->\n<figure class=\"wp-block-image\"><img alt=\"\"><\/figure>\n<!-- \/wp:image -->\n\n<!-- wp:paragraph {\"placeholder\":\"Lorem ipsum dolor sit amet, consetetur sadipscing elitr, sed diam nonumy eirmod tempor invidunt ut labore et dolore magna aliquyam erat, sed diam voluptua. At vero eos et accusam et justo duo dolores et ea rebum. Stet clita kasd gubergren, no sea takimata sanctus est Lorem ipsum dolor sit amet. Lorem ipsum dolor sit amet, consetetur sadipscing elitr, sed diam nonumy eirmod tempor invidunt ut labore et dolore magna aliquyam erat, sed diam voluptua. At vero eos et accusam et justo duo dolores et ea rebum. Stet clita kasd gubergren, no sea takimata sanctus est Lorem ipsum dolor sit amet.\",\"lock\":{\"move\":true,\"remove\":false}} -->\n<p><\/p>\n<!-- \/wp:paragraph -->","post_title":"Lotte Sommerfeld","post_excerpt":"","post_status":"publish","comment_status":"closed","ping_status":"closed","post_password":"","post_name":"lotte-sommerfeld","to_ping":"","pinged":"","post_modified":"2024-04-17 08:38:11","post_modified_gmt":"2024-04-17 06:38:11","post_content_filtered":"","post_parent":0,"guid":"https:\/\/www.jes-stuttgart.de\/person\/lotte-sommerfeld\/","menu_order":73,"post_type":"person","post_mime_type":"","comment_count":"0","filter":"raw"},{"ID":20139,"post_author":"13","post_date":"2023-11-29 13:08:01","post_date_gmt":"2023-11-29 12:08:01","post_content":"<!-- wp:image -->\n<figure class=\"wp-block-image\"><img alt=\"\"><\/figure>\n<!-- \/wp:image -->\n\n<!-- wp:paragraph {\"placeholder\":\"Lorem ipsum dolor sit amet, consetetur sadipscing elitr, sed diam nonumy eirmod tempor invidunt ut labore et dolore magna aliquyam erat, sed diam voluptua. At vero eos et accusam et justo duo dolores et ea rebum. Stet clita kasd gubergren, no sea takimata sanctus est Lorem ipsum dolor sit amet. Lorem ipsum dolor sit amet, consetetur sadipscing elitr, sed diam nonumy eirmod tempor invidunt ut labore et dolore magna aliquyam erat, sed diam voluptua. At vero eos et accusam et justo duo dolores et ea rebum. Stet clita kasd gubergren, no sea takimata sanctus est Lorem ipsum dolor sit amet.\",\"lock\":{\"move\":true,\"remove\":false}} -->\n<p><\/p>\n<!-- \/wp:paragraph -->","post_title":"Alessandro Mongiovi (he\/him)","post_excerpt":"","post_status":"publish","comment_status":"closed","ping_status":"closed","post_password":"","post_name":"alessandro-mongiovi","to_ping":"","pinged":"","post_modified":"2025-02-13 14:53:50","post_modified_gmt":"2025-02-13 13:53:50","post_content_filtered":"","post_parent":0,"guid":"https:\/\/www.jes-stuttgart.de\/person\/alessandro-mongiovi\/","menu_order":75,"post_type":"person","post_mime_type":"","comment_count":"0","filter":"raw"}],"cast_person_additional":"David Vetter"},{"cast_position":"Ausstattung","cast_person":[{"ID":5290,"post_author":"13","post_date":"2022-07-07 16:14:19","post_date_gmt":"2022-07-07 14:14:19","post_content":"<!-- wp:image {\"id\":1911,\"sizeSlug\":\"full\",\"linkDestination\":\"none\"} -->\n<figure class=\"wp-block-image size-full\"><img src=\"https:\/\/www.jes-stuttgart.de\/wp-content\/uploads\/juliascholz.jpg\" alt=\"\" class=\"wp-image-1911\"\/><\/figure>\n<!-- \/wp:image -->\n\n<!-- wp:paragraph {\"style\":{\"typography\":{\"textTransform\":\"uppercase\"}},\"fontSize\":\"normal\"} -->\n<p class=\"has-normal-font-size\" style=\"text-transform:uppercase\"><\/p>\n<!-- \/wp:paragraph -->\n\n<!-- wp:paragraph {\"fontSize\":\"medium\"} -->\n<p class=\"has-medium-font-size\">Education<\/p>\n<!-- \/wp:paragraph -->\n\n<!-- wp:paragraph {\"fontSize\":\"medium\"} -->\n<p class=\"has-medium-font-size\">I studied set and costume design at Central St Martin\u02bcs College of Art and Design in London.<\/p>\n<!-- \/wp:paragraph -->\n\n<!-- wp:paragraph {\"fontSize\":\"medium\"} -->\n<p class=\"has-medium-font-size\">Elsewhere<\/p>\n<!-- \/wp:paragraph -->\n\n<!-- wp:paragraph {\"fontSize\":\"medium\"} -->\n<p class=\"has-medium-font-size\">From 1997 to 2002 I worked as a stage design assistant at theatres in Cologne City, Staatstheater and Thalia Theater Hamburg, where I was able to work with directors such as Michael Thalheimer, Stephan Kimmig and Leander Haussmann.<\/p>\n<!-- \/wp:paragraph -->\n\n<!-- wp:paragraph {\"fontSize\":\"medium\"} -->\n<p class=\"has-medium-font-size\">In Hamburg I met the director Jorinde Dr\u00f6se, with whom I created numerous productions as a stage and costume designer from 2002 onwards at theatres such as Schauspiel Bochum, Schauspiel Frankfurt, Schauspiel Leipzig and Volkstheater M\u00fcnchen.<\/p>\n<!-- \/wp:paragraph -->\n\n<!-- wp:paragraph {\"fontSize\":\"medium\"} -->\n<p class=\"has-medium-font-size\">I have also created many stage and costume designs with the directors Sabine Harbeke, Klaus Hemmerle, Alexander Schilling and H\u00fcseyin Michael Circipi at the Heilbronn Theatre, Landestheater Innsbruck and Theater Ingolstadt, among others.<\/p>\n<!-- \/wp:paragraph -->\n\n<!-- wp:paragraph {\"fontSize\":\"medium\"} -->\n<p class=\"has-medium-font-size\">JES! and me<\/p>\n<!-- \/wp:paragraph -->\n\n<!-- wp:paragraph {\"fontSize\":\"medium\"} -->\n<p class=\"has-medium-font-size\">I joined JES in 2018 as head of set design, much to the delight of my sons, with whom I live here in Stuttgart.<\/p>\n<!-- \/wp:paragraph -->\n\n<!-- wp:paragraph {\"fontSize\":\"medium\"} -->\n<p class=\"has-medium-font-size\">CONTACT<\/p>\n<!-- \/wp:paragraph -->\n\n<!-- wp:paragraph {\"fontSize\":\"medium\"} -->\n<p class=\"has-medium-font-size\"><a href=\"mailto:julia.scholz@jes-stuttgart.de\">julia.scholz@jes-stuttgart.de<\/a><\/p>\n<!-- \/wp:paragraph -->","post_title":"Julia Scholz (she\/her)","post_excerpt":"","post_status":"publish","comment_status":"closed","ping_status":"closed","post_password":"","post_name":"julia-scholz","to_ping":"","pinged":"","post_modified":"2024-10-29 12:30:55","post_modified_gmt":"2024-10-29 11:30:55","post_content_filtered":"","post_parent":0,"guid":"https:\/\/www.jes-stuttgart.de\/person\/julia-scholz\/","menu_order":230,"post_type":"person","post_mime_type":"","comment_count":"0","filter":"raw"},{"ID":5232,"post_author":"13","post_date":"2022-07-07 16:15:59","post_date_gmt":"2022-07-07 14:15:59","post_content":"<!-- wp:image {\"id\":1217,\"sizeSlug\":\"full\",\"linkDestination\":\"none\"} -->\n<figure class=\"wp-block-image size-full\"><img src=\"https:\/\/www.jes-stuttgart.de\/wp-content\/uploads\/jsn3450-edited.jpg\" alt=\"\" class=\"wp-image-1217\"\/><\/figure>\n<!-- \/wp:image -->\n\n<!-- wp:paragraph {\"style\":{\"typography\":{\"textTransform\":\"uppercase\"}},\"fontSize\":\"normal\"} -->\n<p class=\"has-normal-font-size\" style=\"text-transform:uppercase\">Education<\/p>\n<!-- \/wp:paragraph -->\n\n<!-- wp:paragraph {\"fontSize\":\"medium\"} -->\n<p class=\"has-medium-font-size\">I came to Stuttgart to study interior design at FHT and stayed here - but not as an interior designer! Pretty soon I was happily letting myself fall into the waters of the theatre seas...<\/p>\n<!-- \/wp:paragraph -->\n\n<!-- wp:paragraph {\"fontSize\":\"medium\"} -->\n<p class=\"has-medium-font-size\">Elsewhere<\/p>\n<!-- \/wp:paragraph -->\n\n<!-- wp:paragraph {\"fontSize\":\"medium\"} -->\n<p class=\"has-medium-font-size\">In addition to the waters of the Staatstheater Stuttgart, the current has also repeatedly driven me further north, e.g. to Hebbel am Ufer in Berlin.<\/p>\n<!-- \/wp:paragraph -->\n\n<!-- wp:paragraph {\"fontSize\":\"medium\"} -->\n<p class=\"has-medium-font-size\">JES! and me<\/p>\n<!-- \/wp:paragraph -->\n\n<!-- wp:paragraph {\"fontSize\":\"medium\"} -->\n<p class=\"has-medium-font-size\">I started at JES as a temporary set sailor, but after immersing myself in other film and theatre worlds, I have always enjoyed sailing back to JES and have been a permanent member of the colourful set team since 2016.<\/p>\n<!-- \/wp:paragraph -->\n\n<!-- wp:paragraph {\"style\":{\"typography\":{\"textTransform\":\"uppercase\"}},\"fontSize\":\"normal\"} -->\n<p class=\"has-normal-font-size\" style=\"text-transform:uppercase\">CONTACT<\/p>\n<!-- \/wp:paragraph -->\n\n<!-- wp:paragraph {\"fontSize\":\"medium\"} -->\n<p class=\"has-medium-font-size\"><a href=\"mailto:ausstattung@jes-stuttgart.de\">ausstattung@jes-stuttgart.de<\/a><\/p>\n<!-- \/wp:paragraph -->","post_title":"Christine Bentele (she\/her)","post_excerpt":"","post_status":"publish","comment_status":"closed","ping_status":"closed","post_password":"","post_name":"christine-bentele","to_ping":"","pinged":"","post_modified":"2024-10-23 10:54:08","post_modified_gmt":"2024-10-23 08:54:08","post_content_filtered":"","post_parent":0,"guid":"https:\/\/www.jes-stuttgart.de\/person\/christine-bentele\/","menu_order":228,"post_type":"person","post_mime_type":"","comment_count":"0","filter":"raw"},{"ID":5292,"post_author":"13","post_date":"2022-07-07 16:19:51","post_date_gmt":"2022-07-07 14:19:51","post_content":"<!-- wp:paragraph {\"style\":{\"typography\":{\"textTransform\":\"uppercase\"}},\"fontSize\":\"normal\"} -->\n<p class=\"has-normal-font-size\" style=\"text-transform:uppercase\"><a href=\"https:\/\/www.jes-stuttgart.de\/personen\/#collapsible-person-573\"><\/a><\/p>\n<!-- \/wp:paragraph -->\n\n<!-- wp:paragraph -->\n<p><\/p>\n<!-- \/wp:paragraph -->\n\n<!-- wp:paragraph {\"fontSize\":\"medium\"} -->\n<p class=\"has-medium-font-size\">Elsewhere<\/p>\n<!-- \/wp:paragraph -->\n\n<!-- wp:paragraph {\"fontSize\":\"medium\"} -->\n<p class=\"has-medium-font-size\">I have been drawn to the theatre since I was a child. My first internship in 2008\/2009 was at JES in the set design department. Since then, I have worked there on and off as a temp.<\/p>\n<!-- \/wp:paragraph -->\n\n<!-- wp:paragraph {\"fontSize\":\"medium\"} -->\n<p class=\"has-medium-font-size\">At Staatstheater Stuttgart, I worked as a costume and set designer for Christian Tschirner and Corinna Harfouch, among others. I also worked there as a production assistant on the international theatre project \u2018Orient Express\u2019. At the Ludwigsburg Film Academy, I was able to immerse myself as a set designer in the world of film. I also worked in the costume department at Altes Schauspielhaus and the Palladium.<\/p>\n<!-- \/wp:paragraph -->\n\n<!-- wp:paragraph {\"fontSize\":\"medium\"} -->\n<p class=\"has-medium-font-size\">My additional expertise includes training as a carpenter, a year studying expressive dance and training as a textile designer in the craft of weaving.<\/p>\n<!-- \/wp:paragraph -->\n\n<!-- wp:paragraph {\"fontSize\":\"medium\"} -->\n<p class=\"has-medium-font-size\">JES! and me<\/p>\n<!-- \/wp:paragraph -->\n\n<!-- wp:paragraph {\"fontSize\":\"medium\"} -->\n<p class=\"has-medium-font-size\">I have been supporting the JES equipment team as a member of staff since the 2021\/2022 season.<\/p>\n<!-- \/wp:paragraph -->\n\n<!-- wp:paragraph {\"fontSize\":\"medium\"} -->\n<p class=\"has-medium-font-size\">CONTACT<\/p>\n<!-- \/wp:paragraph -->\n\n<!-- wp:paragraph {\"fontSize\":\"medium\"} -->\n<p class=\"has-medium-font-size\"><a href=\"mailto:ausstattung@jes-stuttgart.de\">ausstattung@jes-stuttgart.de<\/a><\/p>\n<!-- \/wp:paragraph -->\n\n<!-- wp:paragraph -->\n<p><\/p>\n<!-- \/wp:paragraph -->","post_title":"Friederike Sch\u00fctthoff (she\/her)","post_excerpt":"","post_status":"publish","comment_status":"closed","ping_status":"closed","post_password":"","post_name":"friederike-schuettoff","to_ping":"","pinged":"","post_modified":"2024-10-29 12:28:53","post_modified_gmt":"2024-10-29 11:28:53","post_content_filtered":"","post_parent":0,"guid":"https:\/\/www.jes-stuttgart.de\/person\/friederike-schuettoff\/","menu_order":223,"post_type":"person","post_mime_type":"","comment_count":"0","filter":"raw"},{"ID":26036,"post_author":"13","post_date":"2025-01-09 17:07:59","post_date_gmt":"2025-01-09 16:07:59","post_content":"<!-- wp:image -->\n<figure class=\"wp-block-image\"><img alt=\"\"\/><\/figure>\n<!-- \/wp:image -->\n\n<!-- wp:paragraph {\"placeholder\":\"Lorem ipsum dolor sit amet, consetetur sadipscing elitr, sed diam nonumy eirmod tempor invidunt ut labore et dolore magna aliquyam erat, sed diam voluptua. At vero eos et accusam et justo duo dolores et ea rebum. Stet clita kasd gubergren, no sea takimata sanctus est Lorem ipsum dolor sit amet. Lorem ipsum dolor sit amet, consetetur sadipscing elitr, sed diam nonumy eirmod tempor invidunt ut labore et dolore magna aliquyam erat, sed diam voluptua. At vero eos et accusam et justo duo dolores et ea rebum. Stet clita kasd gubergren, no sea takimata sanctus est Lorem ipsum dolor sit amet.\",\"lock\":{\"move\":true,\"remove\":false}} -->\n<p><\/p>\n<!-- \/wp:paragraph -->","post_title":"Jelena Lom (sie\/ihr)","post_excerpt":"","post_status":"publish","comment_status":"closed","ping_status":"closed","post_password":"","post_name":"jelena-lom","to_ping":"","pinged":"","post_modified":"2025-01-09 17:20:53","post_modified_gmt":"2025-01-09 16:20:53","post_content_filtered":"","post_parent":0,"guid":"https:\/\/www.jes-stuttgart.de\/?post_type=person&#038;p=26036","menu_order":24,"post_type":"person","post_mime_type":"","comment_count":"0","filter":"raw"},{"ID":25577,"post_author":"13","post_date":"2024-12-10 11:02:00","post_date_gmt":"2024-12-10 10:02:00","post_content":"<!-- wp:image {\"id\":25578,\"sizeSlug\":\"full\",\"linkDestination\":\"none\"} -->\n<figure class=\"wp-block-image size-full\"><img src=\"https:\/\/www.jes-stuttgart.de\/wp-content\/uploads\/dsc00281.jpg\" alt=\"\" class=\"wp-image-25578\"\/><figcaption class=\"wp-element-caption\">Foto: Alicia Hoffmann<\/figcaption><\/figure>\n<!-- \/wp:image -->\n\n<!-- wp:paragraph {\"placeholder\":\"Lorem ipsum dolor sit amet, consetetur sadipscing elitr, sed diam nonumy eirmod tempor invidunt ut labore et dolore magna aliquyam erat, sed diam voluptua. At vero eos et accusam et justo duo dolores et ea rebum. Stet clita kasd gubergren, no sea takimata sanctus est Lorem ipsum dolor sit amet. Lorem ipsum dolor sit amet, consetetur sadipscing elitr, sed diam nonumy eirmod tempor invidunt ut labore et dolore magna aliquyam erat, sed diam voluptua. At vero eos et accusam et justo duo dolores et ea rebum. Stet clita kasd gubergren, no sea takimata sanctus est Lorem ipsum dolor sit amet.\",\"lock\":{\"move\":true,\"remove\":false},\"fontSize\":\"medium\"} -->\n<p class=\"has-medium-font-size\"><br>KONTAKT<br>ausstattung@jes-stuttgart.de<\/p>\n<!-- \/wp:paragraph -->\n\n<!-- wp:paragraph {\"placeholder\":\"Lorem ipsum dolor sit amet, consetetur sadipscing elitr, sed diam nonumy eirmod tempor invidunt ut labore et dolore magna aliquyam erat, sed diam voluptua. At vero eos et accusam et justo duo dolores et ea rebum. Stet clita kasd gubergren, no sea takimata sanctus est Lorem ipsum dolor sit amet. Lorem ipsum dolor sit amet, consetetur sadipscing elitr, sed diam nonumy eirmod tempor invidunt ut labore et dolore magna aliquyam erat, sed diam voluptua. At vero eos et accusam et justo duo dolores et ea rebum. Stet clita kasd gubergren, no sea takimata sanctus est Lorem ipsum dolor sit amet.\",\"lock\":{\"move\":true,\"remove\":false}} -->\n<p><\/p>\n<!-- \/wp:paragraph -->","post_title":"Madeleine Stuckenbrock (sie\/ihr)","post_excerpt":"","post_status":"publish","comment_status":"closed","ping_status":"closed","post_password":"","post_name":"madeleine-stuckenbrock-sie-ihr","to_ping":"","pinged":"","post_modified":"2024-12-10 11:05:05","post_modified_gmt":"2024-12-10 10:05:05","post_content_filtered":"","post_parent":0,"guid":"https:\/\/www.jes-stuttgart.de\/?post_type=person&#038;p=25577","menu_order":27,"post_type":"person","post_mime_type":"","comment_count":"0","filter":"raw"}],"cast_person_additional":""},{"cast_position":"","cast_person":"","cast_person_additional":""}],"cast_member":[{"ID":5273,"post_author":"13","post_date":"2022-07-07 16:12:38","post_date_gmt":"2022-07-07 14:12:38","post_content":"<!-- wp:image {\"id\":1246,\"sizeSlug\":\"full\",\"linkDestination\":\"none\"} -->\n<figure class=\"wp-block-image size-full\"><img src=\"https:\/\/www.jes-stuttgart.de\/wp-content\/uploads\/jsn3874-edited.jpg\" alt=\"\" class=\"wp-image-1246\"\/><\/figure>\n<!-- \/wp:image -->\n\n<!-- wp:paragraph {\"placeholder\":\"Lorem ipsum dolor sit amet, consetetur sadipscing elitr, sed diam nonumy eirmod tempor invidunt ut labore et dolore magna aliquyam erat, sed diam voluptua. At vero eos et accusam et justo duo dolores et ea rebum. Stet clita kasd gubergren, no sea takimata sanctus est Lorem ipsum dolor sit amet. Lorem ipsum dolor sit amet, consetetur sadipscing elitr, sed diam nonumy eirmod tempor invidunt ut labore et dolore magna aliquyam erat, sed diam voluptua. At vero eos et accusam et justo duo dolores et ea rebum. Stet clita kasd gubergren, no sea takimata sanctus est Lorem ipsum dolor sit amet.\",\"lock\":{\"move\":true,\"remove\":false},\"fontSize\":\"medium\"} -->\n<p class=\"has-medium-font-size\">EDUCATION<br>I was born in Munich in 1995. I have always been interested in artistic creation and first graduated from a specialised secondary school for design before completing my training as an actress in 2022.<\/p>\n<!-- \/wp:paragraph -->\n\n<!-- wp:paragraph {\"fontSize\":\"medium\"} -->\n<p class=\"has-medium-font-size\">ELSEWHERE<\/p>\n<!-- \/wp:paragraph -->\n\n<!-- wp:paragraph {\"fontSize\":\"medium\"} -->\n<p class=\"has-medium-font-size\">In Munich, I took part in several independent theatre productions (mainly in the field of commedia dell'arte) and was part of Yorick's Company at the FestSpielHaus M\u00fcnchen.<\/p>\n<!-- \/wp:paragraph -->\n\n<!-- wp:paragraph {\"fontSize\":\"medium\"} -->\n<p class=\"has-medium-font-size\">JES! AND ME<\/p>\n<!-- \/wp:paragraph -->\n\n<!-- wp:paragraph {\"placeholder\":\"Lorem ipsum dolor sit amet, consetetur sadipscing elitr, sed diam nonumy eirmod tempor invidunt ut labore et dolore magna aliquyam erat, sed diam voluptua. At vero eos et accusam et justo duo dolores et ea rebum. Stet clita kasd gubergren, no sea takimata sanctus est Lorem ipsum dolor sit amet. Lorem ipsum dolor sit amet, consetetur sadipscing elitr, sed diam nonumy eirmod tempor invidunt ut labore et dolore magna aliquyam erat, sed diam voluptua. At vero eos et accusam et justo duo dolores et ea rebum. Stet clita kasd gubergren, no sea takimata sanctus est Lorem ipsum dolor sit amet.\",\"lock\":{\"move\":true,\"remove\":false},\"fontSize\":\"medium\"} -->\n<p class=\"has-medium-font-size\">In September 2022 I moved to Stuttgart and am now part of the permanent ensemble at JES.<\/p>\n<!-- \/wp:paragraph -->","post_title":"Lola Merz Robinson (none\/they)","post_excerpt":"","post_status":"publish","comment_status":"closed","ping_status":"closed","post_password":"","post_name":"lola-merz-robinson","to_ping":"","pinged":"","post_modified":"2024-10-24 12:12:25","post_modified_gmt":"2024-10-24 10:12:25","post_content_filtered":"","post_parent":0,"guid":"https:\/\/www.jes-stuttgart.de\/person\/lola-merz-robinson\/","menu_order":234,"post_type":"person","post_mime_type":"","comment_count":"0","filter":"raw"},{"ID":5275,"post_author":"13","post_date":"2022-07-20 20:50:16","post_date_gmt":"2022-07-20 18:50:16","post_content":"<!-- wp:image {\"id\":31693,\"sizeSlug\":\"full\",\"linkDestination\":\"none\"} -->\n<figure class=\"wp-block-image size-full\"><img src=\"https:\/\/www.jes-stuttgart.de\/wp-content\/uploads\/lee-bewerbungsfoto-levi-hammes.jpg\" alt=\"\" class=\"wp-image-31693\"\/><figcaption class=\"wp-element-caption\">Foto: Levi Hammes<\/figcaption><\/figure>\n<!-- \/wp:image -->\n\n<!-- wp:paragraph {\"style\":{\"typography\":{\"textTransform\":\"uppercase\"}},\"fontSize\":\"normal\"} -->\n<p class=\"has-normal-font-size\" style=\"text-transform:uppercase\">Education<\/p>\n<!-- \/wp:paragraph -->\n\n<!-- wp:paragraph {\"fontSize\":\"medium\"} -->\n<p class=\"has-medium-font-size\">I was born in Wuppertal in 2003 and grew up in Stuttgart. I graduated from high school in Stuttgart in spring 2021.<\/p>\n<!-- \/wp:paragraph -->\n\n<!-- wp:spacer {\"height\":\"20px\"} -->\n<div style=\"height:20px\" aria-hidden=\"true\" class=\"wp-block-spacer\"><\/div>\n<!-- \/wp:spacer -->\n\n<!-- wp:paragraph {\"style\":{\"typography\":{\"textTransform\":\"uppercase\"}},\"fontSize\":\"normal\"} -->\n<p class=\"has-normal-font-size\" style=\"text-transform:uppercase\">JES! And Me<\/p>\n<!-- \/wp:paragraph -->\n\n<!-- wp:paragraph {\"fontSize\":\"medium\"} -->\n<p class=\"has-medium-font-size\">JES has been a part of my life since I was eight years old. As a child and teenager, I participated in numerous play clubs and was part of the productions \u201cR.E.S.P.E.C.T.\u201d from 2017 to 2019 and \u201cIdentity\u201d from 2019 to 2020.<br>In autumn 2021, I did my first assistant directing at JES for the production \u201cArchive der K\u00f6rper\u201d and have been permanently engaged as an assistant director since the 2022\/23 season, starting with the production \u201cHier ist noch alles m\u00f6glich\u201d.<\/p>\n<!-- \/wp:paragraph -->\n\n<!-- wp:spacer {\"height\":\"20px\"} -->\n<div style=\"height:20px\" aria-hidden=\"true\" class=\"wp-block-spacer\"><\/div>\n<!-- \/wp:spacer -->","post_title":"Lee M\u00fclders","post_excerpt":"","post_status":"publish","comment_status":"closed","ping_status":"closed","post_password":"","post_name":"lee-muelders","to_ping":"","pinged":"","post_modified":"2026-01-19 14:05:28","post_modified_gmt":"2026-01-19 13:05:28","post_content_filtered":"","post_parent":0,"guid":"https:\/\/www.jes-stuttgart.de\/person\/lee-muelders\/","menu_order":173,"post_type":"person","post_mime_type":"","comment_count":"0","filter":"raw"},{"ID":5310,"post_author":"13","post_date":"2022-07-07 16:13:15","post_date_gmt":"2022-07-07 14:13:15","post_content":"<!-- wp:image {\"id\":1219,\"sizeSlug\":\"full\",\"linkDestination\":\"none\"} -->\n<figure class=\"wp-block-image size-full\"><img src=\"https:\/\/www.jes-stuttgart.de\/wp-content\/uploads\/jsn3022-edited.jpg\" alt=\"\" class=\"wp-image-1219\"\/><\/figure>\n<!-- \/wp:image -->\n\n<!-- wp:paragraph {\"style\":{\"typography\":{\"textTransform\":\"uppercase\"}},\"fontSize\":\"normal\"} -->\n<p class=\"has-normal-font-size\" style=\"text-transform:uppercase\">Education<\/p>\n<!-- \/wp:paragraph -->\n\n<!-- wp:paragraph {\"fontSize\":\"medium\"} -->\n<p class=\"has-medium-font-size\">I completed my bachelor\u2019s degree at Zurich University of the Arts. In summer 2019, I completed my master\u2019s degree in performance studies at the University of Hamburg.<\/p>\n<!-- \/wp:paragraph -->\n\n<!-- wp:paragraph {\"fontSize\":\"medium\"} -->\n<p class=\"has-medium-font-size\">Elsewhere<\/p>\n<!-- \/wp:paragraph -->\n\n<!-- wp:paragraph {\"fontSize\":\"medium\"} -->\n<p class=\"has-medium-font-size\">After my first permanent job at JES, I was drawn to the independent scene and to the stage again and again as a performer. My projects intersect at the interface between performative experiments, especially for young audiences, and mediation work between theatre and real life. These projects have taken me to Gessnerallee Zurich, Kampnagel in Hamburg, Schlachthaustheater Bern, Schauspielhaus Hamburg and Junges Theater Konstanz, among others.<\/p>\n<!-- \/wp:paragraph -->\n\n<!-- wp:paragraph {\"fontSize\":\"medium\"} -->\n<p class=\"has-medium-font-size\">JES and me<\/p>\n<!-- \/wp:paragraph -->\n\n<!-- wp:paragraph {\"style\":{\"typography\":{\"textTransform\":\"none\"}},\"fontSize\":\"medium\"} -->\n<p class=\"has-medium-font-size\" style=\"text-transform:none\">After completing my bachelor's degree, I was permanently employed as a theatre educator at the JES from 2012-2015. In the 2022\/23 season, I returned to JES as theatre educator, dramaturge and deputy artistic director.<\/p>\n<!-- \/wp:paragraph -->\n\n<!-- wp:spacer {\"height\":\"20px\"} -->\n<div style=\"height:20px\" aria-hidden=\"true\" class=\"wp-block-spacer\"><\/div>\n<!-- \/wp:spacer -->\n\n<!-- wp:paragraph {\"fontSize\":\"normal\"} -->\n<p class=\"has-normal-font-size\">CONTACT<\/p>\n<!-- \/wp:paragraph -->\n\n<!-- wp:paragraph {\"fontSize\":\"medium\"} -->\n<p class=\"has-medium-font-size\"><a href=\"mailto:fredericlilje@jes-stuttgart.de\">fredericlilje@jes-stuttgart.de<\/a><\/p>\n<!-- \/wp:paragraph -->","post_title":"Frederic Lilje (he\/him)","post_excerpt":"","post_status":"publish","comment_status":"closed","ping_status":"closed","post_password":"","post_name":"frederic-lilje","to_ping":"","pinged":"","post_modified":"2024-10-24 11:32:49","post_modified_gmt":"2024-10-24 09:32:49","post_content_filtered":"","post_parent":0,"guid":"https:\/\/www.jes-stuttgart.de\/person\/frederic-lilje\/","menu_order":231,"post_type":"person","post_mime_type":"","comment_count":"0","filter":"raw"},{"ID":20158,"post_author":"13","post_date":"2023-04-14 13:53:55","post_date_gmt":"2023-04-14 11:53:55","post_content":"<!-- wp:image {\"id\":11330,\"width\":961,\"sizeSlug\":\"large\",\"linkDestination\":\"none\"} -->\n<figure class=\"wp-block-image size-large is-resized\"><img src=\"https:\/\/www.jes-stuttgart.de\/wp-content\/uploads\/foto-martha-schmalz-v-jannes-matzen-1-1922x2560.jpeg\" alt=\"\" class=\"wp-image-11330\" style=\"width:961px\"><figcaption class=\"wp-element-caption\">Foto: Jannes Matzen<\/figcaption><\/figure>\n<!-- \/wp:image -->\n\n<!-- wp:paragraph {\"placeholder\":\"Lorem ipsum dolor sit amet, consetetur sadipscing elitr, sed diam nonumy eirmod tempor invidunt ut labore et dolore magna aliquyam erat, sed diam voluptua. At vero eos et accusam et justo duo dolores et ea rebum. Stet clita kasd gubergren, no sea takimata sanctus est Lorem ipsum dolor sit amet. Lorem ipsum dolor sit amet, consetetur sadipscing elitr, sed diam nonumy eirmod tempor invidunt ut labore et dolore magna aliquyam erat, sed diam voluptua. At vero eos et accusam et justo duo dolores et ea rebum. Stet clita kasd gubergren, no sea takimata sanctus est Lorem ipsum dolor sit amet.\",\"lock\":{\"move\":true,\"remove\":false},\"fontSize\":\"normal\"} -->\n<p class=\"has-normal-font-size\">Guest, directing assistant<\/p>\n<!-- \/wp:paragraph -->\n\n<!-- wp:paragraph {\"fontSize\":\"normal\"} -->\n<p class=\"has-normal-font-size\">Martha Luise Schmalz (she\/her) is studying Cultural Studies and Business Administration at the Humboldt University in Berlin. In addition to her studies, Martha has already worked as an assistant director and production assistant in Hamburg, Berlin and Stuttgart. In 2021\/22 she supported the organisation of the International Children's and Youth Theatre Festival BRIGHT VIEW at Junges Ensemble Stuttgart. In the 2022\/23 season, she was assistant director in the production \u2018Aus der Kurve fliegen\u2019.<\/p>\n<!-- \/wp:paragraph -->\n\n<!-- wp:paragraph -->\n<p><\/p>\n<!-- \/wp:paragraph -->","post_title":"Martha Schmalz","post_excerpt":"","post_status":"publish","comment_status":"closed","ping_status":"closed","post_password":"","post_name":"martha-schmalz-2","to_ping":"","pinged":"","post_modified":"2024-10-29 12:14:15","post_modified_gmt":"2024-10-29 11:14:15","post_content_filtered":"","post_parent":0,"guid":"https:\/\/www.jes-stuttgart.de\/person\/martha-schmalz-2\/","menu_order":120,"post_type":"person","post_mime_type":"","comment_count":"0","filter":"raw"},{"ID":24577,"post_author":"8","post_date":"2024-09-13 13:17:35","post_date_gmt":"2024-09-13 11:17:35","post_content":"<!-- wp:image {\"id\":25497,\"sizeSlug\":\"full\",\"linkDestination\":\"none\"} -->\n<figure class=\"wp-block-image size-full\"><img src=\"https:\/\/www.jes-stuttgart.de\/wp-content\/uploads\/dsc00502.jpg\" alt=\"\" class=\"wp-image-25497\"\/><figcaption class=\"wp-element-caption\">Foto: Alicia Hoffmann<\/figcaption><\/figure>\n<!-- \/wp:image -->\n\n<!-- wp:paragraph {\"fontSize\":\"medium\"} -->\n<p class=\"has-medium-font-size\">AUSBILDUNG<\/p>\n<!-- \/wp:paragraph -->\n\n<!-- wp:paragraph {\"fontSize\":\"medium\"} -->\n<p class=\"has-medium-font-size\">Ich wurde 1995 in Gie\u00dfen geboren. Nach einem FSJ-Kultur am tjg. theater junge generation Dresden studierte ich Theater- und Kulturwissenschaften an der Universit\u00e4t Leipzig und anschlie\u00dfend Kulturvermittlung an der Universit\u00e4t Hildesheim.<\/p>\n<!-- \/wp:paragraph -->\n\n<!-- wp:spacer {\"height\":\"20px\"} -->\n<div style=\"height:20px\" aria-hidden=\"true\" class=\"wp-block-spacer\"><\/div>\n<!-- \/wp:spacer -->\n\n<!-- wp:paragraph {\"fontSize\":\"medium\"} -->\n<p class=\"has-medium-font-size\">AN ANDEREN ORTEN<\/p>\n<!-- \/wp:paragraph -->\n\n<!-- wp:paragraph {\"fontSize\":\"medium\"} -->\n<p class=\"has-medium-font-size\">W\u00e4hrend meines Studiums war ich als Regieassistentin und freie Kunst- und Theatervermittlerin in unterschiedlichen Projekten und Kultureinrichtungen t\u00e4tig- u.a. am Schauspiel Leipzig, bei FLIPPO, die Kinderzeitung der GfZK Leipzig, an den Cammerspielen Leipzig sowie am Schauspiel Hannover. Nebenbei arbeitete ich als politische Bildnerin f\u00fcr ein Schulaufkl\u00e4rungs- und Antidiskriminierungsprojekt. Dabei gab ich Workshops zu geschlechtlicher und sexueller Vielfalt f\u00fcr Schulklassen unterschiedlicher Jahrgangsstufen.<br>Meine Arbeitsschwerpunkte liegen auf der Verbindung zwischen Kultureller und Politischer Bildung und der performativ-experimentellen Theaterarbeit mit jungen Personen.<\/p>\n<!-- \/wp:paragraph -->\n\n<!-- wp:spacer {\"height\":\"20px\"} -->\n<div style=\"height:20px\" aria-hidden=\"true\" class=\"wp-block-spacer\"><\/div>\n<!-- \/wp:spacer -->\n\n<!-- wp:paragraph {\"fontSize\":\"medium\"} -->\n<p class=\"has-medium-font-size\">JES UND ICH<\/p>\n<!-- \/wp:paragraph -->\n\n<!-- wp:paragraph {\"fontSize\":\"medium\"} -->\n<p class=\"has-medium-font-size\">Ab der Spielzeit 2024\/25 arbeite ich fest als Theaterp\u00e4dagogin am JES und leite u.a. den Spielclub \u201eDas Labor der \u00c4ngste\u201c und das Ferienprojekt \u201eQueer*Town.\u201c<\/p>\n<!-- \/wp:paragraph -->\n\n<!-- wp:spacer {\"height\":\"20px\"} -->\n<div style=\"height:20px\" aria-hidden=\"true\" class=\"wp-block-spacer\"><\/div>\n<!-- \/wp:spacer -->\n\n<!-- wp:paragraph {\"fontSize\":\"medium\"} -->\n<p class=\"has-medium-font-size\">KONTAKT<\/p>\n<!-- \/wp:paragraph -->\n\n<!-- wp:paragraph {\"fontSize\":\"medium\"} -->\n<p class=\"has-medium-font-size\"><a href=\"mailto:katharina.felde@jes-stuttgart.de\">katharina.felde@jes-stuttgart.de<\/a><br>0711 \/ 218 480 22<\/p>\n<!-- \/wp:paragraph -->","post_title":"Katharina Felde (sie\/ihr)","post_excerpt":"","post_status":"publish","comment_status":"closed","ping_status":"closed","post_password":"","post_name":"katharina-felde-sie-ihr","to_ping":"","pinged":"","post_modified":"2026-02-13 12:56:17","post_modified_gmt":"2026-02-13 11:56:17","post_content_filtered":"","post_parent":0,"guid":"https:\/\/www.jes-stuttgart.de\/person\/katharina-felde-sie-ihr\/","menu_order":37,"post_type":"person","post_mime_type":"","comment_count":"0","filter":"raw"},{"ID":24751,"post_author":"13","post_date":"2024-10-29 11:32:20","post_date_gmt":"2024-10-29 10:32:20","post_content":"<!-- wp:image {\"id\":24781,\"sizeSlug\":\"large\",\"linkDestination\":\"none\"} -->\n<figure class=\"wp-block-image size-large\"><img src=\"https:\/\/www.jes-stuttgart.de\/wp-content\/uploads\/foto-nadja-rui-vlenja-kempf-1-1-1707x2560.jpg\" alt=\"\" class=\"wp-image-24781\"\/><figcaption class=\"wp-element-caption\">Foto: Lenja Kempf<\/figcaption><\/figure>\n<!-- \/wp:image -->\n\n<!-- wp:paragraph {\"placeholder\":\"Lorem ipsum dolor sit amet, consetetur sadipscing elitr, sed diam nonumy eirmod tempor invidunt ut labore et dolore magna aliquyam erat, sed diam voluptua. At vero eos et accusam et justo duo dolores et ea rebum. Stet clita kasd gubergren, no sea takimata sanctus est Lorem ipsum dolor sit amet. Lorem ipsum dolor sit amet, consetetur sadipscing elitr, sed diam nonumy eirmod tempor invidunt ut labore et dolore magna aliquyam erat, sed diam voluptua. At vero eos et accusam et justo duo dolores et ea rebum. Stet clita kasd gubergren, no sea takimata sanctus est Lorem ipsum dolor sit amet.\",\"lock\":{\"move\":true,\"remove\":false},\"fontSize\":\"medium\"} -->\n<p class=\"has-medium-font-size\">Nadja Rui wurde 1991 geboren, verkaufte 11 Jahre K\u00e4se auf dem Wochenmarkt in Bern und studierte Schauspiel an der Hochschule der K\u00fcnste Bern (HKB), an der sie 2017 mit dem Master in \u201eExpanded Theater\u201c abschloss. Sie erhielt den F\u00f6rderpreis der Armin Ziegler-Stiftung und den Studienpreis der Migros-Kulturstiftung. W\u00e4hrend ihrer Ausbildung gastierte sie am Theater Basel und bei den Z\u00fcrcher Festspielen, arbeitete weiter auf dem Wochenmarkt und betrieb, als Serviceangestellte, eine Feldstudie \u00fcber die zahlreichen Stammg\u00e4ste des \u201eCaf\u00e9 des Pyrenees\u201c. 2018 nahm sie an einem internationalen Praxisprojekt in Jordanien Teil (\u201eKunst, Konflikt und Kooperation\u201c, HKB), machte Konzertmoderation und begab sich kurz darauf in ihr erstes Festengagement am Jungen Theater Heidelberg.<\/p>\n<!-- \/wp:paragraph -->\n\n<!-- wp:paragraph {\"placeholder\":\"Lorem ipsum dolor sit amet, consetetur sadipscing elitr, sed diam nonumy eirmod tempor invidunt ut labore et dolore magna aliquyam erat, sed diam voluptua. At vero eos et accusam et justo duo dolores et ea rebum. Stet clita kasd gubergren, no sea takimata sanctus est Lorem ipsum dolor sit amet. Lorem ipsum dolor sit amet, consetetur sadipscing elitr, sed diam nonumy eirmod tempor invidunt ut labore et dolore magna aliquyam erat, sed diam voluptua. At vero eos et accusam et justo duo dolores et ea rebum. Stet clita kasd gubergren, no sea takimata sanctus est Lorem ipsum dolor sit amet.\",\"lock\":{\"move\":true,\"remove\":false},\"fontSize\":\"medium\"} -->\n<p class=\"has-medium-font-size\">Seit August 2021 ist Nadja wieder freischaffend. Zu Ihren absoluten Herzens-Projekten geh\u00f6rt das Solo \u201eUnter Drachen\u201c (Regie: Patricjia Broni\u0107), eine St\u00fcckentwicklung zum Thema Tod und Trauer f\u00fcr alle ab 8 Jahren (nominiert f\u00fcr \u201eDer Faust\u201c 2023). Neben ihrer Leidenschaft, einem breiten Publikum heikle Themen zug\u00e4nglich zu machen, liebt sie es auf der B\u00fchne neuen Herausforderungen entgegen zu treten. 2024 hat sie in der St\u00fcckentwicklung \u201ePion, p\u00e8te pas les plombs\u201c (Regie: Clea Eden) auf franz\u00f6sisch gespielt, obwohl sie in der Schule alles andere als gute Noten darin geschrieben hatte. Mit \u201eF*** you, Woyzeck\u201c gastiert Nadja das erste Mal am Jungen Ensemble Stuttgart.<\/p>\n<!-- \/wp:paragraph -->","post_title":"Nadja Rui (sie\/ihr)","post_excerpt":"","post_status":"publish","comment_status":"closed","ping_status":"closed","post_password":"","post_name":"nadja-rui","to_ping":"","pinged":"","post_modified":"2025-02-13 10:58:42","post_modified_gmt":"2025-02-13 09:58:42","post_content_filtered":"","post_parent":0,"guid":"https:\/\/www.jes-stuttgart.de\/?post_type=person&#038;p=24751","menu_order":28,"post_type":"person","post_mime_type":"","comment_count":"0","filter":"raw"},{"ID":26033,"post_author":"12","post_date":"2025-01-09 16:44:40","post_date_gmt":"2025-01-09 15:44:40","post_content":"<!-- wp:image {\"id\":26034,\"sizeSlug\":\"large\",\"linkDestination\":\"none\"} -->\n<figure class=\"wp-block-image size-large\"><img src=\"https:\/\/www.jes-stuttgart.de\/wp-content\/uploads\/skupin-luca-traub-stella-web-1920x2560.jpg\" alt=\"\" class=\"wp-image-26034\"\/><figcaption class=\"wp-element-caption\">Foto: Stella Traub<\/figcaption><\/figure>\n<!-- \/wp:image -->\n\n<!-- wp:paragraph {\"placeholder\":\"Lorem ipsum dolor sit amet, consetetur sadipscing elitr, sed diam nonumy eirmod tempor invidunt ut labore et dolore magna aliquyam erat, sed diam voluptua. At vero eos et accusam et justo duo dolores et ea rebum. Stet clita kasd gubergren, no sea takimata sanctus est Lorem ipsum dolor sit amet. Lorem ipsum dolor sit amet, consetetur sadipscing elitr, sed diam nonumy eirmod tempor invidunt ut labore et dolore magna aliquyam erat, sed diam voluptua. At vero eos et accusam et justo duo dolores et ea rebum. Stet clita kasd gubergren, no sea takimata sanctus est Lorem ipsum dolor sit amet.\",\"lock\":{\"move\":true,\"remove\":false},\"fontSize\":\"medium\"} -->\n<p class=\"has-medium-font-size\">Ich wurde 1996 geboren und verbrachte meine Kindheit und Jugend im S\u00fcden Spaniens und im Ruhrgebiet. W\u00e4hrend der Schulzeit widmete ich mich der bildenden Kunst und hatte unter anderem preisgekr\u00f6nte Ausstellungen in Tampere, Finnland und im Ruhrgebiet. Nach dem Abitur wechselte ich die Richtung und studierte zun\u00e4chst Physik, Philosophie, Kunstgeschichte und dann Tanz. Letzteres war ma\u00dfgeblich f\u00fcr meinen Weg auf die B\u00fchne - nach einer Einladung zum \"Tanztreffen der Jugend\" in Berlin, Training im Zeitgen\u00f6ssischen Tanz und Voguing, inszenieren einer Eigenproduktion am Schauspielhaus Bochum und \"Die Zofen\" von Jean Genet beim zfz-Kollektiv, landete ich schlussendlich in Bochum am PRT und durfte dort \"Caligula\" (Regie: Clara Nielebock) geben, der zum \"Theatertreffen der Jugend\" in Berlin eingeladen wurde. Nach der Produktion war es um mich geschehen und ich wechselte zu Schauspiel.<br>Von 2019 bis 2023 absolvierte ich mein Schauspielstudium an der Theaterakademie August Everding.<br>Seitdem arbeite ich als Gast an diversen Theatern, zuletzt seit der Spielzeit 23\/24 und fortlaufend am Staatstheater Augsburg mit dem queeren Punkrock-Musical \"Hedwig and the Angry Inch\" (Regie: Cornelia Maschner) bei dem ich neben der Rolle des Tommy Gnosis auch die Choreografien entwickelte.<br>Nebenbei zeichne ich weiterhin Portraits, arbeite als Model und als Dragqueen Maeve Pav\u00f3n mit ihrer eigenen Show \"A Very Maevian Grief\" - die vor allem f\u00fcr Sichtbarkeit und Rechte von queeren, behinderten Menschen k\u00e4mpft.<br><br>Mit \"Blutbuch\" gastiert Luca das erste Mal am Jungen Ensemble Stuttgart.<\/p>\n<!-- \/wp:paragraph -->\n\n<!-- wp:paragraph -->\n<p><\/p>\n<!-- \/wp:paragraph -->","post_title":"Luca Skupin (keine)","post_excerpt":"","post_status":"publish","comment_status":"closed","ping_status":"closed","post_password":"","post_name":"luca-skupin","to_ping":"","pinged":"","post_modified":"2025-05-12 17:46:54","post_modified_gmt":"2025-05-12 15:46:54","post_content_filtered":"","post_parent":0,"guid":"https:\/\/www.jes-stuttgart.de\/?post_type=person&#038;p=26033","menu_order":25,"post_type":"person","post_mime_type":"","comment_count":"0","filter":"raw"},{"ID":28222,"post_author":"13","post_date":"2025-05-22 13:25:20","post_date_gmt":"2025-05-22 11:25:20","post_content":"<!-- wp:image {\"id\":28223,\"sizeSlug\":\"large\",\"linkDestination\":\"none\"} -->\n<figure class=\"wp-block-image size-large\"><img src=\"https:\/\/www.jes-stuttgart.de\/wp-content\/uploads\/koerner-burkhard-von-mayra-wallraff-1707x2560.jpg\" alt=\"\" class=\"wp-image-28223\"\/><figcaption class=\"wp-element-caption\">Foto: Mayra Wallraff<\/figcaption><\/figure>\n<!-- \/wp:image -->\n\n<!-- wp:paragraph {\"placeholder\":\"Lorem ipsum dolor sit amet, consetetur sadipscing elitr, sed diam nonumy eirmod tempor invidunt ut labore et dolore magna aliquyam erat, sed diam voluptua. At vero eos et accusam et justo duo dolores et ea rebum. Stet clita kasd gubergren, no sea takimata sanctus est Lorem ipsum dolor sit amet. Lorem ipsum dolor sit amet, consetetur sadipscing elitr, sed diam nonumy eirmod tempor invidunt ut labore et dolore magna aliquyam erat, sed diam voluptua. At vero eos et accusam et justo duo dolores et ea rebum. Stet clita kasd gubergren, no sea takimata sanctus est Lorem ipsum dolor sit amet.\",\"lock\":{\"move\":true,\"remove\":false},\"fontSize\":\"medium\"} -->\n<p class=\"has-medium-font-size\">Burkhard K\u00f6rner studierte Kultur- und Theaterwissenschaften,\u00a0Elementare Musik- und Tanzp\u00e4dagogik\u00a0und\u00a0Choreografie\u00a0in Leipzig, Salzburg und Amsterdam. Er arbeitet als Choreograf, Theatermacher, Dramaturg, Dozent, T\u00e4nzer, Performer und S\u00e4nger.<br>Seine j\u00fcngste Praxis konzentriert sich auf die Initiierung k\u00fcnstlerischer Prozesse mit verschiedenen Gemeinschaften und K\u00fcnstler*innen in (Ost-)Deutschland, Russland und den Niederlanden. Burkhard ist fasziniert davon, R\u00e4ume zu schaffen, in denen Menschen sich mit ihren Anliegen verbinden und dadurch ihrer Kreativit\u00e4t folgen k\u00f6nnen. Nicht sichtbare oder vernachl\u00e4ssigte gesellschaftliche Themen motivieren ihn, Umgebungen und Performances zu schaffen, die zu einem gemeinsamen Diskurs einladen.<br>Zusammen mit Rika Weniger und Noah Voelker entwickelte er 2019 in Mecklenburg-Vorpommern und Sachsen das Oral-History-Projekt <a href=\"https:\/\/un-erhoert.jimdofree.com\/laden\">\"Laden der un-erh\u00f6rten GeschichteN\"<\/a> (<a href=\"https:\/\/un-erhoert.jimdofree.com\/laden\">https:\/\/un-erhoert.jimdofree.com\/laden<\/a>) welches 2021 in einen Theaterabend \u00fcber die ostdeutsche Identit\u00e4t mit dem Titel <a href=\"https:\/\/un-erhoert.jimdofree.com\/\">\"Wie macht man gute Kunst f\u00fcr Ostdeutsche?\"<\/a> (<a href=\"https:\/\/un-erhoert.jimdofree.com\/\">https:\/\/un-erhoert.jimdofree.com\/<\/a>) m\u00fcndete.<br>Ferner arbeitet er als Dramaturg und k\u00fcnstlerischer Berater u.a. f\u00fcr Andrea Voets, Marina Orlova, Jija Sohn und Rika Weniger.<br>F\u00fcr \u201cBlutbuch\u201d arbeitet er zum ersten Mal als Dramaturg mit Lee M\u00fclders und dem JES zusammen.<br><br>web: <a href=\"https:\/\/burkheart.jimdofree.com\/\">burkheart.jimdofree.com<\/a><\/p>\n<!-- \/wp:paragraph -->","post_title":"Burkhard K\u00f6rner (er\/ihm)","post_excerpt":"","post_status":"publish","comment_status":"closed","ping_status":"closed","post_password":"","post_name":"burkhard-koerner-er-ihm","to_ping":"","pinged":"","post_modified":"2025-05-22 13:25:21","post_modified_gmt":"2025-05-22 11:25:21","post_content_filtered":"","post_parent":0,"guid":"https:\/\/www.jes-stuttgart.de\/?post_type=person&#038;p=28222","menu_order":15,"post_type":"person","post_mime_type":"","comment_count":"0","filter":"raw"}]},"_links":{"self":[{"href":"https:\/\/www.jes-stuttgart.de\/en\/wp-json\/wp\/v2\/posts\/23960","targetHints":{"allow":["GET"]}}],"collection":[{"href":"https:\/\/www.jes-stuttgart.de\/en\/wp-json\/wp\/v2\/posts"}],"about":[{"href":"https:\/\/www.jes-stuttgart.de\/en\/wp-json\/wp\/v2\/types\/post"}],"author":[{"embeddable":true,"href":"https:\/\/www.jes-stuttgart.de\/en\/wp-json\/wp\/v2\/users\/13"}],"replies":[{"embeddable":true,"href":"https:\/\/www.jes-stuttgart.de\/en\/wp-json\/wp\/v2\/comments?post=23960"}],"version-history":[{"count":3,"href":"https:\/\/www.jes-stuttgart.de\/en\/wp-json\/wp\/v2\/posts\/23960\/revisions"}],"predecessor-version":[{"id":26882,"href":"https:\/\/www.jes-stuttgart.de\/en\/wp-json\/wp\/v2\/posts\/23960\/revisions\/26882"}],"wp:featuredmedia":[{"embeddable":true,"href":"https:\/\/www.jes-stuttgart.de\/en\/wp-json\/wp\/v2\/media\/28191"}],"wp:attachment":[{"href":"https:\/\/www.jes-stuttgart.de\/en\/wp-json\/wp\/v2\/media?parent=23960"}],"wp:term":[{"taxonomy":"category","embeddable":true,"href":"https:\/\/www.jes-stuttgart.de\/en\/wp-json\/wp\/v2\/categories?post=23960"},{"taxonomy":"post_tag","embeddable":true,"href":"https:\/\/www.jes-stuttgart.de\/en\/wp-json\/wp\/v2\/tags?post=23960"},{"taxonomy":"age","embeddable":true,"href":"https:\/\/www.jes-stuttgart.de\/en\/wp-json\/wp\/v2\/age?post=23960"}],"curies":[{"name":"wp","href":"https:\/\/api.w.org\/{rel}","templated":true}]}}