{"id":23964,"date":"2024-07-18T10:06:04","date_gmt":"2024-07-18T08:06:04","guid":{"rendered":"https:\/\/www.jes-stuttgart.de\/?p=23964"},"modified":"2025-02-13T15:06:35","modified_gmt":"2025-02-13T14:06:35","slug":"f-you-woyzeck","status":"publish","type":"post","link":"https:\/\/www.jes-stuttgart.de\/en\/f-you-woyzeck\/","title":{"rendered":"F*** you, Woyzeck"},"content":{"rendered":"<div  class=\"wp-block-subtitle is-relative\"><p>Mobile production for schools<\/p><\/div>\n\n\n<div style=\"height:20px\" aria-hidden=\"true\" class=\"wp-block-spacer\"><\/div>\n\n\n<div  class=\"wp-block-gallery is-relative is-full-width p-0 splide\"  data-gallery=\"\"><div class=\"splide__arrows\"><button class=\"splide__arrow splide__arrow--prev\">Prev<\/button><button class=\"splide__arrow splide__arrow--next\">Next<\/button><\/div><div class=\"splide__track is-full-height is-full-width\"><div class=\"splide__list is-full-height m-0\">\n<div  id=\"block_6f31a6012025a897a2cb1758ab003532\" class=\"wp-block-slide splide__slide is-full-width is-full-height is-clipped is-flex is-flex-wrap-wrap is-justify-content-center is-align-items-center\">\n\n<figure class=\"wp-block-image size-large\"><img loading=\"lazy\" decoding=\"async\" width=\"2560\" height=\"1707\" src=\"https:\/\/www.jes-stuttgart.de\/wp-content\/uploads\/fywoyzeck-foto-brummer-100-1-2560x1707.jpg\" alt=\"\" class=\"wp-image-26639\" srcset=\"https:\/\/www.jes-stuttgart.de\/wp-content\/uploads\/fywoyzeck-foto-brummer-100-1-2560x1707.jpg 2560w, https:\/\/www.jes-stuttgart.de\/wp-content\/uploads\/fywoyzeck-foto-brummer-100-1-1280x853.jpg 1280w, https:\/\/www.jes-stuttgart.de\/wp-content\/uploads\/fywoyzeck-foto-brummer-100-1-200x133.jpg 200w, https:\/\/www.jes-stuttgart.de\/wp-content\/uploads\/fywoyzeck-foto-brummer-100-1-768x512.jpg 768w, https:\/\/www.jes-stuttgart.de\/wp-content\/uploads\/fywoyzeck-foto-brummer-100-1-1536x1024.jpg 1536w, https:\/\/www.jes-stuttgart.de\/wp-content\/uploads\/fywoyzeck-foto-brummer-100-1-2048x1365.jpg 2048w, https:\/\/www.jes-stuttgart.de\/wp-content\/uploads\/fywoyzeck-foto-brummer-100-1-1920x1280.jpg 1920w, https:\/\/www.jes-stuttgart.de\/wp-content\/uploads\/fywoyzeck-foto-brummer-100-1-1440x960.jpg 1440w, https:\/\/www.jes-stuttgart.de\/wp-content\/uploads\/fywoyzeck-foto-brummer-100-1-1024x683.jpg 1024w, https:\/\/www.jes-stuttgart.de\/wp-content\/uploads\/fywoyzeck-foto-brummer-100-1-640x427.jpg 640w, https:\/\/www.jes-stuttgart.de\/wp-content\/uploads\/fywoyzeck-foto-brummer-100-1-320x213.jpg 320w\" sizes=\"auto, (max-width: 2560px) 100vw, 2560px\" \/><figcaption class=\"wp-element-caption\">Foto: Sebastian Brummer<\/figcaption><\/figure>\n\n<\/div>\n\n<div  id=\"block_6f31a6012025a897a2cb1758ab003532\" class=\"wp-block-slide splide__slide is-full-width is-full-height is-clipped is-flex is-flex-wrap-wrap is-justify-content-center is-align-items-center\">\n\n<figure class=\"wp-block-image size-large\"><img loading=\"lazy\" decoding=\"async\" width=\"1707\" height=\"2560\" src=\"https:\/\/www.jes-stuttgart.de\/wp-content\/uploads\/fywoyzeck-foto-brummer-134-1707x2560.jpg\" alt=\"\" class=\"wp-image-26615\" srcset=\"https:\/\/www.jes-stuttgart.de\/wp-content\/uploads\/fywoyzeck-foto-brummer-134-scaled.jpg 1707w, https:\/\/www.jes-stuttgart.de\/wp-content\/uploads\/fywoyzeck-foto-brummer-134-853x1280.jpg 853w, https:\/\/www.jes-stuttgart.de\/wp-content\/uploads\/fywoyzeck-foto-brummer-134-133x200.jpg 133w, https:\/\/www.jes-stuttgart.de\/wp-content\/uploads\/fywoyzeck-foto-brummer-134-768x1152.jpg 768w, https:\/\/www.jes-stuttgart.de\/wp-content\/uploads\/fywoyzeck-foto-brummer-134-1024x1536.jpg 1024w, https:\/\/www.jes-stuttgart.de\/wp-content\/uploads\/fywoyzeck-foto-brummer-134-1365x2048.jpg 1365w, https:\/\/www.jes-stuttgart.de\/wp-content\/uploads\/fywoyzeck-foto-brummer-134-1920x2880.jpg 1920w, https:\/\/www.jes-stuttgart.de\/wp-content\/uploads\/fywoyzeck-foto-brummer-134-1440x2160.jpg 1440w, https:\/\/www.jes-stuttgart.de\/wp-content\/uploads\/fywoyzeck-foto-brummer-134-640x960.jpg 640w, https:\/\/www.jes-stuttgart.de\/wp-content\/uploads\/fywoyzeck-foto-brummer-134-320x480.jpg 320w\" sizes=\"auto, (max-width: 1707px) 100vw, 1707px\" \/><figcaption class=\"wp-element-caption\">Foto: Sebastian Brummer<\/figcaption><\/figure>\n\n<\/div>\n\n<div  id=\"block_6f31a6012025a897a2cb1758ab003532\" class=\"wp-block-slide splide__slide is-full-width is-full-height is-clipped is-flex is-flex-wrap-wrap is-justify-content-center is-align-items-center\">\n\n<figure class=\"wp-block-image size-large\"><img loading=\"lazy\" decoding=\"async\" width=\"2560\" height=\"1707\" src=\"https:\/\/www.jes-stuttgart.de\/wp-content\/uploads\/fywoyzeck-foto-brummer-31-2560x1707.jpg\" alt=\"\" class=\"wp-image-26609\" srcset=\"https:\/\/www.jes-stuttgart.de\/wp-content\/uploads\/fywoyzeck-foto-brummer-31-2560x1707.jpg 2560w, https:\/\/www.jes-stuttgart.de\/wp-content\/uploads\/fywoyzeck-foto-brummer-31-1280x853.jpg 1280w, https:\/\/www.jes-stuttgart.de\/wp-content\/uploads\/fywoyzeck-foto-brummer-31-200x133.jpg 200w, https:\/\/www.jes-stuttgart.de\/wp-content\/uploads\/fywoyzeck-foto-brummer-31-768x512.jpg 768w, https:\/\/www.jes-stuttgart.de\/wp-content\/uploads\/fywoyzeck-foto-brummer-31-1536x1024.jpg 1536w, https:\/\/www.jes-stuttgart.de\/wp-content\/uploads\/fywoyzeck-foto-brummer-31-2048x1365.jpg 2048w, https:\/\/www.jes-stuttgart.de\/wp-content\/uploads\/fywoyzeck-foto-brummer-31-1920x1280.jpg 1920w, https:\/\/www.jes-stuttgart.de\/wp-content\/uploads\/fywoyzeck-foto-brummer-31-1440x960.jpg 1440w, https:\/\/www.jes-stuttgart.de\/wp-content\/uploads\/fywoyzeck-foto-brummer-31-1024x683.jpg 1024w, https:\/\/www.jes-stuttgart.de\/wp-content\/uploads\/fywoyzeck-foto-brummer-31-640x427.jpg 640w, https:\/\/www.jes-stuttgart.de\/wp-content\/uploads\/fywoyzeck-foto-brummer-31-320x213.jpg 320w\" sizes=\"auto, (max-width: 2560px) 100vw, 2560px\" \/><figcaption class=\"wp-element-caption\">Foto: Sebastian Brummer<\/figcaption><\/figure>\n\n<\/div>\n<\/div><\/div><\/div>\n\n\n<p class=\"has-primary-3-color has-text-color has-link-color has-medium-font-size wp-elements-74af9856cf2d519641ff8d7d5cddc7ef\"><\/p>\n\n\n\n<div style=\"height:20px\" aria-hidden=\"true\" class=\"wp-block-spacer\"><\/div>\n\n\n\n<div class=\"wp-block-pb-accordion-item c-accordion__item js-accordion-item no-js is-style-colored-bg-primary2\" data-initially-open=\"false\" data-click-to-close=\"true\" data-auto-close=\"true\" data-scroll=\"false\" data-scroll-offset=\"0\"><h2 id=\"at-239640\" class=\"c-accordion__title js-accordion-controller\" role=\"button\"><strong>Content<\/strong><\/h2><div id=\"ac-239640\" class=\"c-accordion__content\">\n<p class=\"has-medium-font-size\">\u2018A good murder, a real murder, a beautiful murder?\u2019<br><br>Marie, Louise, Ophelia, Juliet, Desdemona: classical theatre literature is full of female murder victims. Their common cause of death: patriarchal violence. These texts, mostly written by men, centre perpetrators. Following an inner logic of social pressure and emotional despair, their deeds seem inevitable or even romantic. This is a pattern that is still reflected in reporting on gender-based violence today: Violent acts are labelled \u2018family tragedies\u2019, \u2018jealousy dramas\u2019 or \u2018acts of desperation\u2019 instead of calling them by their name: Femicides, murders of women* because of their gender or gender identity.<br><br>JES sets out to develop a theatrical counter-narrative. Director Pina Bergemann used to work in play clubs at JES, then made a career as an actress and was most recently seen at the Theaterhaus Jena in the multi-award-winning performance \u2018Die Hundekot-Attacke\u2019. After two solo evenings, which she also helped develop, she is now taking on the role of director.<\/p>\n<\/div><\/div>\n\n\n\n<div style=\"height:20px\" aria-hidden=\"true\" class=\"wp-block-spacer\"><\/div>\n\n\n\n<p class=\"has-medium-font-size\">Grades 10 and up<br>Prices: Children\/young people \u20ac7.50, JES-Partner \u20ac6.50<br>Venue: mobile<\/p>\n","protected":false},"excerpt":{"rendered":"<p>Grades 10 and upPrices: Children\/young people \u20ac7.50, JES-Partner \u20ac6.50Venue: mobile<\/p>\n","protected":false},"author":13,"featured_media":26603,"comment_status":"closed","ping_status":"closed","sticky":false,"template":"","format":"standard","meta":{"_acf_changed":false,"inline_featured_image":false,"footnotes":""},"categories":[156],"tags":[],"age":[140,139],"class_list":["post-23964","post","type-post","status-publish","format-standard","has-post-thumbnail","hentry","category-mobile-theatre-booking-options","age-grades-10-and-up","age-high-school"],"acf":{"bgcolor":"yellow","dates":[{"date":"25.01.2023 19:00:00","date_availability":true,"date_cancelled":false,"date_info":""},{"date":"26.01.2023 19:00:00","date_availability":true,"date_cancelled":false,"date_info":""},{"date":"27.01.2023 11:00:00","date_availability":true,"date_cancelled":false,"date_info":""},{"date":"28.01.2023 19:00:00","date_availability":true,"date_cancelled":false,"date_info":""},{"date":"30.01.2023 19:00:00","date_availability":true,"date_cancelled":false,"date_info":""},{"date":"31.01.2023 11:00:00","date_availability":true,"date_cancelled":false,"date_info":""}],"dates_no_link_info":false,"cast":[{"cast_position":"Mit","cast_person":[{"ID":24598,"post_author":"13","post_date":"2024-07-17 15:57:33","post_date_gmt":"2024-07-17 13:57:33","post_content":"<!-- wp:image {\"id\":22753,\"sizeSlug\":\"full\",\"linkDestination\":\"none\"} -->\n<figure class=\"wp-block-image size-full\"><img src=\"https:\/\/www.jes-stuttgart.de\/wp-content\/uploads\/carmen-ipek-yasemin-foto-saripicture-sarahdomandl.png\" alt=\"\" class=\"wp-image-22753\"\/><\/figure>\n<!-- \/wp:image -->\n\n<!-- wp:paragraph {\"fontSize\":\"small\"} -->\n<p class=\"has-small-font-size\">Foto: Sarah Domandl<\/p>\n<!-- \/wp:paragraph -->\n\n<!-- wp:spacer {\"height\":\"20px\"} -->\n<div style=\"height:20px\" aria-hidden=\"true\" class=\"wp-block-spacer\"><\/div>\n<!-- \/wp:spacer -->\n\n<!-- wp:paragraph {\"placeholder\":\"Lorem ipsum dolor sit amet, consetetur sadipscing elitr, sed diam nonumy eirmod tempor invidunt ut labore et dolore magna aliquyam erat, sed diam voluptua. At vero eos et accusam et justo duo dolores et ea rebum. Stet clita kasd gubergren, no sea takimata sanctus est Lorem ipsum dolor sit amet. Lorem ipsum dolor sit amet, consetetur sadipscing elitr, sed diam nonumy eirmod tempor invidunt ut labore et dolore magna aliquyam erat, sed diam voluptua. At vero eos et accusam et justo duo dolores et ea rebum. Stet clita kasd gubergren, no sea takimata sanctus est Lorem ipsum dolor sit amet.\",\"lock\":{\"move\":true,\"remove\":false},\"fontSize\":\"medium\"} -->\n<p class=\"has-medium-font-size\">Carmen Yasemin Ipek, born and raised in Munich, gained her first theatre experience in the youth clubs of the\u00a0M\u00fcnchner Volkstheater and the Residenztheater. She studied acting at the Rostock University of Music and Theatre, where she graduated in 2018. She moved to Berlin as a freelance actress and realised her first film projects. She has performed at Rostocker Volkstheater and Mecklenburgisches Staatstheater, Akademie der K\u00fcnste in Ludwigsburg, Bayerische Theaterakademie and worked with the Tacheles &amp; Tarantismus collective in Heilbronn. From 2020 to 2023 she was an ensemble member at Junges Nationaltheater Mannheim. She returned to Munich as a freelance actress and voice-over artist in September 2023 and continues to make guest appearances at Nationaltheater Mannheim as well as the opera, sometimes as a presenter. In autumn 2024, she will make her first guest appearance at Junges Ensemble Stuttgart. Carmen has been a volunteer member of the Queer Film Festival Munich team since 2023 to support the queer community and curate great, important films.<\/p>\n<!-- \/wp:paragraph -->\n\n<!-- wp:separator -->\n<hr class=\"wp-block-separator has-alpha-channel-opacity\"\/>\n<!-- \/wp:separator -->\n\n<!-- wp:paragraph -->\n<p><a id=\"_msocom_1\"><\/a><\/p>\n<!-- \/wp:paragraph -->","post_title":"Carmen Yasemin Ipek (she\/her)","post_excerpt":"","post_status":"publish","comment_status":"closed","ping_status":"closed","post_password":"","post_name":"carmen-yasemin-ipek","to_ping":"","pinged":"","post_modified":"2025-02-13 14:50:21","post_modified_gmt":"2025-02-13 13:50:21","post_content_filtered":"","post_parent":0,"guid":"https:\/\/www.jes-stuttgart.de\/person\/carmen-yasemin-ipek\/","menu_order":50,"post_type":"person","post_mime_type":"","comment_count":"0","filter":"raw"},{"ID":24751,"post_author":"13","post_date":"2024-10-29 11:32:20","post_date_gmt":"2024-10-29 10:32:20","post_content":"<!-- wp:image {\"id\":24781,\"sizeSlug\":\"large\",\"linkDestination\":\"none\"} -->\n<figure class=\"wp-block-image size-large\"><img src=\"https:\/\/www.jes-stuttgart.de\/wp-content\/uploads\/foto-nadja-rui-vlenja-kempf-1-1-1707x2560.jpg\" alt=\"\" class=\"wp-image-24781\"\/><figcaption class=\"wp-element-caption\">Foto: Lenja Kempf<\/figcaption><\/figure>\n<!-- \/wp:image -->\n\n<!-- wp:paragraph {\"placeholder\":\"Lorem ipsum dolor sit amet, consetetur sadipscing elitr, sed diam nonumy eirmod tempor invidunt ut labore et dolore magna aliquyam erat, sed diam voluptua. At vero eos et accusam et justo duo dolores et ea rebum. Stet clita kasd gubergren, no sea takimata sanctus est Lorem ipsum dolor sit amet. Lorem ipsum dolor sit amet, consetetur sadipscing elitr, sed diam nonumy eirmod tempor invidunt ut labore et dolore magna aliquyam erat, sed diam voluptua. At vero eos et accusam et justo duo dolores et ea rebum. Stet clita kasd gubergren, no sea takimata sanctus est Lorem ipsum dolor sit amet.\",\"lock\":{\"move\":true,\"remove\":false},\"fontSize\":\"medium\"} -->\n<p class=\"has-medium-font-size\">Nadja Rui wurde 1991 geboren, verkaufte 11 Jahre K\u00e4se auf dem Wochenmarkt in Bern und studierte Schauspiel an der Hochschule der K\u00fcnste Bern (HKB), an der sie 2017 mit dem Master in \u201eExpanded Theater\u201c abschloss. Sie erhielt den F\u00f6rderpreis der Armin Ziegler-Stiftung und den Studienpreis der Migros-Kulturstiftung. W\u00e4hrend ihrer Ausbildung gastierte sie am Theater Basel und bei den Z\u00fcrcher Festspielen, arbeitete weiter auf dem Wochenmarkt und betrieb, als Serviceangestellte, eine Feldstudie \u00fcber die zahlreichen Stammg\u00e4ste des \u201eCaf\u00e9 des Pyrenees\u201c. 2018 nahm sie an einem internationalen Praxisprojekt in Jordanien Teil (\u201eKunst, Konflikt und Kooperation\u201c, HKB), machte Konzertmoderation und begab sich kurz darauf in ihr erstes Festengagement am Jungen Theater Heidelberg.<\/p>\n<!-- \/wp:paragraph -->\n\n<!-- wp:paragraph {\"placeholder\":\"Lorem ipsum dolor sit amet, consetetur sadipscing elitr, sed diam nonumy eirmod tempor invidunt ut labore et dolore magna aliquyam erat, sed diam voluptua. At vero eos et accusam et justo duo dolores et ea rebum. Stet clita kasd gubergren, no sea takimata sanctus est Lorem ipsum dolor sit amet. Lorem ipsum dolor sit amet, consetetur sadipscing elitr, sed diam nonumy eirmod tempor invidunt ut labore et dolore magna aliquyam erat, sed diam voluptua. At vero eos et accusam et justo duo dolores et ea rebum. Stet clita kasd gubergren, no sea takimata sanctus est Lorem ipsum dolor sit amet.\",\"lock\":{\"move\":true,\"remove\":false},\"fontSize\":\"medium\"} -->\n<p class=\"has-medium-font-size\">Seit August 2021 ist Nadja wieder freischaffend. Zu Ihren absoluten Herzens-Projekten geh\u00f6rt das Solo \u201eUnter Drachen\u201c (Regie: Patricjia Broni\u0107), eine St\u00fcckentwicklung zum Thema Tod und Trauer f\u00fcr alle ab 8 Jahren (nominiert f\u00fcr \u201eDer Faust\u201c 2023). Neben ihrer Leidenschaft, einem breiten Publikum heikle Themen zug\u00e4nglich zu machen, liebt sie es auf der B\u00fchne neuen Herausforderungen entgegen zu treten. 2024 hat sie in der St\u00fcckentwicklung \u201ePion, p\u00e8te pas les plombs\u201c (Regie: Clea Eden) auf franz\u00f6sisch gespielt, obwohl sie in der Schule alles andere als gute Noten darin geschrieben hatte. Mit \u201eF*** you, Woyzeck\u201c gastiert Nadja das erste Mal am Jungen Ensemble Stuttgart.<\/p>\n<!-- \/wp:paragraph -->","post_title":"Nadja Rui (sie\/ihr)","post_excerpt":"","post_status":"publish","comment_status":"closed","ping_status":"closed","post_password":"","post_name":"nadja-rui","to_ping":"","pinged":"","post_modified":"2025-02-13 10:58:42","post_modified_gmt":"2025-02-13 09:58:42","post_content_filtered":"","post_parent":0,"guid":"https:\/\/www.jes-stuttgart.de\/?post_type=person&#038;p=24751","menu_order":28,"post_type":"person","post_mime_type":"","comment_count":"0","filter":"raw"}],"cast_person_additional":""},{"cast_position":"Inszenierung","cast_person":[{"ID":22761,"post_author":"12","post_date":"2024-07-17 16:15:25","post_date_gmt":"2024-07-17 14:15:25","post_content":"<!-- wp:image {\"id\":22762,\"sizeSlug\":\"full\",\"linkDestination\":\"none\"} -->\n<figure class=\"wp-block-image size-full\"><img src=\"https:\/\/www.jes-stuttgart.de\/wp-content\/uploads\/pina-bergemann-v-kimi-palme.png\" alt=\"\" class=\"wp-image-22762\"\/><\/figure>\n<!-- \/wp:image -->\n\n<!-- wp:paragraph {\"fontSize\":\"small\"} -->\n<p class=\"has-small-font-size\">Foto: Kimi Palme<\/p>\n<!-- \/wp:paragraph -->\n\n<!-- wp:spacer {\"height\":\"20px\"} -->\n<div style=\"height:20px\" aria-hidden=\"true\" class=\"wp-block-spacer\"><\/div>\n<!-- \/wp:spacer -->\n\n<!-- wp:paragraph {\"placeholder\":\"Lorem ipsum dolor sit amet, consetetur sadipscing elitr, sed diam nonumy eirmod tempor invidunt ut labore et dolore magna aliquyam erat, sed diam voluptua. At vero eos et accusam et justo duo dolores et ea rebum. Stet clita kasd gubergren, no sea takimata sanctus est Lorem ipsum dolor sit amet. Lorem ipsum dolor sit amet, consetetur sadipscing elitr, sed diam nonumy eirmod tempor invidunt ut labore et dolore magna aliquyam erat, sed diam voluptua. At vero eos et accusam et justo duo dolores et ea rebum. Stet clita kasd gubergren, no sea takimata sanctus est Lorem ipsum dolor sit amet.\",\"lock\":{\"move\":true,\"remove\":false},\"fontSize\":\"medium\"} -->\n<p class=\"has-medium-font-size\">Pina Bergemann, in Stuttgart geboren und aufgewachsen, hat ihre ersten Theatererfahrungen als Hospitantin und Jugendclubspielerin am JES gemacht. Sie studierte an der Hochschule f\u00fcr Musik und Theater in Hamburg Schauspiel und gewann mit \u201eBaal\u201c den&nbsp;Max-Reinhardt-Preis f\u00fcr die beste Ensembleleistung beim Schauspielschultreffen. Nach ihrem Studium war sie am Theater Kiel und am Schauspiel Leipzig engagiert und hat mit Regisseur*innen wie Christopher R\u00fcping und Babett Grube zusammengearbeitet.&nbsp;Nachdem sie ihre Elternzeit in New York verbracht hat, war sie von 2018-2024 festes Ensemblemitglied am Theaterhaus Jena. Hier hat sie mit dem holl\u00e4ndischen Kollektiv Wunderbaum begonnen, kollektiv St\u00fccke zu entwickeln. 2022 verwirklichte sie zusammen mit der Autorin Anna Gschnitzer ihre erste eigene Arbeit&nbsp;\u201eLeaving Carthago\u201c&nbsp;als Regisseurin zum Thema Mutterschaft. 2024 folgte mit&nbsp;\u201eDie Entf\u00fchrung der Amygdala\u201c&nbsp;eine weitere gemeinsame Arbeit zum Thema Care-Arbeit. 2024 war sie mit \u201eDie Hundekot-Attacke\u201c zum Berliner Theatertreffen eingeladen. Hierf\u00fcr hat sie den 3Sat Theaterpreis verliehen bekommen.<br><br>Ab der&nbsp;Spielzeit 2024\/25 arbeitet Pina freischaffend als&nbsp;Schauspielerin, Theatermacherin und Regisseurin.&nbsp;<\/p>\n<!-- \/wp:paragraph -->","post_title":"Pina Bergemann (sie\/ihr)","post_excerpt":"","post_status":"publish","comment_status":"closed","ping_status":"closed","post_password":"","post_name":"pina-bergemann","to_ping":"","pinged":"","post_modified":"2025-05-08 18:14:03","post_modified_gmt":"2025-05-08 16:14:03","post_content_filtered":"","post_parent":0,"guid":"https:\/\/www.jes-stuttgart.de\/?post_type=person&#038;p=22761","menu_order":46,"post_type":"person","post_mime_type":"","comment_count":"0","filter":"raw"}],"cast_person_additional":""},{"cast_position":"Text","cast_person":[{"ID":22761,"post_author":"12","post_date":"2024-07-17 16:15:25","post_date_gmt":"2024-07-17 14:15:25","post_content":"<!-- wp:image {\"id\":22762,\"sizeSlug\":\"full\",\"linkDestination\":\"none\"} -->\n<figure class=\"wp-block-image size-full\"><img src=\"https:\/\/www.jes-stuttgart.de\/wp-content\/uploads\/pina-bergemann-v-kimi-palme.png\" alt=\"\" class=\"wp-image-22762\"\/><\/figure>\n<!-- \/wp:image -->\n\n<!-- wp:paragraph {\"fontSize\":\"small\"} -->\n<p class=\"has-small-font-size\">Foto: Kimi Palme<\/p>\n<!-- \/wp:paragraph -->\n\n<!-- wp:spacer {\"height\":\"20px\"} -->\n<div style=\"height:20px\" aria-hidden=\"true\" class=\"wp-block-spacer\"><\/div>\n<!-- \/wp:spacer -->\n\n<!-- wp:paragraph {\"placeholder\":\"Lorem ipsum dolor sit amet, consetetur sadipscing elitr, sed diam nonumy eirmod tempor invidunt ut labore et dolore magna aliquyam erat, sed diam voluptua. At vero eos et accusam et justo duo dolores et ea rebum. Stet clita kasd gubergren, no sea takimata sanctus est Lorem ipsum dolor sit amet. Lorem ipsum dolor sit amet, consetetur sadipscing elitr, sed diam nonumy eirmod tempor invidunt ut labore et dolore magna aliquyam erat, sed diam voluptua. At vero eos et accusam et justo duo dolores et ea rebum. Stet clita kasd gubergren, no sea takimata sanctus est Lorem ipsum dolor sit amet.\",\"lock\":{\"move\":true,\"remove\":false},\"fontSize\":\"medium\"} -->\n<p class=\"has-medium-font-size\">Pina Bergemann, in Stuttgart geboren und aufgewachsen, hat ihre ersten Theatererfahrungen als Hospitantin und Jugendclubspielerin am JES gemacht. Sie studierte an der Hochschule f\u00fcr Musik und Theater in Hamburg Schauspiel und gewann mit \u201eBaal\u201c den&nbsp;Max-Reinhardt-Preis f\u00fcr die beste Ensembleleistung beim Schauspielschultreffen. Nach ihrem Studium war sie am Theater Kiel und am Schauspiel Leipzig engagiert und hat mit Regisseur*innen wie Christopher R\u00fcping und Babett Grube zusammengearbeitet.&nbsp;Nachdem sie ihre Elternzeit in New York verbracht hat, war sie von 2018-2024 festes Ensemblemitglied am Theaterhaus Jena. Hier hat sie mit dem holl\u00e4ndischen Kollektiv Wunderbaum begonnen, kollektiv St\u00fccke zu entwickeln. 2022 verwirklichte sie zusammen mit der Autorin Anna Gschnitzer ihre erste eigene Arbeit&nbsp;\u201eLeaving Carthago\u201c&nbsp;als Regisseurin zum Thema Mutterschaft. 2024 folgte mit&nbsp;\u201eDie Entf\u00fchrung der Amygdala\u201c&nbsp;eine weitere gemeinsame Arbeit zum Thema Care-Arbeit. 2024 war sie mit \u201eDie Hundekot-Attacke\u201c zum Berliner Theatertreffen eingeladen. Hierf\u00fcr hat sie den 3Sat Theaterpreis verliehen bekommen.<br><br>Ab der&nbsp;Spielzeit 2024\/25 arbeitet Pina freischaffend als&nbsp;Schauspielerin, Theatermacherin und Regisseurin.&nbsp;<\/p>\n<!-- \/wp:paragraph -->","post_title":"Pina Bergemann (sie\/ihr)","post_excerpt":"","post_status":"publish","comment_status":"closed","ping_status":"closed","post_password":"","post_name":"pina-bergemann","to_ping":"","pinged":"","post_modified":"2025-05-08 18:14:03","post_modified_gmt":"2025-05-08 16:14:03","post_content_filtered":"","post_parent":0,"guid":"https:\/\/www.jes-stuttgart.de\/?post_type=person&#038;p=22761","menu_order":46,"post_type":"person","post_mime_type":"","comment_count":"0","filter":"raw"},{"ID":24506,"post_author":"13","post_date":"2024-07-17 16:17:45","post_date_gmt":"2024-07-17 14:17:45","post_content":"<!-- wp:image {\"id\":22765,\"sizeSlug\":\"full\",\"linkDestination\":\"none\"} -->\n<figure class=\"wp-block-image size-full\"><img src=\"https:\/\/www.jes-stuttgart.de\/wp-content\/uploads\/hannah-baumann-foto-felix-adler.png\" alt=\"\" class=\"wp-image-22765\"\/><\/figure>\n<!-- \/wp:image -->\n\n<!-- wp:paragraph {\"fontSize\":\"small\"} -->\n<p class=\"has-small-font-size\">Photo: Felix Adler<\/p>\n<!-- \/wp:paragraph -->\n\n<!-- wp:spacer {\"height\":\"20px\"} -->\n<div style=\"height:20px\" aria-hidden=\"true\" class=\"wp-block-spacer\"><\/div>\n<!-- \/wp:spacer -->\n\n<!-- wp:paragraph {\"placeholder\":\"Lorem ipsum dolor sit amet, consetetur sadipscing elitr, sed diam nonumy eirmod tempor invidunt ut labore et dolore magna aliquyam erat, sed diam voluptua. At vero eos et accusam et justo duo dolores et ea rebum. Stet clita kasd gubergren, no sea takimata sanctus est Lorem ipsum dolor sit amet. Lorem ipsum dolor sit amet, consetetur sadipscing elitr, sed diam nonumy eirmod tempor invidunt ut labore et dolore magna aliquyam erat, sed diam voluptua. At vero eos et accusam et justo duo dolores et ea rebum. Stet clita kasd gubergren, no sea takimata sanctus est Lorem ipsum dolor sit amet.\",\"lock\":{\"move\":true,\"remove\":false},\"fontSize\":\"medium\"} -->\n<p class=\"has-medium-font-size\">Hannah Baumann, born 1991, will finish working as a dramaturge at Theaterhaus Jena in 2024. She studied dramaturgy at Leipzig University of Music and Theatre and Spatial Strategies at Wei\u00dfensee Kunsthochschule in Berlin. She has worked on projects at different theatres such as Maxim Gorki Theater Berlin, HAU Hebbel am Ufer Berlin and Ku\u0308nstler*innenhaus Mousonturm in Frankfurt and was the curatorial assistant for the Performing Exiles Festival (curated by Matthias Lilienthal with Rabih Mrou\u00e9). In 2023, together with Christina Jung, she staged the play \u2018nu\u0308chtern (monsters dancing in the dark)\u2019 at Staatstheater Augsburg, a research project about alcohol addicts\u2019 loved ones. She has also given workshops and worked as a conceptual consultant for various political education associations in the field of anti-discrimination (including 7xjung). She is also a Muay Thai trainer for women and non-binary persons. In 2019, she received the Elsa Neumann Scholarship from the State of Berlin to support young artists. She was the dramaturge and part of the writers\u2019 collective for \u2018Die Hundekot-Attacke\u2019 (director: Walter Bart), which was invited to the Heidelberger Stu\u0308ckemarkt and the Berliner Theatertreffen. The team also received the 3sat Theatre Prize for its collective authorship. Her work focuses on the development and performance of research-based and documentary plays as well as on accompanying collaborative writing processes as a dramaturge and theatre director.<\/p>\n<!-- \/wp:paragraph -->","post_title":"Hannah Baumann (she\/her)","post_excerpt":"","post_status":"publish","comment_status":"closed","ping_status":"closed","post_password":"","post_name":"hannah-baumann","to_ping":"","pinged":"","post_modified":"2025-02-13 14:51:04","post_modified_gmt":"2025-02-13 13:51:04","post_content_filtered":"","post_parent":0,"guid":"https:\/\/www.jes-stuttgart.de\/person\/hannah-baumann\/","menu_order":44,"post_type":"person","post_mime_type":"","comment_count":"0","filter":"raw"},{"ID":24598,"post_author":"13","post_date":"2024-07-17 15:57:33","post_date_gmt":"2024-07-17 13:57:33","post_content":"<!-- wp:image {\"id\":22753,\"sizeSlug\":\"full\",\"linkDestination\":\"none\"} -->\n<figure class=\"wp-block-image size-full\"><img src=\"https:\/\/www.jes-stuttgart.de\/wp-content\/uploads\/carmen-ipek-yasemin-foto-saripicture-sarahdomandl.png\" alt=\"\" class=\"wp-image-22753\"\/><\/figure>\n<!-- \/wp:image -->\n\n<!-- wp:paragraph {\"fontSize\":\"small\"} -->\n<p class=\"has-small-font-size\">Foto: Sarah Domandl<\/p>\n<!-- \/wp:paragraph -->\n\n<!-- wp:spacer {\"height\":\"20px\"} -->\n<div style=\"height:20px\" aria-hidden=\"true\" class=\"wp-block-spacer\"><\/div>\n<!-- \/wp:spacer -->\n\n<!-- wp:paragraph {\"placeholder\":\"Lorem ipsum dolor sit amet, consetetur sadipscing elitr, sed diam nonumy eirmod tempor invidunt ut labore et dolore magna aliquyam erat, sed diam voluptua. At vero eos et accusam et justo duo dolores et ea rebum. Stet clita kasd gubergren, no sea takimata sanctus est Lorem ipsum dolor sit amet. Lorem ipsum dolor sit amet, consetetur sadipscing elitr, sed diam nonumy eirmod tempor invidunt ut labore et dolore magna aliquyam erat, sed diam voluptua. At vero eos et accusam et justo duo dolores et ea rebum. Stet clita kasd gubergren, no sea takimata sanctus est Lorem ipsum dolor sit amet.\",\"lock\":{\"move\":true,\"remove\":false},\"fontSize\":\"medium\"} -->\n<p class=\"has-medium-font-size\">Carmen Yasemin Ipek, born and raised in Munich, gained her first theatre experience in the youth clubs of the\u00a0M\u00fcnchner Volkstheater and the Residenztheater. She studied acting at the Rostock University of Music and Theatre, where she graduated in 2018. She moved to Berlin as a freelance actress and realised her first film projects. She has performed at Rostocker Volkstheater and Mecklenburgisches Staatstheater, Akademie der K\u00fcnste in Ludwigsburg, Bayerische Theaterakademie and worked with the Tacheles &amp; Tarantismus collective in Heilbronn. From 2020 to 2023 she was an ensemble member at Junges Nationaltheater Mannheim. She returned to Munich as a freelance actress and voice-over artist in September 2023 and continues to make guest appearances at Nationaltheater Mannheim as well as the opera, sometimes as a presenter. In autumn 2024, she will make her first guest appearance at Junges Ensemble Stuttgart. Carmen has been a volunteer member of the Queer Film Festival Munich team since 2023 to support the queer community and curate great, important films.<\/p>\n<!-- \/wp:paragraph -->\n\n<!-- wp:separator -->\n<hr class=\"wp-block-separator has-alpha-channel-opacity\"\/>\n<!-- \/wp:separator -->\n\n<!-- wp:paragraph -->\n<p><a id=\"_msocom_1\"><\/a><\/p>\n<!-- \/wp:paragraph -->","post_title":"Carmen Yasemin Ipek (she\/her)","post_excerpt":"","post_status":"publish","comment_status":"closed","ping_status":"closed","post_password":"","post_name":"carmen-yasemin-ipek","to_ping":"","pinged":"","post_modified":"2025-02-13 14:50:21","post_modified_gmt":"2025-02-13 13:50:21","post_content_filtered":"","post_parent":0,"guid":"https:\/\/www.jes-stuttgart.de\/person\/carmen-yasemin-ipek\/","menu_order":50,"post_type":"person","post_mime_type":"","comment_count":"0","filter":"raw"},{"ID":24751,"post_author":"13","post_date":"2024-10-29 11:32:20","post_date_gmt":"2024-10-29 10:32:20","post_content":"<!-- wp:image {\"id\":24781,\"sizeSlug\":\"large\",\"linkDestination\":\"none\"} -->\n<figure class=\"wp-block-image size-large\"><img src=\"https:\/\/www.jes-stuttgart.de\/wp-content\/uploads\/foto-nadja-rui-vlenja-kempf-1-1-1707x2560.jpg\" alt=\"\" class=\"wp-image-24781\"\/><figcaption class=\"wp-element-caption\">Foto: Lenja Kempf<\/figcaption><\/figure>\n<!-- \/wp:image -->\n\n<!-- wp:paragraph {\"placeholder\":\"Lorem ipsum dolor sit amet, consetetur sadipscing elitr, sed diam nonumy eirmod tempor invidunt ut labore et dolore magna aliquyam erat, sed diam voluptua. At vero eos et accusam et justo duo dolores et ea rebum. Stet clita kasd gubergren, no sea takimata sanctus est Lorem ipsum dolor sit amet. Lorem ipsum dolor sit amet, consetetur sadipscing elitr, sed diam nonumy eirmod tempor invidunt ut labore et dolore magna aliquyam erat, sed diam voluptua. At vero eos et accusam et justo duo dolores et ea rebum. Stet clita kasd gubergren, no sea takimata sanctus est Lorem ipsum dolor sit amet.\",\"lock\":{\"move\":true,\"remove\":false},\"fontSize\":\"medium\"} -->\n<p class=\"has-medium-font-size\">Nadja Rui wurde 1991 geboren, verkaufte 11 Jahre K\u00e4se auf dem Wochenmarkt in Bern und studierte Schauspiel an der Hochschule der K\u00fcnste Bern (HKB), an der sie 2017 mit dem Master in \u201eExpanded Theater\u201c abschloss. Sie erhielt den F\u00f6rderpreis der Armin Ziegler-Stiftung und den Studienpreis der Migros-Kulturstiftung. W\u00e4hrend ihrer Ausbildung gastierte sie am Theater Basel und bei den Z\u00fcrcher Festspielen, arbeitete weiter auf dem Wochenmarkt und betrieb, als Serviceangestellte, eine Feldstudie \u00fcber die zahlreichen Stammg\u00e4ste des \u201eCaf\u00e9 des Pyrenees\u201c. 2018 nahm sie an einem internationalen Praxisprojekt in Jordanien Teil (\u201eKunst, Konflikt und Kooperation\u201c, HKB), machte Konzertmoderation und begab sich kurz darauf in ihr erstes Festengagement am Jungen Theater Heidelberg.<\/p>\n<!-- \/wp:paragraph -->\n\n<!-- wp:paragraph {\"placeholder\":\"Lorem ipsum dolor sit amet, consetetur sadipscing elitr, sed diam nonumy eirmod tempor invidunt ut labore et dolore magna aliquyam erat, sed diam voluptua. At vero eos et accusam et justo duo dolores et ea rebum. Stet clita kasd gubergren, no sea takimata sanctus est Lorem ipsum dolor sit amet. Lorem ipsum dolor sit amet, consetetur sadipscing elitr, sed diam nonumy eirmod tempor invidunt ut labore et dolore magna aliquyam erat, sed diam voluptua. At vero eos et accusam et justo duo dolores et ea rebum. Stet clita kasd gubergren, no sea takimata sanctus est Lorem ipsum dolor sit amet.\",\"lock\":{\"move\":true,\"remove\":false},\"fontSize\":\"medium\"} -->\n<p class=\"has-medium-font-size\">Seit August 2021 ist Nadja wieder freischaffend. Zu Ihren absoluten Herzens-Projekten geh\u00f6rt das Solo \u201eUnter Drachen\u201c (Regie: Patricjia Broni\u0107), eine St\u00fcckentwicklung zum Thema Tod und Trauer f\u00fcr alle ab 8 Jahren (nominiert f\u00fcr \u201eDer Faust\u201c 2023). Neben ihrer Leidenschaft, einem breiten Publikum heikle Themen zug\u00e4nglich zu machen, liebt sie es auf der B\u00fchne neuen Herausforderungen entgegen zu treten. 2024 hat sie in der St\u00fcckentwicklung \u201ePion, p\u00e8te pas les plombs\u201c (Regie: Clea Eden) auf franz\u00f6sisch gespielt, obwohl sie in der Schule alles andere als gute Noten darin geschrieben hatte. Mit \u201eF*** you, Woyzeck\u201c gastiert Nadja das erste Mal am Jungen Ensemble Stuttgart.<\/p>\n<!-- \/wp:paragraph -->","post_title":"Nadja Rui (sie\/ihr)","post_excerpt":"","post_status":"publish","comment_status":"closed","ping_status":"closed","post_password":"","post_name":"nadja-rui","to_ping":"","pinged":"","post_modified":"2025-02-13 10:58:42","post_modified_gmt":"2025-02-13 09:58:42","post_content_filtered":"","post_parent":0,"guid":"https:\/\/www.jes-stuttgart.de\/?post_type=person&#038;p=24751","menu_order":28,"post_type":"person","post_mime_type":"","comment_count":"0","filter":"raw"}],"cast_person_additional":""},{"cast_position":"Dramaturgie","cast_person":[{"ID":24506,"post_author":"13","post_date":"2024-07-17 16:17:45","post_date_gmt":"2024-07-17 14:17:45","post_content":"<!-- wp:image {\"id\":22765,\"sizeSlug\":\"full\",\"linkDestination\":\"none\"} -->\n<figure class=\"wp-block-image size-full\"><img src=\"https:\/\/www.jes-stuttgart.de\/wp-content\/uploads\/hannah-baumann-foto-felix-adler.png\" alt=\"\" class=\"wp-image-22765\"\/><\/figure>\n<!-- \/wp:image -->\n\n<!-- wp:paragraph {\"fontSize\":\"small\"} -->\n<p class=\"has-small-font-size\">Photo: Felix Adler<\/p>\n<!-- \/wp:paragraph -->\n\n<!-- wp:spacer {\"height\":\"20px\"} -->\n<div style=\"height:20px\" aria-hidden=\"true\" class=\"wp-block-spacer\"><\/div>\n<!-- \/wp:spacer -->\n\n<!-- wp:paragraph {\"placeholder\":\"Lorem ipsum dolor sit amet, consetetur sadipscing elitr, sed diam nonumy eirmod tempor invidunt ut labore et dolore magna aliquyam erat, sed diam voluptua. At vero eos et accusam et justo duo dolores et ea rebum. Stet clita kasd gubergren, no sea takimata sanctus est Lorem ipsum dolor sit amet. Lorem ipsum dolor sit amet, consetetur sadipscing elitr, sed diam nonumy eirmod tempor invidunt ut labore et dolore magna aliquyam erat, sed diam voluptua. At vero eos et accusam et justo duo dolores et ea rebum. Stet clita kasd gubergren, no sea takimata sanctus est Lorem ipsum dolor sit amet.\",\"lock\":{\"move\":true,\"remove\":false},\"fontSize\":\"medium\"} -->\n<p class=\"has-medium-font-size\">Hannah Baumann, born 1991, will finish working as a dramaturge at Theaterhaus Jena in 2024. She studied dramaturgy at Leipzig University of Music and Theatre and Spatial Strategies at Wei\u00dfensee Kunsthochschule in Berlin. She has worked on projects at different theatres such as Maxim Gorki Theater Berlin, HAU Hebbel am Ufer Berlin and Ku\u0308nstler*innenhaus Mousonturm in Frankfurt and was the curatorial assistant for the Performing Exiles Festival (curated by Matthias Lilienthal with Rabih Mrou\u00e9). In 2023, together with Christina Jung, she staged the play \u2018nu\u0308chtern (monsters dancing in the dark)\u2019 at Staatstheater Augsburg, a research project about alcohol addicts\u2019 loved ones. She has also given workshops and worked as a conceptual consultant for various political education associations in the field of anti-discrimination (including 7xjung). She is also a Muay Thai trainer for women and non-binary persons. In 2019, she received the Elsa Neumann Scholarship from the State of Berlin to support young artists. She was the dramaturge and part of the writers\u2019 collective for \u2018Die Hundekot-Attacke\u2019 (director: Walter Bart), which was invited to the Heidelberger Stu\u0308ckemarkt and the Berliner Theatertreffen. The team also received the 3sat Theatre Prize for its collective authorship. Her work focuses on the development and performance of research-based and documentary plays as well as on accompanying collaborative writing processes as a dramaturge and theatre director.<\/p>\n<!-- \/wp:paragraph -->","post_title":"Hannah Baumann (she\/her)","post_excerpt":"","post_status":"publish","comment_status":"closed","ping_status":"closed","post_password":"","post_name":"hannah-baumann","to_ping":"","pinged":"","post_modified":"2025-02-13 14:51:04","post_modified_gmt":"2025-02-13 13:51:04","post_content_filtered":"","post_parent":0,"guid":"https:\/\/www.jes-stuttgart.de\/person\/hannah-baumann\/","menu_order":44,"post_type":"person","post_mime_type":"","comment_count":"0","filter":"raw"}],"cast_person_additional":""},{"cast_position":"Theaterp\u00e4dagogik","cast_person":[{"ID":24755,"post_author":"13","post_date":"2024-09-10 15:56:05","post_date_gmt":"2024-09-10 13:56:05","post_content":"<!-- wp:paragraph {\"fontSize\":\"medium\"} -->\n<p class=\"has-medium-font-size\"><strong>EDUCATION<\/strong><\/p>\n<!-- \/wp:paragraph -->\n\n<!-- wp:paragraph {\"fontSize\":\"medium\"} -->\n<p class=\"has-medium-font-size\">I was born in Kirchheim unter Teck in the year 2000 and completed my A-levels there. In 2024, I completed my degree in cultural and media education at the Ludwigsburg University of Education, where I specialised in art and theatre\/literature.<\/p>\n<!-- \/wp:paragraph -->\n\n<!-- wp:paragraph {\"fontSize\":\"medium\"} -->\n<p class=\"has-medium-font-size\">ELSEWHERE<\/p>\n<!-- \/wp:paragraph -->\n\n<!-- wp:paragraph {\"fontSize\":\"medium\"} -->\n<p class=\"has-medium-font-size\">I already had the opportunity to gain experience in the arts and culture sector during my studies. As a gallery assistant at the LUMAS gallery in 2022\/2023, I was able to support art lovers and photographers in their search for the right work of art and advise them on their own photo productions. The following year, 2023\/2024, I worked in the office and in production at Theater RAMPE - a wonderful time full of valuable experiences.<\/p>\n<!-- \/wp:paragraph -->\n\n<!-- wp:paragraph {\"fontSize\":\"medium\"} -->\n<p class=\"has-medium-font-size\">JES! AND ME<\/p>\n<!-- \/wp:paragraph -->\n\n<!-- wp:paragraph {\"fontSize\":\"medium\"} -->\n<p class=\"has-medium-font-size\">I discovered JES in 2021, both through my studies and through my work at the box office during performances until 2022. In the 24\/25 season,I am part of the team and have started a traineeship in theatre education and dramaturgy, which I am very happy about! <\/p>\n<!-- \/wp:paragraph -->\n\n<!-- wp:paragraph -->\n<p><a id=\"_msocom_1\"><\/a><\/p>\n<!-- \/wp:paragraph -->\n\n<!-- wp:paragraph -->\n<p><\/p>\n<!-- \/wp:paragraph -->\n\n<!-- wp:paragraph {\"fontSize\":\"medium\"} -->\n<p class=\"has-medium-font-size\">CONTACT<\/p>\n<!-- \/wp:paragraph -->\n\n<!-- wp:paragraph {\"fontSize\":\"medium\"} -->\n<p class=\"has-medium-font-size\"><a href=\"mailto:selma.sabotic@jes-stuttgart.de\">selma.sabotic@jes-stuttgart.de<\/a><\/p>\n<!-- \/wp:paragraph -->\n\n<!-- wp:paragraph -->\n<p><\/p>\n<!-- \/wp:paragraph -->","post_title":"Selma Saboti\u0107 (she\/her)","post_excerpt":"","post_status":"publish","comment_status":"closed","ping_status":"closed","post_password":"","post_name":"selma-sabotic-sie-ihr","to_ping":"","pinged":"","post_modified":"2024-10-29 12:12:37","post_modified_gmt":"2024-10-29 11:12:37","post_content_filtered":"","post_parent":0,"guid":"https:\/\/www.jes-stuttgart.de\/person\/selma-sabotic-sie-ihr\/","menu_order":39,"post_type":"person","post_mime_type":"","comment_count":"0","filter":"raw"},{"ID":26451,"post_author":"13","post_date":"2024-09-23 14:45:10","post_date_gmt":"2024-09-23 12:45:10","post_content":"<!-- wp:image -->\n<figure class=\"wp-block-image\"><img alt=\"\"\/><\/figure>\n<!-- \/wp:image -->\n\n<!-- wp:paragraph {\"placeholder\":\"Lorem ipsum dolor sit amet, consetetur sadipscing elitr, sed diam nonumy eirmod tempor invidunt ut labore et dolore magna aliquyam erat, sed diam voluptua. At vero eos et accusam et justo duo dolores et ea rebum. Stet clita kasd gubergren, no sea takimata sanctus est Lorem ipsum dolor sit amet. Lorem ipsum dolor sit amet, consetetur sadipscing elitr, sed diam nonumy eirmod tempor invidunt ut labore et dolore magna aliquyam erat, sed diam voluptua. At vero eos et accusam et justo duo dolores et ea rebum. Stet clita kasd gubergren, no sea takimata sanctus est Lorem ipsum dolor sit amet.\",\"lock\":{\"move\":true,\"remove\":false},\"fontSize\":\"medium\"} -->\n<p class=\"has-medium-font-size\">EDUCATION<br>I completed my bachelor's degree in cultural and media education in Ludwigsburg and then studied cultural mediation with focus on theater in Hildesheim.<br><br>OTHER PLACES<br>I spent a year in Bochum between my Abitur and my studies and did internships at the KJTZ in Frankfurt am Main and at Schauspiel Stuttgart during my studies.<br><br>JES! AND ME<br>I've already worked at the bar and box office at JES Theater, I've done an internship in theater education, assisted with productions and helped organize the festival \"Sch\u00f6ne Aussicht 2024\". I got to know JES Theater in 2017 through the \"Club der Schaulustigen\", which I'm managing from this season! Full circle moment!<\/p>\n<!-- \/wp:paragraph -->\n\n<!-- wp:paragraph {\"placeholder\":\"Lorem ipsum dolor sit amet, consetetur sadipscing elitr, sed diam nonumy eirmod tempor invidunt ut labore et dolore magna aliquyam erat, sed diam voluptua. At vero eos et accusam et justo duo dolores et ea rebum. Stet clita kasd gubergren, no sea takimata sanctus est Lorem ipsum dolor sit amet. Lorem ipsum dolor sit amet, consetetur sadipscing elitr, sed diam nonumy eirmod tempor invidunt ut labore et dolore magna aliquyam erat, sed diam voluptua. At vero eos et accusam et justo duo dolores et ea rebum. Stet clita kasd gubergren, no sea takimata sanctus est Lorem ipsum dolor sit amet.\",\"lock\":{\"move\":true,\"remove\":false}} -->\n<p><\/p>\n<!-- \/wp:paragraph -->","post_title":"Marie Herholt (she\/her)","post_excerpt":"","post_status":"publish","comment_status":"closed","ping_status":"closed","post_password":"","post_name":"marie-herholt-she-her","to_ping":"","pinged":"","post_modified":"2025-01-31 11:36:18","post_modified_gmt":"2025-01-31 10:36:18","post_content_filtered":"","post_parent":0,"guid":"https:\/\/www.jes-stuttgart.de\/?post_type=person&#038;p=26451","menu_order":32,"post_type":"person","post_mime_type":"","comment_count":"0","filter":"raw"}],"cast_person_additional":""},{"cast_position":"Ausstattung","cast_person":[{"ID":5292,"post_author":"13","post_date":"2022-07-07 16:19:51","post_date_gmt":"2022-07-07 14:19:51","post_content":"<!-- wp:paragraph {\"style\":{\"typography\":{\"textTransform\":\"uppercase\"}},\"fontSize\":\"normal\"} -->\n<p class=\"has-normal-font-size\" style=\"text-transform:uppercase\"><a href=\"https:\/\/www.jes-stuttgart.de\/personen\/#collapsible-person-573\"><\/a><\/p>\n<!-- \/wp:paragraph -->\n\n<!-- wp:paragraph -->\n<p><\/p>\n<!-- \/wp:paragraph -->\n\n<!-- wp:paragraph {\"fontSize\":\"medium\"} -->\n<p class=\"has-medium-font-size\">Elsewhere<\/p>\n<!-- \/wp:paragraph -->\n\n<!-- wp:paragraph {\"fontSize\":\"medium\"} -->\n<p class=\"has-medium-font-size\">I have been drawn to the theatre since I was a child. My first internship in 2008\/2009 was at JES in the set design department. Since then, I have worked there on and off as a temp.<\/p>\n<!-- \/wp:paragraph -->\n\n<!-- wp:paragraph {\"fontSize\":\"medium\"} -->\n<p class=\"has-medium-font-size\">At Staatstheater Stuttgart, I worked as a costume and set designer for Christian Tschirner and Corinna Harfouch, among others. I also worked there as a production assistant on the international theatre project \u2018Orient Express\u2019. At the Ludwigsburg Film Academy, I was able to immerse myself as a set designer in the world of film. I also worked in the costume department at Altes Schauspielhaus and the Palladium.<\/p>\n<!-- \/wp:paragraph -->\n\n<!-- wp:paragraph {\"fontSize\":\"medium\"} -->\n<p class=\"has-medium-font-size\">My additional expertise includes training as a carpenter, a year studying expressive dance and training as a textile designer in the craft of weaving.<\/p>\n<!-- \/wp:paragraph -->\n\n<!-- wp:paragraph {\"fontSize\":\"medium\"} -->\n<p class=\"has-medium-font-size\">JES! and me<\/p>\n<!-- \/wp:paragraph -->\n\n<!-- wp:paragraph {\"fontSize\":\"medium\"} -->\n<p class=\"has-medium-font-size\">I have been supporting the JES equipment team as a member of staff since the 2021\/2022 season.<\/p>\n<!-- \/wp:paragraph -->\n\n<!-- wp:paragraph {\"fontSize\":\"medium\"} -->\n<p class=\"has-medium-font-size\">CONTACT<\/p>\n<!-- \/wp:paragraph -->\n\n<!-- wp:paragraph {\"fontSize\":\"medium\"} -->\n<p class=\"has-medium-font-size\"><a href=\"mailto:ausstattung@jes-stuttgart.de\">ausstattung@jes-stuttgart.de<\/a><\/p>\n<!-- \/wp:paragraph -->\n\n<!-- wp:paragraph -->\n<p><\/p>\n<!-- \/wp:paragraph -->","post_title":"Friederike Sch\u00fctthoff (she\/her)","post_excerpt":"","post_status":"publish","comment_status":"closed","ping_status":"closed","post_password":"","post_name":"friederike-schuettoff","to_ping":"","pinged":"","post_modified":"2024-10-29 12:28:53","post_modified_gmt":"2024-10-29 11:28:53","post_content_filtered":"","post_parent":0,"guid":"https:\/\/www.jes-stuttgart.de\/person\/friederike-schuettoff\/","menu_order":223,"post_type":"person","post_mime_type":"","comment_count":"0","filter":"raw"}],"cast_person_additional":""},{"cast_position":"Assistenz","cast_person":[{"ID":20121,"post_author":"13","post_date":"2023-01-07 13:34:50","post_date_gmt":"2023-01-07 12:34:50","post_content":"<!-- wp:image {\"id\":11314,\"width\":\"601px\",\"height\":\"982px\",\"sizeSlug\":\"full\",\"linkDestination\":\"none\"} -->\n<figure class=\"wp-block-image size-full is-resized\"><img src=\"https:\/\/www.jes-stuttgart.de\/wp-content\/uploads\/gennrich-lin-v-katja-kopic.jpg\" alt=\"\" class=\"wp-image-11314\" style=\"width:601px;height:982px\"\/><figcaption class=\"wp-element-caption\">Foto: Lin Gennrich<\/figcaption><\/figure>\n<!-- \/wp:image -->\n\n<!-- wp:paragraph {\"fontSize\":\"medium\"} -->\n<p class=\"has-medium-font-size\">EDUCATION<br>I was born in Filderstadt in 2004 and grew up in Freiberg am Neckar. I graduated from high school there in spring 2022.<\/p>\n<!-- \/wp:paragraph -->\n\n<!-- wp:paragraph {\"fontSize\":\"medium\"} -->\n<p class=\"has-medium-font-size\">JES! AND ME<br>In the 22\/23 season, I completed my FSJ in theatre education at JES. I was part of the clubs \u2018Die Philosoph*innen\u2019 and \u2018Queer*town\u2019, sat in on the production \u2018Warum das Kind in der Polenta kocht\u2019 and organised the open space format EINMISCHEN with other FSJ volunteers.<\/p>\n<!-- \/wp:paragraph -->\n\n<!-- wp:paragraph {\"fontSize\":\"medium\"} -->\n<p class=\"has-medium-font-size\">From autumn 2023, I will be working at JES as a guest assistant and guest intern on various productions, starting with the solo \u2018All das Sch\u00f6ne\u2019.<\/p>\n<!-- \/wp:paragraph -->\n\n<!-- wp:paragraph {\"fontSize\":\"medium\"} -->\n<p class=\"has-medium-font-size\">ELSEWHERE<\/p>\n<!-- \/wp:paragraph -->\n\n<!-- wp:paragraph {\"fontSize\":\"medium\"} -->\n<p class=\"has-medium-font-size\">In summer 2023, I was part of the production \u2018Auerhaus\u2019 at the Wilhelmatheater in Stuttgart as an assistant director, directed by Brigitte Dethier and acting students from the HMDK.<\/p>\n<!-- \/wp:paragraph -->","post_title":"Lin Gennrich (none)","post_excerpt":"","post_status":"publish","comment_status":"closed","ping_status":"closed","post_password":"","post_name":"lin-gennrich","to_ping":"","pinged":"","post_modified":"2024-10-29 12:47:30","post_modified_gmt":"2024-10-29 11:47:30","post_content_filtered":"","post_parent":0,"guid":"https:\/\/www.jes-stuttgart.de\/person\/lin-gennrich\/","menu_order":135,"post_type":"person","post_mime_type":"","comment_count":"0","filter":"raw"}],"cast_person_additional":""},{"cast_position":"Musik","cast_person":"","cast_person_additional":"Moritz Bossmann"}],"play_title_calender":"F*** you, Woyzeck","cast_member":[{"ID":24506,"post_author":"13","post_date":"2024-07-17 16:17:45","post_date_gmt":"2024-07-17 14:17:45","post_content":"<!-- wp:image {\"id\":22765,\"sizeSlug\":\"full\",\"linkDestination\":\"none\"} -->\n<figure class=\"wp-block-image size-full\"><img src=\"https:\/\/www.jes-stuttgart.de\/wp-content\/uploads\/hannah-baumann-foto-felix-adler.png\" alt=\"\" class=\"wp-image-22765\"\/><\/figure>\n<!-- \/wp:image -->\n\n<!-- wp:paragraph {\"fontSize\":\"small\"} -->\n<p class=\"has-small-font-size\">Photo: Felix Adler<\/p>\n<!-- \/wp:paragraph -->\n\n<!-- wp:spacer {\"height\":\"20px\"} -->\n<div style=\"height:20px\" aria-hidden=\"true\" class=\"wp-block-spacer\"><\/div>\n<!-- \/wp:spacer -->\n\n<!-- wp:paragraph {\"placeholder\":\"Lorem ipsum dolor sit amet, consetetur sadipscing elitr, sed diam nonumy eirmod tempor invidunt ut labore et dolore magna aliquyam erat, sed diam voluptua. At vero eos et accusam et justo duo dolores et ea rebum. Stet clita kasd gubergren, no sea takimata sanctus est Lorem ipsum dolor sit amet. Lorem ipsum dolor sit amet, consetetur sadipscing elitr, sed diam nonumy eirmod tempor invidunt ut labore et dolore magna aliquyam erat, sed diam voluptua. At vero eos et accusam et justo duo dolores et ea rebum. Stet clita kasd gubergren, no sea takimata sanctus est Lorem ipsum dolor sit amet.\",\"lock\":{\"move\":true,\"remove\":false},\"fontSize\":\"medium\"} -->\n<p class=\"has-medium-font-size\">Hannah Baumann, born 1991, will finish working as a dramaturge at Theaterhaus Jena in 2024. She studied dramaturgy at Leipzig University of Music and Theatre and Spatial Strategies at Wei\u00dfensee Kunsthochschule in Berlin. She has worked on projects at different theatres such as Maxim Gorki Theater Berlin, HAU Hebbel am Ufer Berlin and Ku\u0308nstler*innenhaus Mousonturm in Frankfurt and was the curatorial assistant for the Performing Exiles Festival (curated by Matthias Lilienthal with Rabih Mrou\u00e9). In 2023, together with Christina Jung, she staged the play \u2018nu\u0308chtern (monsters dancing in the dark)\u2019 at Staatstheater Augsburg, a research project about alcohol addicts\u2019 loved ones. She has also given workshops and worked as a conceptual consultant for various political education associations in the field of anti-discrimination (including 7xjung). She is also a Muay Thai trainer for women and non-binary persons. In 2019, she received the Elsa Neumann Scholarship from the State of Berlin to support young artists. She was the dramaturge and part of the writers\u2019 collective for \u2018Die Hundekot-Attacke\u2019 (director: Walter Bart), which was invited to the Heidelberger Stu\u0308ckemarkt and the Berliner Theatertreffen. The team also received the 3sat Theatre Prize for its collective authorship. Her work focuses on the development and performance of research-based and documentary plays as well as on accompanying collaborative writing processes as a dramaturge and theatre director.<\/p>\n<!-- \/wp:paragraph -->","post_title":"Hannah Baumann (she\/her)","post_excerpt":"","post_status":"publish","comment_status":"closed","ping_status":"closed","post_password":"","post_name":"hannah-baumann","to_ping":"","pinged":"","post_modified":"2025-02-13 14:51:04","post_modified_gmt":"2025-02-13 13:51:04","post_content_filtered":"","post_parent":0,"guid":"https:\/\/www.jes-stuttgart.de\/person\/hannah-baumann\/","menu_order":44,"post_type":"person","post_mime_type":"","comment_count":"0","filter":"raw"},{"ID":22761,"post_author":"12","post_date":"2024-07-17 16:15:25","post_date_gmt":"2024-07-17 14:15:25","post_content":"<!-- wp:image {\"id\":22762,\"sizeSlug\":\"full\",\"linkDestination\":\"none\"} -->\n<figure class=\"wp-block-image size-full\"><img src=\"https:\/\/www.jes-stuttgart.de\/wp-content\/uploads\/pina-bergemann-v-kimi-palme.png\" alt=\"\" class=\"wp-image-22762\"\/><\/figure>\n<!-- \/wp:image -->\n\n<!-- wp:paragraph {\"fontSize\":\"small\"} -->\n<p class=\"has-small-font-size\">Foto: Kimi Palme<\/p>\n<!-- \/wp:paragraph -->\n\n<!-- wp:spacer {\"height\":\"20px\"} -->\n<div style=\"height:20px\" aria-hidden=\"true\" class=\"wp-block-spacer\"><\/div>\n<!-- \/wp:spacer -->\n\n<!-- wp:paragraph {\"placeholder\":\"Lorem ipsum dolor sit amet, consetetur sadipscing elitr, sed diam nonumy eirmod tempor invidunt ut labore et dolore magna aliquyam erat, sed diam voluptua. At vero eos et accusam et justo duo dolores et ea rebum. Stet clita kasd gubergren, no sea takimata sanctus est Lorem ipsum dolor sit amet. Lorem ipsum dolor sit amet, consetetur sadipscing elitr, sed diam nonumy eirmod tempor invidunt ut labore et dolore magna aliquyam erat, sed diam voluptua. At vero eos et accusam et justo duo dolores et ea rebum. Stet clita kasd gubergren, no sea takimata sanctus est Lorem ipsum dolor sit amet.\",\"lock\":{\"move\":true,\"remove\":false},\"fontSize\":\"medium\"} -->\n<p class=\"has-medium-font-size\">Pina Bergemann, in Stuttgart geboren und aufgewachsen, hat ihre ersten Theatererfahrungen als Hospitantin und Jugendclubspielerin am JES gemacht. Sie studierte an der Hochschule f\u00fcr Musik und Theater in Hamburg Schauspiel und gewann mit \u201eBaal\u201c den&nbsp;Max-Reinhardt-Preis f\u00fcr die beste Ensembleleistung beim Schauspielschultreffen. Nach ihrem Studium war sie am Theater Kiel und am Schauspiel Leipzig engagiert und hat mit Regisseur*innen wie Christopher R\u00fcping und Babett Grube zusammengearbeitet.&nbsp;Nachdem sie ihre Elternzeit in New York verbracht hat, war sie von 2018-2024 festes Ensemblemitglied am Theaterhaus Jena. Hier hat sie mit dem holl\u00e4ndischen Kollektiv Wunderbaum begonnen, kollektiv St\u00fccke zu entwickeln. 2022 verwirklichte sie zusammen mit der Autorin Anna Gschnitzer ihre erste eigene Arbeit&nbsp;\u201eLeaving Carthago\u201c&nbsp;als Regisseurin zum Thema Mutterschaft. 2024 folgte mit&nbsp;\u201eDie Entf\u00fchrung der Amygdala\u201c&nbsp;eine weitere gemeinsame Arbeit zum Thema Care-Arbeit. 2024 war sie mit \u201eDie Hundekot-Attacke\u201c zum Berliner Theatertreffen eingeladen. Hierf\u00fcr hat sie den 3Sat Theaterpreis verliehen bekommen.<br><br>Ab der&nbsp;Spielzeit 2024\/25 arbeitet Pina freischaffend als&nbsp;Schauspielerin, Theatermacherin und Regisseurin.&nbsp;<\/p>\n<!-- \/wp:paragraph -->","post_title":"Pina Bergemann (sie\/ihr)","post_excerpt":"","post_status":"publish","comment_status":"closed","ping_status":"closed","post_password":"","post_name":"pina-bergemann","to_ping":"","pinged":"","post_modified":"2025-05-08 18:14:03","post_modified_gmt":"2025-05-08 16:14:03","post_content_filtered":"","post_parent":0,"guid":"https:\/\/www.jes-stuttgart.de\/?post_type=person&#038;p=22761","menu_order":46,"post_type":"person","post_mime_type":"","comment_count":"0","filter":"raw"},{"ID":24577,"post_author":"8","post_date":"2024-09-13 13:17:35","post_date_gmt":"2024-09-13 11:17:35","post_content":"<!-- wp:image {\"id\":25497,\"sizeSlug\":\"full\",\"linkDestination\":\"none\"} -->\n<figure class=\"wp-block-image size-full\"><img src=\"https:\/\/www.jes-stuttgart.de\/wp-content\/uploads\/dsc00502.jpg\" alt=\"\" class=\"wp-image-25497\"\/><figcaption class=\"wp-element-caption\">Foto: Alicia Hoffmann<\/figcaption><\/figure>\n<!-- \/wp:image -->\n\n<!-- wp:paragraph {\"fontSize\":\"medium\"} -->\n<p class=\"has-medium-font-size\">AUSBILDUNG<\/p>\n<!-- \/wp:paragraph -->\n\n<!-- wp:paragraph {\"fontSize\":\"medium\"} -->\n<p class=\"has-medium-font-size\">Ich wurde 1995 in Gie\u00dfen geboren. Nach einem FSJ-Kultur am tjg. theater junge generation Dresden studierte ich Theater- und Kulturwissenschaften an der Universit\u00e4t Leipzig und anschlie\u00dfend Kulturvermittlung an der Universit\u00e4t Hildesheim.<\/p>\n<!-- \/wp:paragraph -->\n\n<!-- wp:spacer {\"height\":\"20px\"} -->\n<div style=\"height:20px\" aria-hidden=\"true\" class=\"wp-block-spacer\"><\/div>\n<!-- \/wp:spacer -->\n\n<!-- wp:paragraph {\"fontSize\":\"medium\"} -->\n<p class=\"has-medium-font-size\">AN ANDEREN ORTEN<\/p>\n<!-- \/wp:paragraph -->\n\n<!-- wp:paragraph {\"fontSize\":\"medium\"} -->\n<p class=\"has-medium-font-size\">W\u00e4hrend meines Studiums war ich als Regieassistentin und freie Kunst- und Theatervermittlerin in unterschiedlichen Projekten und Kultureinrichtungen t\u00e4tig- u.a. am Schauspiel Leipzig, bei FLIPPO, die Kinderzeitung der GfZK Leipzig, an den Cammerspielen Leipzig sowie am Schauspiel Hannover. Nebenbei arbeitete ich als politische Bildnerin f\u00fcr ein Schulaufkl\u00e4rungs- und Antidiskriminierungsprojekt. Dabei gab ich Workshops zu geschlechtlicher und sexueller Vielfalt f\u00fcr Schulklassen unterschiedlicher Jahrgangsstufen.<br>Meine Arbeitsschwerpunkte liegen auf der Verbindung zwischen Kultureller und Politischer Bildung und der performativ-experimentellen Theaterarbeit mit jungen Personen.<\/p>\n<!-- \/wp:paragraph -->\n\n<!-- wp:spacer {\"height\":\"20px\"} -->\n<div style=\"height:20px\" aria-hidden=\"true\" class=\"wp-block-spacer\"><\/div>\n<!-- \/wp:spacer -->\n\n<!-- wp:paragraph {\"fontSize\":\"medium\"} -->\n<p class=\"has-medium-font-size\">JES UND ICH<\/p>\n<!-- \/wp:paragraph -->\n\n<!-- wp:paragraph {\"fontSize\":\"medium\"} -->\n<p class=\"has-medium-font-size\">Ab der Spielzeit 2024\/25 arbeite ich fest als Theaterp\u00e4dagogin am JES und leite u.a. den Spielclub \u201eDas Labor der \u00c4ngste\u201c und das Ferienprojekt \u201eQueer*Town.\u201c<\/p>\n<!-- \/wp:paragraph -->\n\n<!-- wp:spacer {\"height\":\"20px\"} -->\n<div style=\"height:20px\" aria-hidden=\"true\" class=\"wp-block-spacer\"><\/div>\n<!-- \/wp:spacer -->\n\n<!-- wp:paragraph {\"fontSize\":\"medium\"} -->\n<p class=\"has-medium-font-size\">KONTAKT<\/p>\n<!-- \/wp:paragraph -->\n\n<!-- wp:paragraph {\"fontSize\":\"medium\"} -->\n<p class=\"has-medium-font-size\"><a href=\"mailto:katharina.felde@jes-stuttgart.de\">katharina.felde@jes-stuttgart.de<\/a><br>0711 \/ 218 480 22<\/p>\n<!-- \/wp:paragraph -->","post_title":"Katharina Felde (sie\/ihr)","post_excerpt":"","post_status":"publish","comment_status":"closed","ping_status":"closed","post_password":"","post_name":"katharina-felde-sie-ihr","to_ping":"","pinged":"","post_modified":"2026-02-13 12:56:17","post_modified_gmt":"2026-02-13 11:56:17","post_content_filtered":"","post_parent":0,"guid":"https:\/\/www.jes-stuttgart.de\/person\/katharina-felde-sie-ihr\/","menu_order":37,"post_type":"person","post_mime_type":"","comment_count":"0","filter":"raw"},{"ID":20121,"post_author":"13","post_date":"2023-01-07 13:34:50","post_date_gmt":"2023-01-07 12:34:50","post_content":"<!-- wp:image {\"id\":11314,\"width\":\"601px\",\"height\":\"982px\",\"sizeSlug\":\"full\",\"linkDestination\":\"none\"} -->\n<figure class=\"wp-block-image size-full is-resized\"><img src=\"https:\/\/www.jes-stuttgart.de\/wp-content\/uploads\/gennrich-lin-v-katja-kopic.jpg\" alt=\"\" class=\"wp-image-11314\" style=\"width:601px;height:982px\"\/><figcaption class=\"wp-element-caption\">Foto: Lin Gennrich<\/figcaption><\/figure>\n<!-- \/wp:image -->\n\n<!-- wp:paragraph {\"fontSize\":\"medium\"} -->\n<p class=\"has-medium-font-size\">EDUCATION<br>I was born in Filderstadt in 2004 and grew up in Freiberg am Neckar. I graduated from high school there in spring 2022.<\/p>\n<!-- \/wp:paragraph -->\n\n<!-- wp:paragraph {\"fontSize\":\"medium\"} -->\n<p class=\"has-medium-font-size\">JES! AND ME<br>In the 22\/23 season, I completed my FSJ in theatre education at JES. I was part of the clubs \u2018Die Philosoph*innen\u2019 and \u2018Queer*town\u2019, sat in on the production \u2018Warum das Kind in der Polenta kocht\u2019 and organised the open space format EINMISCHEN with other FSJ volunteers.<\/p>\n<!-- \/wp:paragraph -->\n\n<!-- wp:paragraph {\"fontSize\":\"medium\"} -->\n<p class=\"has-medium-font-size\">From autumn 2023, I will be working at JES as a guest assistant and guest intern on various productions, starting with the solo \u2018All das Sch\u00f6ne\u2019.<\/p>\n<!-- \/wp:paragraph -->\n\n<!-- wp:paragraph {\"fontSize\":\"medium\"} -->\n<p class=\"has-medium-font-size\">ELSEWHERE<\/p>\n<!-- \/wp:paragraph -->\n\n<!-- wp:paragraph {\"fontSize\":\"medium\"} -->\n<p class=\"has-medium-font-size\">In summer 2023, I was part of the production \u2018Auerhaus\u2019 at the Wilhelmatheater in Stuttgart as an assistant director, directed by Brigitte Dethier and acting students from the HMDK.<\/p>\n<!-- \/wp:paragraph -->","post_title":"Lin Gennrich (none)","post_excerpt":"","post_status":"publish","comment_status":"closed","ping_status":"closed","post_password":"","post_name":"lin-gennrich","to_ping":"","pinged":"","post_modified":"2024-10-29 12:47:30","post_modified_gmt":"2024-10-29 11:47:30","post_content_filtered":"","post_parent":0,"guid":"https:\/\/www.jes-stuttgart.de\/person\/lin-gennrich\/","menu_order":135,"post_type":"person","post_mime_type":"","comment_count":"0","filter":"raw"},{"ID":24751,"post_author":"13","post_date":"2024-10-29 11:32:20","post_date_gmt":"2024-10-29 10:32:20","post_content":"<!-- wp:image {\"id\":24781,\"sizeSlug\":\"large\",\"linkDestination\":\"none\"} -->\n<figure class=\"wp-block-image size-large\"><img src=\"https:\/\/www.jes-stuttgart.de\/wp-content\/uploads\/foto-nadja-rui-vlenja-kempf-1-1-1707x2560.jpg\" alt=\"\" class=\"wp-image-24781\"\/><figcaption class=\"wp-element-caption\">Foto: Lenja Kempf<\/figcaption><\/figure>\n<!-- \/wp:image -->\n\n<!-- wp:paragraph {\"placeholder\":\"Lorem ipsum dolor sit amet, consetetur sadipscing elitr, sed diam nonumy eirmod tempor invidunt ut labore et dolore magna aliquyam erat, sed diam voluptua. At vero eos et accusam et justo duo dolores et ea rebum. Stet clita kasd gubergren, no sea takimata sanctus est Lorem ipsum dolor sit amet. Lorem ipsum dolor sit amet, consetetur sadipscing elitr, sed diam nonumy eirmod tempor invidunt ut labore et dolore magna aliquyam erat, sed diam voluptua. At vero eos et accusam et justo duo dolores et ea rebum. Stet clita kasd gubergren, no sea takimata sanctus est Lorem ipsum dolor sit amet.\",\"lock\":{\"move\":true,\"remove\":false},\"fontSize\":\"medium\"} -->\n<p class=\"has-medium-font-size\">Nadja Rui wurde 1991 geboren, verkaufte 11 Jahre K\u00e4se auf dem Wochenmarkt in Bern und studierte Schauspiel an der Hochschule der K\u00fcnste Bern (HKB), an der sie 2017 mit dem Master in \u201eExpanded Theater\u201c abschloss. Sie erhielt den F\u00f6rderpreis der Armin Ziegler-Stiftung und den Studienpreis der Migros-Kulturstiftung. W\u00e4hrend ihrer Ausbildung gastierte sie am Theater Basel und bei den Z\u00fcrcher Festspielen, arbeitete weiter auf dem Wochenmarkt und betrieb, als Serviceangestellte, eine Feldstudie \u00fcber die zahlreichen Stammg\u00e4ste des \u201eCaf\u00e9 des Pyrenees\u201c. 2018 nahm sie an einem internationalen Praxisprojekt in Jordanien Teil (\u201eKunst, Konflikt und Kooperation\u201c, HKB), machte Konzertmoderation und begab sich kurz darauf in ihr erstes Festengagement am Jungen Theater Heidelberg.<\/p>\n<!-- \/wp:paragraph -->\n\n<!-- wp:paragraph {\"placeholder\":\"Lorem ipsum dolor sit amet, consetetur sadipscing elitr, sed diam nonumy eirmod tempor invidunt ut labore et dolore magna aliquyam erat, sed diam voluptua. At vero eos et accusam et justo duo dolores et ea rebum. Stet clita kasd gubergren, no sea takimata sanctus est Lorem ipsum dolor sit amet. Lorem ipsum dolor sit amet, consetetur sadipscing elitr, sed diam nonumy eirmod tempor invidunt ut labore et dolore magna aliquyam erat, sed diam voluptua. At vero eos et accusam et justo duo dolores et ea rebum. Stet clita kasd gubergren, no sea takimata sanctus est Lorem ipsum dolor sit amet.\",\"lock\":{\"move\":true,\"remove\":false},\"fontSize\":\"medium\"} -->\n<p class=\"has-medium-font-size\">Seit August 2021 ist Nadja wieder freischaffend. Zu Ihren absoluten Herzens-Projekten geh\u00f6rt das Solo \u201eUnter Drachen\u201c (Regie: Patricjia Broni\u0107), eine St\u00fcckentwicklung zum Thema Tod und Trauer f\u00fcr alle ab 8 Jahren (nominiert f\u00fcr \u201eDer Faust\u201c 2023). Neben ihrer Leidenschaft, einem breiten Publikum heikle Themen zug\u00e4nglich zu machen, liebt sie es auf der B\u00fchne neuen Herausforderungen entgegen zu treten. 2024 hat sie in der St\u00fcckentwicklung \u201ePion, p\u00e8te pas les plombs\u201c (Regie: Clea Eden) auf franz\u00f6sisch gespielt, obwohl sie in der Schule alles andere als gute Noten darin geschrieben hatte. Mit \u201eF*** you, Woyzeck\u201c gastiert Nadja das erste Mal am Jungen Ensemble Stuttgart.<\/p>\n<!-- \/wp:paragraph -->","post_title":"Nadja Rui (sie\/ihr)","post_excerpt":"","post_status":"publish","comment_status":"closed","ping_status":"closed","post_password":"","post_name":"nadja-rui","to_ping":"","pinged":"","post_modified":"2025-02-13 10:58:42","post_modified_gmt":"2025-02-13 09:58:42","post_content_filtered":"","post_parent":0,"guid":"https:\/\/www.jes-stuttgart.de\/?post_type=person&#038;p=24751","menu_order":28,"post_type":"person","post_mime_type":"","comment_count":"0","filter":"raw"},{"ID":26402,"post_author":"13","post_date":"2025-01-27 14:12:59","post_date_gmt":"2025-01-27 13:12:59","post_content":"<!-- wp:image {\"id\":26405,\"sizeSlug\":\"full\",\"linkDestination\":\"none\"} -->\n<figure class=\"wp-block-image size-full\"><img src=\"https:\/\/www.jes-stuttgart.de\/wp-content\/uploads\/foto-moritzbossmann-kleiner.jpg\" alt=\"\" class=\"wp-image-26405\"\/><figcaption class=\"wp-element-caption\">Foto: Kriemhild Hamann<\/figcaption><\/figure>\n<!-- \/wp:image -->\n\n<!-- wp:paragraph {\"placeholder\":\"Lorem ipsum dolor sit amet, consetetur sadipscing elitr, sed diam nonumy eirmod tempor invidunt ut labore et dolore magna aliquyam erat, sed diam voluptua. At vero eos et accusam et justo duo dolores et ea rebum. Stet clita kasd gubergren, no sea takimata sanctus est Lorem ipsum dolor sit amet. Lorem ipsum dolor sit amet, consetetur sadipscing elitr, sed diam nonumy eirmod tempor invidunt ut labore et dolore magna aliquyam erat, sed diam voluptua. At vero eos et accusam et justo duo dolores et ea rebum. Stet clita kasd gubergren, no sea takimata sanctus est Lorem ipsum dolor sit amet.\",\"lock\":{\"move\":true,\"remove\":false},\"fontSize\":\"medium\"} -->\n<p class=\"has-medium-font-size\">Moritz Bossmann ist Musiker und Komponist. Er spielt E-Gitarre und komponiert f\u00fcr seine Band \u201eK\u00e4ptn Peng &amp; Die Tentakel von Delphi\u201c. Mit der Band hat er drei Alben ver\u00f6ffentlicht und zahlreichen Touren gespielt.<br>Mit seiner experimentellen Rockband \u201eV\u00f6gel die Erde essen\u201c hat er drei Alben ver\u00f6ffentlicht, in vermutlich jedem einzelnen alternativen Jugendzentrum Deutschlands gespielt sowie Konzerte im Vorprogramm von Bands wie Turbostaat und den Beatsteaks gespielt.<br><br>Er schreibt neben seiner Bandt\u00e4tigkeit Musiken f\u00fcr Filme und Theater.&nbsp;Mit den Tentakeln von Delphi hat er den Sountrack zum Kinofilm \u201eDie K\u00e4nguru-Verschw\u00f6rung\u201c (2022) von Marc-Uwe Kling geschrieben. 2015 entstand auch der Soundtrack zum Film \u201eAlkiAlki\u201c von Axel Ranisch.<br><br>Mit der Schauspielerin Sandra H\u00fcller, dem Regisseur Tom Schneider und dem Musiker Sandro Tajouri betreibt Moritz Bossmann das Theaterkollektiv Farn. Er schrieb die Musik zu den St\u00fccken \u201eBilder deiner gro\u00dfen Liebe\u201c am Neumarkt Theater in Z\u00fcrich sowie f\u00fcr die Heiner M\u00fcller-Inszenierung \u201eDie Hydra\u201c am Schauspielhaus Bochum. 2021 produzierte die Gruppe die Musiktheater-Performance \u201eThe Shape of trouble to come\u201c, die in Leipzig, Bochum und Freiburg gezeigt wurde. Gastspiele der Farn.-Produktionen f\u00fchrten die Gruppe unter anderem an die Volksb\u00fchne Berlin und zum \u201eTheaterfestival deutscher Sprache\u201c nach Prag. Zusammen entstand auch die Musikh\u00f6rspielproduktion \u201eBilder deiner gro\u00dfen Liebe\u201c, die 2017 als H\u00f6rspiel des Jahres geehrt wurde.<br><br>In seiner Band \u201ePuzzles\u201c spielt Moritz Bossmann zusammen mit dem Jazz Saxofonisten Johannes Schleiermacher und dem Pop-Produzenten Daniel Freitag Musik, die von t\u00fcrkischem psychedelic Rock der 60er Jahre beeinflusst ist. Bisher ist eine EP der Band erschienen.<br><br>Mit seinen Bandkollegen von den Tentakeln von Delphi betreibt er das Label Kreismusik, auf dem s\u00e4mtliche Alben von ihm erscheinen. Er hat Jazzgitarre in Weimar und t\u00fcrkische Musik in Istanbul studiert. Moritz Bossmann lebt als freischaffender Musiker und Komponist in Berlin.<\/p>\n<!-- \/wp:paragraph -->\n\n<!-- wp:paragraph {\"placeholder\":\"Lorem ipsum dolor sit amet, consetetur sadipscing elitr, sed diam nonumy eirmod tempor invidunt ut labore et dolore magna aliquyam erat, sed diam voluptua. At vero eos et accusam et justo duo dolores et ea rebum. Stet clita kasd gubergren, no sea takimata sanctus est Lorem ipsum dolor sit amet. Lorem ipsum dolor sit amet, consetetur sadipscing elitr, sed diam nonumy eirmod tempor invidunt ut labore et dolore magna aliquyam erat, sed diam voluptua. At vero eos et accusam et justo duo dolores et ea rebum. Stet clita kasd gubergren, no sea takimata sanctus est Lorem ipsum dolor sit amet.\",\"lock\":{\"move\":true,\"remove\":false}} -->\n<p><\/p>\n<!-- \/wp:paragraph -->","post_title":"Moritz Bossmann","post_excerpt":"","post_status":"publish","comment_status":"closed","ping_status":"closed","post_password":"","post_name":"moritz-bossmann-er-ihm","to_ping":"","pinged":"","post_modified":"2025-02-06 15:52:18","post_modified_gmt":"2025-02-06 14:52:18","post_content_filtered":"","post_parent":0,"guid":"https:\/\/www.jes-stuttgart.de\/?post_type=person&#038;p=26402","menu_order":21,"post_type":"person","post_mime_type":"","comment_count":"0","filter":"raw"}]},"_links":{"self":[{"href":"https:\/\/www.jes-stuttgart.de\/en\/wp-json\/wp\/v2\/posts\/23964","targetHints":{"allow":["GET"]}}],"collection":[{"href":"https:\/\/www.jes-stuttgart.de\/en\/wp-json\/wp\/v2\/posts"}],"about":[{"href":"https:\/\/www.jes-stuttgart.de\/en\/wp-json\/wp\/v2\/types\/post"}],"author":[{"embeddable":true,"href":"https:\/\/www.jes-stuttgart.de\/en\/wp-json\/wp\/v2\/users\/13"}],"replies":[{"embeddable":true,"href":"https:\/\/www.jes-stuttgart.de\/en\/wp-json\/wp\/v2\/comments?post=23964"}],"version-history":[{"count":3,"href":"https:\/\/www.jes-stuttgart.de\/en\/wp-json\/wp\/v2\/posts\/23964\/revisions"}],"predecessor-version":[{"id":26645,"href":"https:\/\/www.jes-stuttgart.de\/en\/wp-json\/wp\/v2\/posts\/23964\/revisions\/26645"}],"wp:featuredmedia":[{"embeddable":true,"href":"https:\/\/www.jes-stuttgart.de\/en\/wp-json\/wp\/v2\/media\/26603"}],"wp:attachment":[{"href":"https:\/\/www.jes-stuttgart.de\/en\/wp-json\/wp\/v2\/media?parent=23964"}],"wp:term":[{"taxonomy":"category","embeddable":true,"href":"https:\/\/www.jes-stuttgart.de\/en\/wp-json\/wp\/v2\/categories?post=23964"},{"taxonomy":"post_tag","embeddable":true,"href":"https:\/\/www.jes-stuttgart.de\/en\/wp-json\/wp\/v2\/tags?post=23964"},{"taxonomy":"age","embeddable":true,"href":"https:\/\/www.jes-stuttgart.de\/en\/wp-json\/wp\/v2\/age?post=23964"}],"curies":[{"name":"wp","href":"https:\/\/api.w.org\/{rel}","templated":true}]}}