{"id":28757,"date":"2025-07-30T10:32:20","date_gmt":"2025-07-30T08:32:20","guid":{"rendered":"https:\/\/www.jes-stuttgart.de\/?p=28757"},"modified":"2025-12-17T10:50:23","modified_gmt":"2025-12-17T09:50:23","slug":"fredundich","status":"publish","type":"post","link":"https:\/\/www.jes-stuttgart.de\/en\/fredundich\/","title":{"rendered":"Fred und ich"},"content":{"rendered":"<div  class=\"wp-block-subtitle is-relative\"><p>based on a novel by Lena Hach<\/p><\/div>\n\n\n<div style=\"height:20px\" aria-hidden=\"true\" class=\"wp-block-spacer\"><\/div>\n\n\n\n<p class=\"has-primary-3-color has-text-color has-link-color has-medium-font-size wp-elements-fa5bacfaa277dbe60160dbe2e087a68c\">PREMIERE: April 2026<\/p>\n\n\n\n<div style=\"height:20px\" aria-hidden=\"true\" class=\"wp-block-spacer\"><\/div>\n\n\n<div  class=\"wp-block-gallery is-relative is-full-width p-0 splide\"  data-gallery=\"\"><div class=\"splide__arrows\"><button class=\"splide__arrow splide__arrow--prev\">Prev<\/button><button class=\"splide__arrow splide__arrow--next\">Next<\/button><\/div><div class=\"splide__track is-full-height is-full-width\"><div class=\"splide__list is-full-height m-0\">\n<div  id=\"block_a89f168c7ecaefc8087f2e02fb061b68\" class=\"wp-block-slide splide__slide is-full-width is-full-height is-clipped is-flex is-flex-wrap-wrap is-justify-content-center is-align-items-center\">\n\n<figure class=\"wp-block-image size-full\"><img loading=\"lazy\" decoding=\"async\" width=\"2560\" height=\"1707\" src=\"https:\/\/www.jes-stuttgart.de\/wp-content\/uploads\/img-4313-klein.jpg\" alt=\"\" class=\"wp-image-31273\" srcset=\"https:\/\/www.jes-stuttgart.de\/wp-content\/uploads\/img-4313-klein.jpg 2560w, https:\/\/www.jes-stuttgart.de\/wp-content\/uploads\/img-4313-klein-1280x854.jpg 1280w, https:\/\/www.jes-stuttgart.de\/wp-content\/uploads\/img-4313-klein-200x133.jpg 200w, https:\/\/www.jes-stuttgart.de\/wp-content\/uploads\/img-4313-klein-768x512.jpg 768w, https:\/\/www.jes-stuttgart.de\/wp-content\/uploads\/img-4313-klein-1536x1024.jpg 1536w, https:\/\/www.jes-stuttgart.de\/wp-content\/uploads\/img-4313-klein-2048x1366.jpg 2048w, https:\/\/www.jes-stuttgart.de\/wp-content\/uploads\/img-4313-klein-1920x1280.jpg 1920w, https:\/\/www.jes-stuttgart.de\/wp-content\/uploads\/img-4313-klein-1440x960.jpg 1440w, https:\/\/www.jes-stuttgart.de\/wp-content\/uploads\/img-4313-klein-1024x683.jpg 1024w, https:\/\/www.jes-stuttgart.de\/wp-content\/uploads\/img-4313-klein-640x427.jpg 640w, https:\/\/www.jes-stuttgart.de\/wp-content\/uploads\/img-4313-klein-320x213.jpg 320w\" sizes=\"auto, (max-width: 2560px) 100vw, 2560px\" \/><figcaption class=\"wp-element-caption\">Foto: Krisztina Figge<\/figcaption><\/figure>\n\n<\/div>\n\n<div  id=\"block_a89f168c7ecaefc8087f2e02fb061b68\" class=\"wp-block-slide splide__slide is-full-width is-full-height is-clipped is-flex is-flex-wrap-wrap is-justify-content-center is-align-items-center\">\n\n<figure class=\"wp-block-image size-full\"><img loading=\"lazy\" decoding=\"async\" width=\"1783\" height=\"2560\" src=\"https:\/\/www.jes-stuttgart.de\/wp-content\/uploads\/img-4183-klein.jpg\" alt=\"\" class=\"wp-image-31281\" srcset=\"https:\/\/www.jes-stuttgart.de\/wp-content\/uploads\/img-4183-klein.jpg 1783w, https:\/\/www.jes-stuttgart.de\/wp-content\/uploads\/img-4183-klein-892x1280.jpg 892w, https:\/\/www.jes-stuttgart.de\/wp-content\/uploads\/img-4183-klein-139x200.jpg 139w, https:\/\/www.jes-stuttgart.de\/wp-content\/uploads\/img-4183-klein-768x1103.jpg 768w, https:\/\/www.jes-stuttgart.de\/wp-content\/uploads\/img-4183-klein-1070x1536.jpg 1070w, https:\/\/www.jes-stuttgart.de\/wp-content\/uploads\/img-4183-klein-1426x2048.jpg 1426w, https:\/\/www.jes-stuttgart.de\/wp-content\/uploads\/img-4183-klein-1440x2068.jpg 1440w, https:\/\/www.jes-stuttgart.de\/wp-content\/uploads\/img-4183-klein-1024x1470.jpg 1024w, https:\/\/www.jes-stuttgart.de\/wp-content\/uploads\/img-4183-klein-640x919.jpg 640w, https:\/\/www.jes-stuttgart.de\/wp-content\/uploads\/img-4183-klein-320x459.jpg 320w\" sizes=\"auto, (max-width: 1783px) 100vw, 1783px\" \/><figcaption class=\"wp-element-caption\">Foto: Krisztina Figge<\/figcaption><\/figure>\n\n<\/div>\n\n<div  id=\"block_a89f168c7ecaefc8087f2e02fb061b68\" class=\"wp-block-slide splide__slide is-full-width is-full-height is-clipped is-flex is-flex-wrap-wrap is-justify-content-center is-align-items-center\">\n\n<figure class=\"wp-block-image size-full\"><img loading=\"lazy\" decoding=\"async\" width=\"2560\" height=\"1707\" src=\"https:\/\/www.jes-stuttgart.de\/wp-content\/uploads\/img-4621-klein.jpg\" alt=\"\" class=\"wp-image-31279\" srcset=\"https:\/\/www.jes-stuttgart.de\/wp-content\/uploads\/img-4621-klein.jpg 2560w, https:\/\/www.jes-stuttgart.de\/wp-content\/uploads\/img-4621-klein-1280x854.jpg 1280w, https:\/\/www.jes-stuttgart.de\/wp-content\/uploads\/img-4621-klein-200x133.jpg 200w, https:\/\/www.jes-stuttgart.de\/wp-content\/uploads\/img-4621-klein-768x512.jpg 768w, https:\/\/www.jes-stuttgart.de\/wp-content\/uploads\/img-4621-klein-1536x1024.jpg 1536w, https:\/\/www.jes-stuttgart.de\/wp-content\/uploads\/img-4621-klein-2048x1366.jpg 2048w, https:\/\/www.jes-stuttgart.de\/wp-content\/uploads\/img-4621-klein-1920x1280.jpg 1920w, https:\/\/www.jes-stuttgart.de\/wp-content\/uploads\/img-4621-klein-1440x960.jpg 1440w, https:\/\/www.jes-stuttgart.de\/wp-content\/uploads\/img-4621-klein-1024x683.jpg 1024w, https:\/\/www.jes-stuttgart.de\/wp-content\/uploads\/img-4621-klein-640x427.jpg 640w, https:\/\/www.jes-stuttgart.de\/wp-content\/uploads\/img-4621-klein-320x213.jpg 320w\" sizes=\"auto, (max-width: 2560px) 100vw, 2560px\" \/><figcaption class=\"wp-element-caption\">Foto: Krisztina Figge<\/figcaption><\/figure>\n\n<\/div>\n\n<div  id=\"block_a89f168c7ecaefc8087f2e02fb061b68\" class=\"wp-block-slide splide__slide is-full-width is-full-height is-clipped is-flex is-flex-wrap-wrap is-justify-content-center is-align-items-center\">\n\n<figure class=\"wp-block-image size-full\"><img loading=\"lazy\" decoding=\"async\" width=\"2560\" height=\"1707\" src=\"https:\/\/www.jes-stuttgart.de\/wp-content\/uploads\/img-4328-klein.jpg\" alt=\"\" class=\"wp-image-31277\" srcset=\"https:\/\/www.jes-stuttgart.de\/wp-content\/uploads\/img-4328-klein.jpg 2560w, https:\/\/www.jes-stuttgart.de\/wp-content\/uploads\/img-4328-klein-1280x854.jpg 1280w, https:\/\/www.jes-stuttgart.de\/wp-content\/uploads\/img-4328-klein-200x133.jpg 200w, https:\/\/www.jes-stuttgart.de\/wp-content\/uploads\/img-4328-klein-768x512.jpg 768w, https:\/\/www.jes-stuttgart.de\/wp-content\/uploads\/img-4328-klein-1536x1024.jpg 1536w, https:\/\/www.jes-stuttgart.de\/wp-content\/uploads\/img-4328-klein-2048x1366.jpg 2048w, https:\/\/www.jes-stuttgart.de\/wp-content\/uploads\/img-4328-klein-1920x1280.jpg 1920w, https:\/\/www.jes-stuttgart.de\/wp-content\/uploads\/img-4328-klein-1440x960.jpg 1440w, https:\/\/www.jes-stuttgart.de\/wp-content\/uploads\/img-4328-klein-1024x683.jpg 1024w, https:\/\/www.jes-stuttgart.de\/wp-content\/uploads\/img-4328-klein-640x427.jpg 640w, https:\/\/www.jes-stuttgart.de\/wp-content\/uploads\/img-4328-klein-320x213.jpg 320w\" sizes=\"auto, (max-width: 2560px) 100vw, 2560px\" \/><figcaption class=\"wp-element-caption\">Foto: Krisztina Figge<\/figcaption><\/figure>\n\n<\/div>\n<\/div><\/div><\/div>\n\n\n<p class=\"has-medium-font-size\"><\/p>\n\n\n\n<div class=\"wp-block-pb-accordion-item c-accordion__item js-accordion-item no-js is-style-colored-bg-primary2\" data-initially-open=\"false\" data-click-to-close=\"true\" data-auto-close=\"true\" data-scroll=\"false\" data-scroll-offset=\"0\"><h2 id=\"at-287570\" class=\"c-accordion__title js-accordion-controller\" role=\"button\"><strong>Content<\/strong><\/h2><div id=\"ac-287570\" class=\"c-accordion__content\">\n<p class=\"has-medium-font-size\">It&#8217;s only one short week, but one that Anni will never forget. She first notices Frede in a caf\u00e9. Shortly afterwards, she meets him again during her morning swim in the freezing cold lake, which she does to try and harden herself. They get to know each other, including their respective fears and sometimes sad secrets, and cautiously grow closer. When Anni realises that Fred is trans, she needs to find new words, because the old ones can be wrong or hurtful.<\/p>\n\n\n\n<p class=\"has-medium-font-size\">Lena Hach&#8217;s story about the happiness of first love is the basis for our new mobile production for middle school students. The JES premiere will take place in the lower foyer in spring, with preview performances in classrooms possible from mid-December.<\/p>\n<\/div><\/div>\n\n\n\n<div style=\"height:20px\" aria-hidden=\"true\" class=\"wp-block-spacer\"><\/div>\n\n\n\n<p class=\"has-medium-font-size\">11 and up, grades 5\u20137<br>Prices: Children\/young people \u20ac5.50, adults \u20ac8.00<br>Venue: mobile and foyer<\/p>\n\n\n\n<figure class=\"wp-block-embed is-type-video is-provider-youtube wp-block-embed-youtube wp-embed-aspect-16-9 wp-has-aspect-ratio\"><div class=\"wp-block-embed__wrapper\">\n<iframe loading=\"lazy\" title=\"TRAILER Fred und ich\" width=\"500\" height=\"281\" src=\"https:\/\/www.youtube.com\/embed\/YeTzZRktHEY?feature=oembed\" frameborder=\"0\" allow=\"accelerometer; autoplay; clipboard-write; encrypted-media; gyroscope; picture-in-picture; web-share\" referrerpolicy=\"strict-origin-when-cross-origin\" allowfullscreen><\/iframe>\n<\/div><\/figure>\n","protected":false},"excerpt":{"rendered":"<p>PREMIERE: April 2026 11 and up, grades 5\u20137Prices: Children\/young people \u20ac5.50, adults \u20ac8.00Venue: mobile and foyer<\/p>\n","protected":false},"author":13,"featured_media":31273,"comment_status":"closed","ping_status":"closed","sticky":false,"template":"","format":"standard","meta":{"_acf_changed":false,"inline_featured_image":false,"footnotes":""},"categories":[156],"tags":[],"age":[106,244],"class_list":["post-28757","post","type-post","status-publish","format-standard","has-post-thumbnail","hentry","category-mobile-theatre-booking-options","age-middle-school","age-grades-5-an-up"],"acf":{"bgcolor":"yellow","dates":[{"date":"25.01.2023 19:00:00","date_availability":true,"date_cancelled":false,"date_info":""},{"date":"26.01.2023 19:00:00","date_availability":true,"date_cancelled":false,"date_info":""},{"date":"27.01.2023 11:00:00","date_availability":true,"date_cancelled":false,"date_info":""},{"date":"28.01.2023 19:00:00","date_availability":true,"date_cancelled":false,"date_info":""},{"date":"30.01.2023 19:00:00","date_availability":true,"date_cancelled":false,"date_info":""},{"date":"31.01.2023 11:00:00","date_availability":true,"date_cancelled":false,"date_info":""}],"dates_no_link_info":false,"cast":[{"cast_position":"Mit","cast_person":[{"ID":5273,"post_author":"13","post_date":"2022-07-07 16:12:38","post_date_gmt":"2022-07-07 14:12:38","post_content":"<!-- wp:image {\"id\":1246,\"sizeSlug\":\"full\",\"linkDestination\":\"none\"} -->\n<figure class=\"wp-block-image size-full\"><img src=\"https:\/\/www.jes-stuttgart.de\/wp-content\/uploads\/jsn3874-edited.jpg\" alt=\"\" class=\"wp-image-1246\"\/><\/figure>\n<!-- \/wp:image -->\n\n<!-- wp:paragraph {\"placeholder\":\"Lorem ipsum dolor sit amet, consetetur sadipscing elitr, sed diam nonumy eirmod tempor invidunt ut labore et dolore magna aliquyam erat, sed diam voluptua. At vero eos et accusam et justo duo dolores et ea rebum. Stet clita kasd gubergren, no sea takimata sanctus est Lorem ipsum dolor sit amet. Lorem ipsum dolor sit amet, consetetur sadipscing elitr, sed diam nonumy eirmod tempor invidunt ut labore et dolore magna aliquyam erat, sed diam voluptua. At vero eos et accusam et justo duo dolores et ea rebum. Stet clita kasd gubergren, no sea takimata sanctus est Lorem ipsum dolor sit amet.\",\"lock\":{\"move\":true,\"remove\":false},\"fontSize\":\"medium\"} -->\n<p class=\"has-medium-font-size\">EDUCATION<br>I was born in Munich in 1995. I have always been interested in artistic creation and first graduated from a specialised secondary school for design before completing my training as an actress in 2022.<\/p>\n<!-- \/wp:paragraph -->\n\n<!-- wp:paragraph {\"fontSize\":\"medium\"} -->\n<p class=\"has-medium-font-size\">ELSEWHERE<\/p>\n<!-- \/wp:paragraph -->\n\n<!-- wp:paragraph {\"fontSize\":\"medium\"} -->\n<p class=\"has-medium-font-size\">In Munich, I took part in several independent theatre productions (mainly in the field of commedia dell'arte) and was part of Yorick's Company at the FestSpielHaus M\u00fcnchen.<\/p>\n<!-- \/wp:paragraph -->\n\n<!-- wp:paragraph {\"fontSize\":\"medium\"} -->\n<p class=\"has-medium-font-size\">JES! AND ME<\/p>\n<!-- \/wp:paragraph -->\n\n<!-- wp:paragraph {\"placeholder\":\"Lorem ipsum dolor sit amet, consetetur sadipscing elitr, sed diam nonumy eirmod tempor invidunt ut labore et dolore magna aliquyam erat, sed diam voluptua. At vero eos et accusam et justo duo dolores et ea rebum. Stet clita kasd gubergren, no sea takimata sanctus est Lorem ipsum dolor sit amet. Lorem ipsum dolor sit amet, consetetur sadipscing elitr, sed diam nonumy eirmod tempor invidunt ut labore et dolore magna aliquyam erat, sed diam voluptua. At vero eos et accusam et justo duo dolores et ea rebum. Stet clita kasd gubergren, no sea takimata sanctus est Lorem ipsum dolor sit amet.\",\"lock\":{\"move\":true,\"remove\":false},\"fontSize\":\"medium\"} -->\n<p class=\"has-medium-font-size\">In September 2022 I moved to Stuttgart and am now part of the permanent ensemble at JES.<\/p>\n<!-- \/wp:paragraph -->","post_title":"Lola Merz Robinson (none\/they)","post_excerpt":"","post_status":"publish","comment_status":"closed","ping_status":"closed","post_password":"","post_name":"lola-merz-robinson","to_ping":"","pinged":"","post_modified":"2024-10-24 12:12:25","post_modified_gmt":"2024-10-24 10:12:25","post_content_filtered":"","post_parent":0,"guid":"https:\/\/www.jes-stuttgart.de\/person\/lola-merz-robinson\/","menu_order":234,"post_type":"person","post_mime_type":"","comment_count":"0","filter":"raw"},{"ID":29120,"post_author":"13","post_date":"2025-07-30 14:40:06","post_date_gmt":"2025-07-30 12:40:06","post_content":"<!-- wp:image {\"id\":30245,\"sizeSlug\":\"full\",\"linkDestination\":\"none\"} -->\n<figure class=\"wp-block-image size-full\"><img src=\"https:\/\/www.jes-stuttgart.de\/wp-content\/uploads\/klein-jes-treppe-person09-foto-brummer-7.jpg\" alt=\"\" class=\"wp-image-30245\"\/><figcaption class=\"wp-element-caption\">Foto: Sebastian Brummer<\/figcaption><\/figure>\n<!-- \/wp:image -->\n\n<!-- wp:paragraph {\"placeholder\":\"Lorem ipsum dolor sit amet, consetetur sadipscing elitr, sed diam nonumy eirmod tempor invidunt ut labore et dolore magna aliquyam erat, sed diam voluptua. At vero eos et accusam et justo duo dolores et ea rebum. Stet clita kasd gubergren, no sea takimata sanctus est Lorem ipsum dolor sit amet. Lorem ipsum dolor sit amet, consetetur sadipscing elitr, sed diam nonumy eirmod tempor invidunt ut labore et dolore magna aliquyam erat, sed diam voluptua. At vero eos et accusam et justo duo dolores et ea rebum. Stet clita kasd gubergren, no sea takimata sanctus est Lorem ipsum dolor sit amet.\",\"lock\":{\"move\":true,\"remove\":false},\"fontSize\":\"medium\"} -->\n<p class=\"has-medium-font-size\">AUSBILDUNG<br>Ich wurde 2000 in T\u00fcbingen geboren und sammelte erste B\u00fchnenerfahrungen am Theaterjugendclub des Landestheaters in T\u00fcbingen.<br><br>Von 2021 bis 2025 studierte ich Schauspiel an der Akademie f\u00fcr darstellende Kunst Baden-W\u00fcrttemberg und wurde mit dem St\u00fcck \u201cfreibaden (AT)\u201d, welches meine Klasse und ich im 3.Studienjahr kollektiv entwickelten, beim 35. Bundeswettbewerb deutschsprachiger Schauspielstudierender mit dem Solopreis sowie dem Ensemblepreis ausgezeichnet.\u00a0<br><br>AN ANDEREN ORTEN<br>Im Januar 2025 spielte ich in der Bachelor-Inszenierung \u201cI LOVE HORSES (genau wie michael kohlhaas)\" von Merle Zurawski mit. Die Inszenierung feierte am Schauspiel Stuttgart Premiere und wurde zum Fast-Forward Festival in Dresden eingeladen.<br><br>DAS JES! UND ICH<br>Seit September 2025 bin ich festes Ensemblemitglied des Jungen Ensembles Stuttgart.<\/p>\n<!-- \/wp:paragraph -->","post_title":"Adriana Fernandez Falso (sie\/ihr)","post_excerpt":"","post_status":"publish","comment_status":"closed","ping_status":"closed","post_password":"","post_name":"adriana-fernandez-falso-sie-ihr","to_ping":"","pinged":"","post_modified":"2025-10-22 10:55:43","post_modified_gmt":"2025-10-22 08:55:43","post_content_filtered":"","post_parent":0,"guid":"https:\/\/www.jes-stuttgart.de\/?post_type=person&#038;p=29120","menu_order":10,"post_type":"person","post_mime_type":"","comment_count":"0","filter":"raw"}],"cast_person_additional":""},{"cast_position":"Inszenierung","cast_person":[{"ID":30553,"post_author":"1","post_date":"2025-11-03 10:07:55","post_date_gmt":"2025-11-03 09:07:55","post_content":"<!-- wp:image {\"id\":30554,\"sizeSlug\":\"full\",\"linkDestination\":\"none\"} -->\n<figure class=\"wp-block-image size-full\"><img src=\"https:\/\/www.jes-stuttgart.de\/wp-content\/uploads\/sefa-7097.jpg\" alt=\"\" class=\"wp-image-30554\"\/><figcaption class=\"wp-element-caption\">Foto: Markus J. Bachmann<\/figcaption><\/figure>\n<!-- \/wp:image -->\n\n<!-- wp:paragraph {\"placeholder\":\"Lorem ipsum dolor sit amet, consetetur sadipscing elitr, sed diam nonumy eirmod tempor invidunt ut labore et dolore magna aliquyam erat, sed diam voluptua. At vero eos et accusam et justo duo dolores et ea rebum. Stet clita kasd gubergren, no sea takimata sanctus est Lorem ipsum dolor sit amet. Lorem ipsum dolor sit amet, consetetur sadipscing elitr, sed diam nonumy eirmod tempor invidunt ut labore et dolore magna aliquyam erat, sed diam voluptua. At vero eos et accusam et justo duo dolores et ea rebum. Stet clita kasd gubergren, no sea takimata sanctus est Lorem ipsum dolor sit amet.\",\"lock\":{\"move\":true,\"remove\":false},\"fontSize\":\"medium\"} -->\n<p class=\"has-medium-font-size\"><strong>Sefa K\u00fcsk\u00fc<\/strong>, geboren 1997 in Wanne-Eickel fand seine Leidenschaft f\u00fcr Theater, als er 2014 erstmals in einem Jugendclub mitspielte. Seither steht Sefa auf verschiedenen B\u00fchnen in Nordrhein-Westfalen. 2018-2022 absolvierte er seine Schauspielausbildung an der Schauspielschule der Keller in K\u00f6ln, wo er auch lebt. Noch im selben Jahr hatte er zudem sein Regiedeb\u00fct mit dem St\u00fcck <em>\u201eHomo+\u201c<\/em> welches queere Lebensrealit\u00e4ten auf die B\u00fchne gebracht hat. Seit 2023 ist er im Vorstand von c.t.201 \u2013 freies Theater K\u00f6ln; hier inszenierte er u. a. <em>\u201ein liebe,\u201c<\/em> und <em>\u201e\u00c7ay \u2013 eine Heimatsgeschichte\u201c<\/em> \u2013 <em>\u201ein liebe,\u201c<\/em> wurde mit dem Jugendjurypreis beim WESTWIND-Festival 24 ausgezeichnet. Durch seinen queeren und t\u00fcrkischen Background legt er den Fokus auf Geschichten, die im Theater h\u00e4ufig fehlen.<\/p>\n<!-- \/wp:paragraph -->","post_title":"Sefa K\u00fcsk\u00fc","post_excerpt":"","post_status":"publish","comment_status":"closed","ping_status":"closed","post_password":"","post_name":"sefa-kueskue","to_ping":"","pinged":"","post_modified":"2025-11-17 09:44:18","post_modified_gmt":"2025-11-17 08:44:18","post_content_filtered":"","post_parent":0,"guid":"https:\/\/www.jes-stuttgart.de\/?post_type=person&#038;p=30553","menu_order":2,"post_type":"person","post_mime_type":"","comment_count":"0","filter":"raw"}],"cast_person_additional":""},{"cast_position":"B\u00fchne &amp; Kost\u00fcm","cast_person":[{"ID":30732,"post_author":"8","post_date":"2025-11-17 17:35:06","post_date_gmt":"2025-11-17 16:35:06","post_content":"<!-- wp:image {\"id\":30733,\"sizeSlug\":\"full\",\"linkDestination\":\"none\"} -->\n<figure class=\"wp-block-image size-full\"><img src=\"https:\/\/www.jes-stuttgart.de\/wp-content\/uploads\/jsn3548-edited-1.jpg\" alt=\"\" class=\"wp-image-30733\"\/><\/figure>\n<!-- \/wp:image -->\n\n<!-- wp:paragraph {\"placeholder\":\"Lorem ipsum dolor sit amet, consetetur sadipscing elitr, sed diam nonumy eirmod tempor invidunt ut labore et dolore magna aliquyam erat, sed diam voluptua. At vero eos et accusam et justo duo dolores et ea rebum. Stet clita kasd gubergren, no sea takimata sanctus est Lorem ipsum dolor sit amet. Lorem ipsum dolor sit amet, consetetur sadipscing elitr, sed diam nonumy eirmod tempor invidunt ut labore et dolore magna aliquyam erat, sed diam voluptua. At vero eos et accusam et justo duo dolores et ea rebum. Stet clita kasd gubergren, no sea takimata sanctus est Lorem ipsum dolor sit amet.\",\"lock\":{\"move\":true,\"remove\":false}} -->\n<p>Foto: Julia Sang Nguyen<\/p>\n<!-- \/wp:paragraph -->\n\n<!-- wp:paragraph {\"fontSize\":\"medium\"} -->\n<p class=\"has-medium-font-size\">AUSBILDUNG<br>Nach einer Ausbildung zur Schneiderin bei Strenesse in N\u00f6rdlingen habe ich an der Deutschen Meisterschule f\u00fcr Mode in M\u00fcnchen meinen Abschluss als Meisterin und Modedesignerin gemacht. Sp\u00e4ter studierte ich Soziale Arbeit in Ludwigsburg.<br><br>AN ANDEREN ORTEN<br>Meine ersten Erfahrungen mit Theater und Kost\u00fcmdesign sammelte ich w\u00e4hrend einer Produktion der Otto-Falckenberg-Schule an den M\u00fcnchner Kammerspielen. Letztes Jahr hatte ich die Gelegenheit, die Kost\u00fcme f\u00fcr Anna-Lena Hitzfelds performatives Theaterst\u00fcck \u201eStutenbiss\u201c im Studio Theater Stuttgart zu entwerfen. In der Vergangenheit habe ich in einer Buchhandlung, einer Gerberei und einer Kunststrickerei gearbeitet, Brautkleider und Pullover f\u00fcr Privatkunden und Unternehmen gen\u00e4ht und entwickelt und auch Workshops f\u00fcr junge Menschen gegeben. Wenn ich nicht im JES bin, arbeite ich in einem Fair-Fashion-Laden.<br><br>JES UND ICH<br>Ich habe das JES w\u00e4hrend der Produktion \u201eAls der Baum mit den roten Haaren weinte\u201c kennen- und lieben gelernt, damals half ich bei der Herstellung der Kost\u00fcme. <br><\/p>\n<!-- \/wp:paragraph -->\n\n<!-- wp:paragraph -->\n<p><\/p>\n<!-- \/wp:paragraph -->\n\n<!-- wp:paragraph -->\n<p><\/p>\n<!-- \/wp:paragraph -->","post_title":"Antonia Griesbeck (sie\/ihr)","post_excerpt":"","post_status":"publish","comment_status":"closed","ping_status":"closed","post_password":"","post_name":"antonia-griesbeck-sie-ihr","to_ping":"","pinged":"","post_modified":"2026-01-02 09:36:53","post_modified_gmt":"2026-01-02 08:36:53","post_content_filtered":"","post_parent":0,"guid":"https:\/\/www.jes-stuttgart.de\/?post_type=person&#038;p=30732","menu_order":1,"post_type":"person","post_mime_type":"","comment_count":"0","filter":"raw"}],"cast_person_additional":""},{"cast_position":"Musik","cast_person":[{"ID":20134,"post_author":"13","post_date":"2023-05-02 15:17:10","post_date_gmt":"2023-05-02 13:17:10","post_content":"<!-- wp:image {\"id\":14484,\"sizeSlug\":\"full\",\"linkDestination\":\"none\"} -->\n<figure class=\"wp-block-image size-full\"><img src=\"https:\/\/www.jes-stuttgart.de\/wp-content\/uploads\/47da961c-319a-4870-96c4-a0f2de0250c9-1-201-a.jpeg\" alt=\"\" class=\"wp-image-14484\"\/><\/figure>\n<!-- \/wp:image -->\n\n<!-- wp:paragraph {\"fontSize\":\"medium\"} -->\n<p class=\"has-medium-font-size\">Svea Kirschmeier is a musician and performer from Cologne. She started her theatre career in 2017 as an assistant director at COMEDIA Theatre Cologne. She has been composing and performing for theatre and performance collectives throughout Germany, including Comedia Theater K\u00f6ln, Theater Konstanz and subbotnik, since 2018. She has been invited to festivals such as the Augenblick mal Festival or Impulse Theater Festival with her work and was nominated for the German theatre award \u2018DER FAUST\u2019 in the category \u2018Theatre for Young Audiences\u2019 in 2023.<br><a href=\"https:\/\/svea-kirschmeier.de\" data-type=\"link\" data-id=\"https:\/\/svea-kirschmeier.de\"><br>www.svea-kirschmeier.de<\/a><\/p>\n<!-- \/wp:paragraph -->","post_title":"Svea Kirschmeier (she\/her)","post_excerpt":"","post_status":"publish","comment_status":"closed","ping_status":"closed","post_password":"","post_name":"svea-kirschmeier","to_ping":"","pinged":"","post_modified":"2024-10-24 10:51:50","post_modified_gmt":"2024-10-24 08:51:50","post_content_filtered":"","post_parent":0,"guid":"https:\/\/www.jes-stuttgart.de\/person\/svea-kirschmeier\/","menu_order":115,"post_type":"person","post_mime_type":"","comment_count":"0","filter":"raw"}],"cast_person_additional":""},{"cast_position":"Dramaturgie","cast_person":[{"ID":5291,"post_author":"13","post_date":"2022-07-07 16:11:55","post_date_gmt":"2022-07-07 14:11:55","post_content":"<!-- wp:image {\"id\":1128,\"sizeSlug\":\"full\",\"linkDestination\":\"none\"} -->\n<figure class=\"wp-block-image size-full\"><img src=\"https:\/\/www.jes-stuttgart.de\/wp-content\/uploads\/jsn2815.jpg\" alt=\"\" class=\"wp-image-1128\"\/><\/figure>\n<!-- \/wp:image -->\n\n<!-- wp:paragraph {\"style\":{\"typography\":{\"textTransform\":\"uppercase\"}},\"fontSize\":\"normal\"} -->\n<p class=\"has-normal-font-size\" style=\"text-transform:uppercase\"><a href=\"https:\/\/www.jes-stuttgart.de\/personen\/#collapsible-person-572\"><\/a><\/p>\n<!-- \/wp:paragraph -->\n\n<!-- wp:paragraph {\"fontSize\":\"medium\"} -->\n<p class=\"has-medium-font-size\">Education<\/p>\n<!-- \/wp:paragraph -->\n\n<!-- wp:paragraph {\"fontSize\":\"medium\"} -->\n<p class=\"has-medium-font-size\">I was born in Darmstadt in 1967 and grew up in Wolfenb\u00fcttel near Braunschweig. After a traineeship, several years as a sports editor at the Goslarsche Zeitung and a trip around the world, I studied dramaturgy at adk Ulm.<\/p>\n<!-- \/wp:paragraph -->\n\n<!-- wp:paragraph {\"fontSize\":\"medium\"} -->\n<p class=\"has-medium-font-size\">Elsewhere<\/p>\n<!-- \/wp:paragraph -->\n\n<!-- wp:paragraph {\"fontSize\":\"medium\"} -->\n<p class=\"has-medium-font-size\">I then worked as a dramaturge and partly as a theatre teacher at the children's and youth theatres in Heidelberg (zwinger3) and Mannheim (Schnawwl) as well as at Nationaltheater Mannheim and in the festival management of the International Schiller Days. In addition to my work at JES, I am also a lecturer (including at Stuttgart Drama School), curator and author. Recent world premieres include \u2018Artus!\u2019 at the open-air theatre in Altusried, \u2018Auf \u00d6tzis Spuren\u2019 at Theater des Kindes in Linz and \u2018Das Ministerium der Einsamkeit\u2019 at Theater an der Rott in Eggenfelden.<\/p>\n<!-- \/wp:paragraph -->\n\n<!-- wp:paragraph {\"fontSize\":\"medium\"} -->\n<p class=\"has-medium-font-size\">JES! and me<\/p>\n<!-- \/wp:paragraph -->\n\n<!-- wp:paragraph {\"fontSize\":\"medium\"} -->\n<p class=\"has-medium-font-size\">I have been a dramaturge at Junges Ensemble Stuttgart since 2006 and was artistic director of the international festival BRIGHT VIEW together with Brigitte Dethier until 2022. I was also managing director of the Baden-W\u00fcrttemberg Youth Theatre Prize for JES for ten years and one of three spokespersons for the working group of children's and youth theatres in Baden-W\u00fcrttemberg for five years.<\/p>\n<!-- \/wp:paragraph -->\n\n<!-- wp:paragraph {\"fontSize\":\"medium\"} -->\n<p class=\"has-medium-font-size\">CONTACT<\/p>\n<!-- \/wp:paragraph -->\n\n<!-- wp:paragraph {\"fontSize\":\"medium\"} -->\n<p class=\"has-medium-font-size\"><a href=\"mailto:Christian.schoenfelder@jes-stuttgart.de\">Christian.schoenfelder@jes-stuttgart.de<\/a><\/p>\n<!-- \/wp:paragraph -->","post_title":"Christian Sch\u00f6nfelder (he\/him)","post_excerpt":"","post_status":"publish","comment_status":"closed","ping_status":"closed","post_password":"","post_name":"christian-schoenfelder","to_ping":"","pinged":"","post_modified":"2024-10-29 12:33:32","post_modified_gmt":"2024-10-29 11:33:32","post_content_filtered":"","post_parent":0,"guid":"https:\/\/www.jes-stuttgart.de\/person\/christian-schoenfelder\/","menu_order":236,"post_type":"person","post_mime_type":"","comment_count":"0","filter":"raw"}],"cast_person_additional":""},{"cast_position":"Theaterp\u00e4dagogik","cast_person":[{"ID":24577,"post_author":"8","post_date":"2024-09-13 13:17:35","post_date_gmt":"2024-09-13 11:17:35","post_content":"<!-- wp:image {\"id\":25497,\"sizeSlug\":\"full\",\"linkDestination\":\"none\"} -->\n<figure class=\"wp-block-image size-full\"><img src=\"https:\/\/www.jes-stuttgart.de\/wp-content\/uploads\/dsc00502.jpg\" alt=\"\" class=\"wp-image-25497\"\/><figcaption class=\"wp-element-caption\">Foto: Alicia Hoffmann<\/figcaption><\/figure>\n<!-- \/wp:image -->\n\n<!-- wp:paragraph {\"fontSize\":\"medium\"} -->\n<p class=\"has-medium-font-size\">AUSBILDUNG<\/p>\n<!-- \/wp:paragraph -->\n\n<!-- wp:paragraph {\"fontSize\":\"medium\"} -->\n<p class=\"has-medium-font-size\">Ich wurde 1995 in Gie\u00dfen geboren. Nach einem FSJ-Kultur am tjg. theater junge generation Dresden studierte ich Theater- und Kulturwissenschaften an der Universit\u00e4t Leipzig und anschlie\u00dfend Kulturvermittlung an der Universit\u00e4t Hildesheim.<\/p>\n<!-- \/wp:paragraph -->\n\n<!-- wp:spacer {\"height\":\"20px\"} -->\n<div style=\"height:20px\" aria-hidden=\"true\" class=\"wp-block-spacer\"><\/div>\n<!-- \/wp:spacer -->\n\n<!-- wp:paragraph {\"fontSize\":\"medium\"} -->\n<p class=\"has-medium-font-size\">AN ANDEREN ORTEN<\/p>\n<!-- \/wp:paragraph -->\n\n<!-- wp:paragraph {\"fontSize\":\"medium\"} -->\n<p class=\"has-medium-font-size\">W\u00e4hrend meines Studiums war ich als Regieassistentin und freie Kunst- und Theatervermittlerin in unterschiedlichen Projekten und Kultureinrichtungen t\u00e4tig- u.a. am Schauspiel Leipzig, bei FLIPPO, die Kinderzeitung der GfZK Leipzig, an den Cammerspielen Leipzig sowie am Schauspiel Hannover. Nebenbei arbeitete ich als politische Bildnerin f\u00fcr ein Schulaufkl\u00e4rungs- und Antidiskriminierungsprojekt. Dabei gab ich Workshops zu geschlechtlicher und sexueller Vielfalt f\u00fcr Schulklassen unterschiedlicher Jahrgangsstufen.<br>Meine Arbeitsschwerpunkte liegen auf der Verbindung zwischen Kultureller und Politischer Bildung und der performativ-experimentellen Theaterarbeit mit jungen Personen.<\/p>\n<!-- \/wp:paragraph -->\n\n<!-- wp:spacer {\"height\":\"20px\"} -->\n<div style=\"height:20px\" aria-hidden=\"true\" class=\"wp-block-spacer\"><\/div>\n<!-- \/wp:spacer -->\n\n<!-- wp:paragraph {\"fontSize\":\"medium\"} -->\n<p class=\"has-medium-font-size\">JES UND ICH<\/p>\n<!-- \/wp:paragraph -->\n\n<!-- wp:paragraph {\"fontSize\":\"medium\"} -->\n<p class=\"has-medium-font-size\">Ab der Spielzeit 2024\/25 arbeite ich fest als Theaterp\u00e4dagogin am JES und leite u.a. den Spielclub \u201eDas Labor der \u00c4ngste\u201c und das Ferienprojekt \u201eQueer*Town.\u201c<\/p>\n<!-- \/wp:paragraph -->\n\n<!-- wp:spacer {\"height\":\"20px\"} -->\n<div style=\"height:20px\" aria-hidden=\"true\" class=\"wp-block-spacer\"><\/div>\n<!-- \/wp:spacer -->\n\n<!-- wp:paragraph {\"fontSize\":\"medium\"} -->\n<p class=\"has-medium-font-size\">KONTAKT<\/p>\n<!-- \/wp:paragraph -->\n\n<!-- wp:paragraph {\"fontSize\":\"medium\"} -->\n<p class=\"has-medium-font-size\"><a href=\"mailto:katharina.felde@jes-stuttgart.de\">katharina.felde@jes-stuttgart.de<\/a><br>0711 \/ 218 480 22<\/p>\n<!-- \/wp:paragraph -->","post_title":"Katharina Felde (sie\/ihr)","post_excerpt":"","post_status":"publish","comment_status":"closed","ping_status":"closed","post_password":"","post_name":"katharina-felde-sie-ihr","to_ping":"","pinged":"","post_modified":"2026-02-13 12:56:17","post_modified_gmt":"2026-02-13 11:56:17","post_content_filtered":"","post_parent":0,"guid":"https:\/\/www.jes-stuttgart.de\/person\/katharina-felde-sie-ihr\/","menu_order":37,"post_type":"person","post_mime_type":"","comment_count":"0","filter":"raw"}],"cast_person_additional":""},{"cast_position":"Assistenz","cast_person":[{"ID":20121,"post_author":"13","post_date":"2023-01-07 13:34:50","post_date_gmt":"2023-01-07 12:34:50","post_content":"<!-- wp:image {\"id\":11314,\"width\":\"601px\",\"height\":\"982px\",\"sizeSlug\":\"full\",\"linkDestination\":\"none\"} -->\n<figure class=\"wp-block-image size-full is-resized\"><img src=\"https:\/\/www.jes-stuttgart.de\/wp-content\/uploads\/gennrich-lin-v-katja-kopic.jpg\" alt=\"\" class=\"wp-image-11314\" style=\"width:601px;height:982px\"\/><figcaption class=\"wp-element-caption\">Foto: Lin Gennrich<\/figcaption><\/figure>\n<!-- \/wp:image -->\n\n<!-- wp:paragraph {\"fontSize\":\"medium\"} -->\n<p class=\"has-medium-font-size\">EDUCATION<br>I was born in Filderstadt in 2004 and grew up in Freiberg am Neckar. I graduated from high school there in spring 2022.<\/p>\n<!-- \/wp:paragraph -->\n\n<!-- wp:paragraph {\"fontSize\":\"medium\"} -->\n<p class=\"has-medium-font-size\">JES! AND ME<br>In the 22\/23 season, I completed my FSJ in theatre education at JES. I was part of the clubs \u2018Die Philosoph*innen\u2019 and \u2018Queer*town\u2019, sat in on the production \u2018Warum das Kind in der Polenta kocht\u2019 and organised the open space format EINMISCHEN with other FSJ volunteers.<\/p>\n<!-- \/wp:paragraph -->\n\n<!-- wp:paragraph {\"fontSize\":\"medium\"} -->\n<p class=\"has-medium-font-size\">From autumn 2023, I will be working at JES as a guest assistant and guest intern on various productions, starting with the solo \u2018All das Sch\u00f6ne\u2019.<\/p>\n<!-- \/wp:paragraph -->\n\n<!-- wp:paragraph {\"fontSize\":\"medium\"} -->\n<p class=\"has-medium-font-size\">ELSEWHERE<\/p>\n<!-- \/wp:paragraph -->\n\n<!-- wp:paragraph {\"fontSize\":\"medium\"} -->\n<p class=\"has-medium-font-size\">In summer 2023, I was part of the production \u2018Auerhaus\u2019 at the Wilhelmatheater in Stuttgart as an assistant director, directed by Brigitte Dethier and acting students from the HMDK.<\/p>\n<!-- \/wp:paragraph -->","post_title":"Lin Gennrich (none)","post_excerpt":"","post_status":"publish","comment_status":"closed","ping_status":"closed","post_password":"","post_name":"lin-gennrich","to_ping":"","pinged":"","post_modified":"2024-10-29 12:47:30","post_modified_gmt":"2024-10-29 11:47:30","post_content_filtered":"","post_parent":0,"guid":"https:\/\/www.jes-stuttgart.de\/person\/lin-gennrich\/","menu_order":135,"post_type":"person","post_mime_type":"","comment_count":"0","filter":"raw"}],"cast_person_additional":""},{"cast_position":"Technik","cast_person":[{"ID":5254,"post_author":"13","post_date":"2022-07-20 20:00:49","post_date_gmt":"2022-07-20 18:00:49","post_content":"<!-- wp:image {\"id\":1921,\"sizeSlug\":\"full\",\"linkDestination\":\"none\"} -->\n<figure class=\"wp-block-image size-full\"><img src=\"https:\/\/www.jes-stuttgart.de\/wp-content\/uploads\/stevengorecki.jpg\" alt=\"\" class=\"wp-image-1921\"\/><\/figure>\n<!-- \/wp:image -->\n\n<!-- wp:paragraph {\"style\":{\"typography\":{\"textTransform\":\"uppercase\"}},\"fontSize\":\"normal\"} -->\n<p class=\"has-normal-font-size\" style=\"text-transform:uppercase\">Education<\/p>\n<!-- \/wp:paragraph -->\n\n<!-- wp:paragraph {\"fontSize\":\"medium\"} -->\n<p class=\"has-medium-font-size\">Originally, I trained as a carpenter.<\/p>\n<!-- \/wp:paragraph -->\n\n<!-- wp:spacer {\"height\":\"20px\"} -->\n<div style=\"height:20px\" aria-hidden=\"true\" class=\"wp-block-spacer\"><\/div>\n<!-- \/wp:spacer -->\n\n<!-- wp:paragraph {\"style\":{\"typography\":{\"textTransform\":\"uppercase\"}},\"fontSize\":\"normal\"} -->\n<p class=\"has-normal-font-size\" style=\"text-transform:uppercase\">Elsewhere<\/p>\n<!-- \/wp:paragraph -->\n\n<!-- wp:paragraph {\"fontSize\":\"medium\"} -->\n<p class=\"has-medium-font-size\">After that I worked first as a stage technician at Nationaltheater Mannheim, then as a self-employed event technician and finally as deputy head of the studio technology department at the Nationaltheater (as an employee of the technical directorate from 2001 to 2007). My responsibilities included the management of the \u201cEvent Technology\u201d department, technical management and event-technical supervision of performance operations in Studio Werkhaus as well as rehearsal operations at the Nationaltheater, as well as special events and guest performance tours and the production management in all four sections of the Nationaltheater.<br>I also took over the technical and spatial conception and supervision of the reconstruction and renovation of the rehearsal stage centre in Mannheim as well as the conception, planning and construction management for the reconstruction of the studio stage, including the complete stage, lighting, sound and building services of all foyers, dressing rooms, storage and prop\/mask rooms. During my time at Nationaltheater Mannheim, I completed various further training courses: Master of Event Technology specialised in stage\/studio as well as lighting, as an electrician for event technology and business economics of the trade.<\/p>\n<!-- \/wp:paragraph -->\n\n<!-- wp:spacer {\"height\":\"20px\"} -->\n<div style=\"height:20px\" aria-hidden=\"true\" class=\"wp-block-spacer\"><\/div>\n<!-- \/wp:spacer -->\n\n<!-- wp:paragraph {\"fontSize\":\"medium\"} -->\n<p class=\"has-medium-font-size\">From 2007 onwards I worked as a self-employed event technician, among others at the Schwetzingen Festival, at Moers Schlosstheater and at the Bayreuth Festival in 2008, 2009 and 2010.<\/p>\n<!-- \/wp:paragraph -->\n\n<!-- wp:spacer {\"height\":\"20px\"} -->\n<div style=\"height:20px\" aria-hidden=\"true\" class=\"wp-block-spacer\"><\/div>\n<!-- \/wp:spacer -->\n\n<!-- wp:paragraph {\"style\":{\"typography\":{\"textTransform\":\"uppercase\"}},\"fontSize\":\"normal\"} -->\n<p class=\"has-normal-font-size\" style=\"text-transform:uppercase\">JES! and me<\/p>\n<!-- \/wp:paragraph -->\n\n<!-- wp:paragraph {\"fontSize\":\"medium\"} -->\n<p class=\"has-medium-font-size\">Since the 2009\/10 season he has been technical director of Junges Ensemble Stuttgart.<\/p>\n<!-- \/wp:paragraph -->\n\n<!-- wp:spacer {\"height\":\"20px\"} -->\n<div style=\"height:20px\" aria-hidden=\"true\" class=\"wp-block-spacer\"><\/div>\n<!-- \/wp:spacer -->\n\n<!-- wp:paragraph {\"fontSize\":\"normal\"} -->\n<p class=\"has-normal-font-size\">CONTACT<\/p>\n<!-- \/wp:paragraph -->\n\n<!-- wp:paragraph {\"fontSize\":\"medium\"} -->\n<p class=\"has-medium-font-size\"><a href=\"mailto:Steven.gorecki@jes-stuttgart.de\">Steven.gorecki@jes-stuttgart.de<\/a><\/p>\n<!-- \/wp:paragraph -->","post_title":"Steven Gorecki (he\/him)","post_excerpt":"","post_status":"publish","comment_status":"closed","ping_status":"closed","post_password":"","post_name":"steven-gorecki","to_ping":"","pinged":"","post_modified":"2024-10-23 15:15:41","post_modified_gmt":"2024-10-23 13:15:41","post_content_filtered":"","post_parent":0,"guid":"https:\/\/www.jes-stuttgart.de\/person\/steven-gorecki\/","menu_order":194,"post_type":"person","post_mime_type":"","comment_count":"0","filter":"raw"},{"ID":5235,"post_author":"13","post_date":"2022-07-20 18:55:23","post_date_gmt":"2022-07-20 16:55:23","post_content":"<!-- wp:image {\"id\":1913,\"sizeSlug\":\"full\",\"linkDestination\":\"none\"} -->\n<figure class=\"wp-block-image size-full\"><img src=\"https:\/\/www.jes-stuttgart.de\/wp-content\/uploads\/juppbertels.jpg\" alt=\"\" class=\"wp-image-1913\"\/><\/figure>\n<!-- \/wp:image -->\n\n<!-- wp:paragraph {\"placeholder\":\"Lorem ipsum dolor sit amet, consetetur sadipscing elitr, sed diam nonumy eirmod tempor invidunt ut labore et dolore magna aliquyam erat, sed diam voluptua. At vero eos et accusam et justo duo dolores et ea rebum. Stet clita kasd gubergren, no sea takimata sanctus est Lorem ipsum dolor sit amet. Lorem ipsum dolor sit amet, consetetur sadipscing elitr, sed diam nonumy eirmod tempor invidunt ut labore et dolore magna aliquyam erat, sed diam voluptua. At vero eos et accusam et justo duo dolores et ea rebum. Stet clita kasd gubergren, no sea takimata sanctus est Lorem ipsum dolor sit amet.\",\"lock\":{\"move\":true,\"remove\":false},\"fontSize\":\"medium\"} -->\n<p class=\"has-medium-font-size\">Sebastian \u201cJupp\u201d Bertels has been supporting the JES technical team since the 2022\/23 season.<\/p>\n<!-- \/wp:paragraph -->\n\n<!-- wp:spacer {\"height\":\"20px\"} -->\n<div style=\"height:20px\" aria-hidden=\"true\" class=\"wp-block-spacer\"><\/div>\n<!-- \/wp:spacer -->\n\n<!-- wp:paragraph {\"fontSize\":\"normal\"} -->\n<p class=\"has-normal-font-size\">CONTACT<\/p>\n<!-- \/wp:paragraph -->\n\n<!-- wp:paragraph {\"fontSize\":\"medium\"} -->\n<p class=\"has-medium-font-size\"><a href=\"mailto:technik@jes-stuttgart.de\">technik@jes-stuttgart.de<\/a><\/p>\n<!-- \/wp:paragraph -->","post_title":"Jupp Bertels (he\/him)","post_excerpt":"","post_status":"publish","comment_status":"closed","ping_status":"closed","post_password":"","post_name":"jupp-bertels","to_ping":"","pinged":"","post_modified":"2024-10-23 10:47:52","post_modified_gmt":"2024-10-23 08:47:52","post_content_filtered":"","post_parent":0,"guid":"https:\/\/www.jes-stuttgart.de\/person\/jupp-bertels\/","menu_order":204,"post_type":"person","post_mime_type":"","comment_count":"0","filter":"raw"},{"ID":5240,"post_author":"13","post_date":"2022-06-30 10:35:03","post_date_gmt":"2022-06-30 08:35:03","post_content":"<!-- wp:image {\"id\":1919,\"sizeSlug\":\"full\",\"linkDestination\":\"none\"} -->\n<figure class=\"wp-block-image size-full\"><img src=\"https:\/\/www.jes-stuttgart.de\/wp-content\/uploads\/melaniebrunner.jpg\" alt=\"\" class=\"wp-image-1919\"\/><\/figure>\n<!-- \/wp:image -->\n\n<!-- wp:paragraph {\"placeholder\":\"Lorem ipsum dolor sit amet, consetetur sadipscing elitr, sed diam nonumy eirmod tempor invidunt ut labore et dolore magna aliquyam erat, sed diam voluptua. At vero eos et accusam et justo duo dolores et ea rebum. Stet clita kasd gubergren, no sea takimata sanctus est Lorem ipsum dolor sit amet. Lorem ipsum dolor sit amet, consetetur sadipscing elitr, sed diam nonumy eirmod tempor invidunt ut labore et dolore magna aliquyam erat, sed diam voluptua. At vero eos et accusam et justo duo dolores et ea rebum. Stet clita kasd gubergren, no sea takimata sanctus est Lorem ipsum dolor sit amet.\",\"lock\":{\"move\":true,\"remove\":false},\"fontSize\":\"medium\"} -->\n<p class=\"has-medium-font-size\">joined the technical and engineering team at JES in the 2016\/17 season.<\/p>\n<!-- \/wp:paragraph -->\n\n<!-- wp:paragraph {\"placeholder\":\"Lorem ipsum dolor sit amet, consetetur sadipscing elitr, sed diam nonumy eirmod tempor invidunt ut labore et dolore magna aliquyam erat, sed diam voluptua. At vero eos et accusam et justo duo dolores et ea rebum. Stet clita kasd gubergren, no sea takimata sanctus est Lorem ipsum dolor sit amet. Lorem ipsum dolor sit amet, consetetur sadipscing elitr, sed diam nonumy eirmod tempor invidunt ut labore et dolore magna aliquyam erat, sed diam voluptua. At vero eos et accusam et justo duo dolores et ea rebum. Stet clita kasd gubergren, no sea takimata sanctus est Lorem ipsum dolor sit amet.\",\"lock\":{\"move\":true,\"remove\":false},\"fontSize\":\"medium\"} -->\n<p class=\"has-medium-font-size\">CONTACT<\/p>\n<!-- \/wp:paragraph -->\n\n<!-- wp:paragraph {\"fontSize\":\"medium\"} -->\n<p class=\"has-medium-font-size\"><a href=\"mailto:technik@jes-stuttgart.de\">technik@jes-stuttgart.de<\/a><\/p>\n<!-- \/wp:paragraph -->","post_title":"Melanie Brunner (she\/her)","post_excerpt":"","post_status":"publish","comment_status":"closed","ping_status":"closed","post_password":"","post_name":"melanie-brunner","to_ping":"","pinged":"","post_modified":"2024-10-23 10:56:21","post_modified_gmt":"2024-10-23 08:56:21","post_content_filtered":"","post_parent":0,"guid":"https:\/\/www.jes-stuttgart.de\/person\/melanie-brunner\/","menu_order":246,"post_type":"person","post_mime_type":"","comment_count":"0","filter":"raw"},{"ID":5266,"post_author":"13","post_date":"2022-07-20 20:27:10","post_date_gmt":"2022-07-20 18:27:10","post_content":"<!-- wp:image {\"id\":1909,\"sizeSlug\":\"full\",\"linkDestination\":\"none\"} -->\n<figure class=\"wp-block-image size-full\"><img src=\"https:\/\/www.jes-stuttgart.de\/wp-content\/uploads\/jankeller.jpg\" alt=\"\" class=\"wp-image-1909\"\/><\/figure>\n<!-- \/wp:image -->\n\n<!-- wp:paragraph {\"placeholder\":\"Lorem ipsum dolor sit amet, consetetur sadipscing elitr, sed diam nonumy eirmod tempor invidunt ut labore et dolore magna aliquyam erat, sed diam voluptua. At vero eos et accusam et justo duo dolores et ea rebum. Stet clita kasd gubergren, no sea takimata sanctus est Lorem ipsum dolor sit amet. Lorem ipsum dolor sit amet, consetetur sadipscing elitr, sed diam nonumy eirmod tempor invidunt ut labore et dolore magna aliquyam erat, sed diam voluptua. At vero eos et accusam et justo duo dolores et ea rebum. Stet clita kasd gubergren, no sea takimata sanctus est Lorem ipsum dolor sit amet.\",\"lock\":{\"move\":true,\"remove\":false},\"fontSize\":\"medium\"} -->\n<p class=\"has-medium-font-size\">works in the JES technical team. He has been deputy technical director since the 2019\/20 season.<\/p>\n<!-- \/wp:paragraph -->\n\n<!-- wp:paragraph -->\n<p><\/p>\n<!-- \/wp:paragraph -->\n\n<!-- wp:paragraph {\"fontSize\":\"normal\"} -->\n<p class=\"has-normal-font-size\">CONTACT<\/p>\n<!-- \/wp:paragraph -->\n\n<!-- wp:paragraph {\"fontSize\":\"medium\"} -->\n<p class=\"has-medium-font-size\"><a href=\"mailto:technik@jes-stuttgart.de\">technik@jes-stuttgart.de<\/a><\/p>\n<!-- \/wp:paragraph -->","post_title":"Jan Keller (he\/him)","post_excerpt":"","post_status":"publish","comment_status":"closed","ping_status":"closed","post_password":"","post_name":"jan-keller","to_ping":"","pinged":"","post_modified":"2024-10-24 10:53:03","post_modified_gmt":"2024-10-24 08:53:03","post_content_filtered":"","post_parent":0,"guid":"https:\/\/www.jes-stuttgart.de\/person\/jan-keller\/","menu_order":179,"post_type":"person","post_mime_type":"","comment_count":"0","filter":"raw"},{"ID":5300,"post_author":"13","post_date":"2022-07-20 21:39:54","post_date_gmt":"2022-07-20 19:39:54","post_content":"<!-- wp:paragraph {\"fontSize\":\"normal\"} -->\n<p class=\"has-normal-font-size\">JES staff member, technician, workshop<\/p>\n<!-- \/wp:paragraph -->\n\n<!-- wp:paragraph {\"fontSize\":\"normal\"} -->\n<p class=\"has-normal-font-size\">Wolfram St\u00f6ckl has been part of the technical team at JES since the 2014\/15 season.<\/p>\n<!-- \/wp:paragraph -->\n\n<!-- wp:paragraph {\"fontSize\":\"normal\"} -->\n<p class=\"has-normal-font-size\">CONTACT<\/p>\n<!-- \/wp:paragraph -->\n\n<!-- wp:paragraph {\"fontSize\":\"normal\"} -->\n<p class=\"has-normal-font-size\"><a href=\"mailto:technik@jes-stuttgart.de\">technik@jes-stuttgart.de<\/a><\/p>\n<!-- \/wp:paragraph -->\n\n<!-- wp:paragraph -->\n<p><\/p>\n<!-- \/wp:paragraph -->","post_title":"Wolfram St\u00f6ckl","post_excerpt":"","post_status":"publish","comment_status":"closed","ping_status":"closed","post_password":"","post_name":"wolfram-stoeckl","to_ping":"","pinged":"","post_modified":"2024-10-23 15:16:00","post_modified_gmt":"2024-10-23 13:16:00","post_content_filtered":"","post_parent":0,"guid":"https:\/\/www.jes-stuttgart.de\/person\/wolfram-stoeckl\/","menu_order":154,"post_type":"person","post_mime_type":"","comment_count":"0","filter":"raw"},{"ID":20155,"post_author":"11","post_date":"2023-11-29 13:45:26","post_date_gmt":"2023-11-29 12:45:26","post_content":"<!-- wp:image -->\n<figure class=\"wp-block-image\"><img alt=\"\"><\/figure>\n<!-- \/wp:image -->\n\n<!-- wp:paragraph {\"placeholder\":\"Lorem ipsum dolor sit amet, consetetur sadipscing elitr, sed diam nonumy eirmod tempor invidunt ut labore et dolore magna aliquyam erat, sed diam voluptua. At vero eos et accusam et justo duo dolores et ea rebum. Stet clita kasd gubergren, no sea takimata sanctus est Lorem ipsum dolor sit amet. Lorem ipsum dolor sit amet, consetetur sadipscing elitr, sed diam nonumy eirmod tempor invidunt ut labore et dolore magna aliquyam erat, sed diam voluptua. At vero eos et accusam et justo duo dolores et ea rebum. Stet clita kasd gubergren, no sea takimata sanctus est Lorem ipsum dolor sit amet.\",\"lock\":{\"move\":true,\"remove\":false}} -->\n<p><\/p>\n<!-- \/wp:paragraph -->","post_title":"Lotte Sommerfeld","post_excerpt":"","post_status":"publish","comment_status":"closed","ping_status":"closed","post_password":"","post_name":"lotte-sommerfeld","to_ping":"","pinged":"","post_modified":"2024-04-17 08:38:11","post_modified_gmt":"2024-04-17 06:38:11","post_content_filtered":"","post_parent":0,"guid":"https:\/\/www.jes-stuttgart.de\/person\/lotte-sommerfeld\/","menu_order":73,"post_type":"person","post_mime_type":"","comment_count":"0","filter":"raw"},{"ID":20139,"post_author":"13","post_date":"2023-11-29 13:08:01","post_date_gmt":"2023-11-29 12:08:01","post_content":"<!-- wp:image -->\n<figure class=\"wp-block-image\"><img alt=\"\"><\/figure>\n<!-- \/wp:image -->\n\n<!-- wp:paragraph {\"placeholder\":\"Lorem ipsum dolor sit amet, consetetur sadipscing elitr, sed diam nonumy eirmod tempor invidunt ut labore et dolore magna aliquyam erat, sed diam voluptua. At vero eos et accusam et justo duo dolores et ea rebum. Stet clita kasd gubergren, no sea takimata sanctus est Lorem ipsum dolor sit amet. Lorem ipsum dolor sit amet, consetetur sadipscing elitr, sed diam nonumy eirmod tempor invidunt ut labore et dolore magna aliquyam erat, sed diam voluptua. At vero eos et accusam et justo duo dolores et ea rebum. Stet clita kasd gubergren, no sea takimata sanctus est Lorem ipsum dolor sit amet.\",\"lock\":{\"move\":true,\"remove\":false}} -->\n<p><\/p>\n<!-- \/wp:paragraph -->","post_title":"Alessandro Mongiovi (he\/him)","post_excerpt":"","post_status":"publish","comment_status":"closed","ping_status":"closed","post_password":"","post_name":"alessandro-mongiovi","to_ping":"","pinged":"","post_modified":"2025-02-13 14:53:50","post_modified_gmt":"2025-02-13 13:53:50","post_content_filtered":"","post_parent":0,"guid":"https:\/\/www.jes-stuttgart.de\/person\/alessandro-mongiovi\/","menu_order":75,"post_type":"person","post_mime_type":"","comment_count":"0","filter":"raw"},{"ID":29478,"post_author":"13","post_date":"2025-09-17 08:46:31","post_date_gmt":"2025-09-17 06:46:31","post_content":"<!-- wp:image {\"id\":30311,\"sizeSlug\":\"full\",\"linkDestination\":\"none\"} -->\n<figure class=\"wp-block-image size-full\"><img src=\"https:\/\/www.jes-stuttgart.de\/wp-content\/uploads\/2kleinjes-treppe-person05-foto-brummer-4.jpg\" alt=\"\" class=\"wp-image-30311\"\/><figcaption class=\"wp-element-caption\">Foto: Sebastian Brummer<\/figcaption><\/figure>\n<!-- \/wp:image -->\n\n<!-- wp:paragraph {\"placeholder\":\"Lorem ipsum dolor sit amet, consetetur sadipscing elitr, sed diam nonumy eirmod tempor invidunt ut labore et dolore magna aliquyam erat, sed diam voluptua. At vero eos et accusam et justo duo dolores et ea rebum. Stet clita kasd gubergren, no sea takimata sanctus est Lorem ipsum dolor sit amet. Lorem ipsum dolor sit amet, consetetur sadipscing elitr, sed diam nonumy eirmod tempor invidunt ut labore et dolore magna aliquyam erat, sed diam voluptua. At vero eos et accusam et justo duo dolores et ea rebum. Stet clita kasd gubergren, no sea takimata sanctus est Lorem ipsum dolor sit amet.\",\"lock\":{\"move\":true,\"remove\":false},\"fontSize\":\"medium\"} -->\n<p class=\"has-medium-font-size\">AUSBILDUNG<br>Meine schulische Laufbahn schloss ich mit der Mittleren Reife an der Liebfrauenschule Sigmaringen ab. Danach habe ich zun\u00e4chst eine Ausbildung zum Koch absolviert und anschlie\u00dfend an der Willi-Burth-Schule in Bad Saulgau die Qualifikation zum Foto- und Medientechniker erworben. Zuletzt habe ich meine Fachkenntnisse mit einer Ausbildung in Veranstaltungstechnik an der ADK (Akademie f\u00fcr darstellende Kunst Ludwigsburg) fundiert und damit einen direkten Schwerpunkt f\u00fcr die Arbeit im Theater- und Kulturbereich gesetzt.<br><br>AN ANDEREN ORTEN<br>Als Gr\u00fcnder und Chef meiner eigenen UG, der hlybmbs UG (haftungsbeschr\u00e4nkt), verwalte ich das Kollektiv HolyBombs, das sich auf das Management und die technische Durchf\u00fchrung von Live-Veranstaltungen konzentriert und einen Ger\u00e4teverleih betreibt. Diese unternehmerische T\u00e4tigkeit hat meine Kompetenzen als Event Techniker in der Praxis gesch\u00e4rft, insbesondere in der technischen Planung und Logistik. Meine Ausbildung in der Gastronomie hat mich zudem in puncto Effizienz und Belastbarkeit geschult. Au\u00dferdem bin ich viel ehrenamtlich t\u00e4tig und helfe gerne, wo ich kann!<br><br>JES! UND ICH<br>Als Veranstaltungstechniker beim Jungen Ensemble Stuttgart verbinde ich meine fundierte Ausbildung in der Veranstaltungstechnik mit meinem Know-how als Foto &amp; Mediendesigner. Das Theater fasziniert mich als Ort, der Technik, Gestaltung und Live-Performance vereint. Ich freue mich darauf, mein technisches Verst\u00e4ndnis, meine Erfahrung im Event-Management und meine gestalterischen F\u00e4higkeiten direkt in die Produktionen des JES einzubringen und die k\u00fcnstlerischen Visionen optimal umzusetzen.<br><br>KONTAKT<br>joscha.loibl@jes-stuttgart.de<\/p>\n<!-- \/wp:paragraph -->","post_title":"Joscha Maria Loibl (er\/ihm)","post_excerpt":"","post_status":"publish","comment_status":"closed","ping_status":"closed","post_password":"","post_name":"joscha-maria-loibl-er-ihm","to_ping":"","pinged":"","post_modified":"2025-10-21 15:54:48","post_modified_gmt":"2025-10-21 13:54:48","post_content_filtered":"","post_parent":0,"guid":"https:\/\/www.jes-stuttgart.de\/?post_type=person&#038;p=29478","menu_order":6,"post_type":"person","post_mime_type":"","comment_count":"0","filter":"raw"},{"ID":29477,"post_author":"13","post_date":"2025-09-17 08:45:42","post_date_gmt":"2025-09-17 06:45:42","post_content":"<!-- wp:image -->\n<figure class=\"wp-block-image\"><img alt=\"\"\/><\/figure>\n<!-- \/wp:image -->\n\n<!-- wp:paragraph {\"placeholder\":\"Lorem ipsum dolor sit amet, consetetur sadipscing elitr, sed diam nonumy eirmod tempor invidunt ut labore et dolore magna aliquyam erat, sed diam voluptua. At vero eos et accusam et justo duo dolores et ea rebum. Stet clita kasd gubergren, no sea takimata sanctus est Lorem ipsum dolor sit amet. Lorem ipsum dolor sit amet, consetetur sadipscing elitr, sed diam nonumy eirmod tempor invidunt ut labore et dolore magna aliquyam erat, sed diam voluptua. At vero eos et accusam et justo duo dolores et ea rebum. Stet clita kasd gubergren, no sea takimata sanctus est Lorem ipsum dolor sit amet.\",\"lock\":{\"move\":true,\"remove\":false}} -->\n<p><\/p>\n<!-- \/wp:paragraph -->","post_title":"Cornelius Kik (er\/ihm)","post_excerpt":"","post_status":"publish","comment_status":"closed","ping_status":"closed","post_password":"","post_name":"cornelius-kik-er-ihm","to_ping":"","pinged":"","post_modified":"2025-10-21 15:57:42","post_modified_gmt":"2025-10-21 13:57:42","post_content_filtered":"","post_parent":0,"guid":"https:\/\/www.jes-stuttgart.de\/?post_type=person&#038;p=29477","menu_order":7,"post_type":"person","post_mime_type":"","comment_count":"0","filter":"raw"}],"cast_person_additional":""},{"cast_position":"Ausstattung","cast_person":[{"ID":5290,"post_author":"13","post_date":"2022-07-07 16:14:19","post_date_gmt":"2022-07-07 14:14:19","post_content":"<!-- wp:image {\"id\":1911,\"sizeSlug\":\"full\",\"linkDestination\":\"none\"} -->\n<figure class=\"wp-block-image size-full\"><img src=\"https:\/\/www.jes-stuttgart.de\/wp-content\/uploads\/juliascholz.jpg\" alt=\"\" class=\"wp-image-1911\"\/><\/figure>\n<!-- \/wp:image -->\n\n<!-- wp:paragraph {\"style\":{\"typography\":{\"textTransform\":\"uppercase\"}},\"fontSize\":\"normal\"} -->\n<p class=\"has-normal-font-size\" style=\"text-transform:uppercase\"><\/p>\n<!-- \/wp:paragraph -->\n\n<!-- wp:paragraph {\"fontSize\":\"medium\"} -->\n<p class=\"has-medium-font-size\">Education<\/p>\n<!-- \/wp:paragraph -->\n\n<!-- wp:paragraph {\"fontSize\":\"medium\"} -->\n<p class=\"has-medium-font-size\">I studied set and costume design at Central St Martin\u02bcs College of Art and Design in London.<\/p>\n<!-- \/wp:paragraph -->\n\n<!-- wp:paragraph {\"fontSize\":\"medium\"} -->\n<p class=\"has-medium-font-size\">Elsewhere<\/p>\n<!-- \/wp:paragraph -->\n\n<!-- wp:paragraph {\"fontSize\":\"medium\"} -->\n<p class=\"has-medium-font-size\">From 1997 to 2002 I worked as a stage design assistant at theatres in Cologne City, Staatstheater and Thalia Theater Hamburg, where I was able to work with directors such as Michael Thalheimer, Stephan Kimmig and Leander Haussmann.<\/p>\n<!-- \/wp:paragraph -->\n\n<!-- wp:paragraph {\"fontSize\":\"medium\"} -->\n<p class=\"has-medium-font-size\">In Hamburg I met the director Jorinde Dr\u00f6se, with whom I created numerous productions as a stage and costume designer from 2002 onwards at theatres such as Schauspiel Bochum, Schauspiel Frankfurt, Schauspiel Leipzig and Volkstheater M\u00fcnchen.<\/p>\n<!-- \/wp:paragraph -->\n\n<!-- wp:paragraph {\"fontSize\":\"medium\"} -->\n<p class=\"has-medium-font-size\">I have also created many stage and costume designs with the directors Sabine Harbeke, Klaus Hemmerle, Alexander Schilling and H\u00fcseyin Michael Circipi at the Heilbronn Theatre, Landestheater Innsbruck and Theater Ingolstadt, among others.<\/p>\n<!-- \/wp:paragraph -->\n\n<!-- wp:paragraph {\"fontSize\":\"medium\"} -->\n<p class=\"has-medium-font-size\">JES! and me<\/p>\n<!-- \/wp:paragraph -->\n\n<!-- wp:paragraph {\"fontSize\":\"medium\"} -->\n<p class=\"has-medium-font-size\">I joined JES in 2018 as head of set design, much to the delight of my sons, with whom I live here in Stuttgart.<\/p>\n<!-- \/wp:paragraph -->\n\n<!-- wp:paragraph {\"fontSize\":\"medium\"} -->\n<p class=\"has-medium-font-size\">CONTACT<\/p>\n<!-- \/wp:paragraph -->\n\n<!-- wp:paragraph {\"fontSize\":\"medium\"} -->\n<p class=\"has-medium-font-size\"><a href=\"mailto:julia.scholz@jes-stuttgart.de\">julia.scholz@jes-stuttgart.de<\/a><\/p>\n<!-- \/wp:paragraph -->","post_title":"Julia Scholz (she\/her)","post_excerpt":"","post_status":"publish","comment_status":"closed","ping_status":"closed","post_password":"","post_name":"julia-scholz","to_ping":"","pinged":"","post_modified":"2024-10-29 12:30:55","post_modified_gmt":"2024-10-29 11:30:55","post_content_filtered":"","post_parent":0,"guid":"https:\/\/www.jes-stuttgart.de\/person\/julia-scholz\/","menu_order":230,"post_type":"person","post_mime_type":"","comment_count":"0","filter":"raw"},{"ID":5232,"post_author":"13","post_date":"2022-07-07 16:15:59","post_date_gmt":"2022-07-07 14:15:59","post_content":"<!-- wp:image {\"id\":1217,\"sizeSlug\":\"full\",\"linkDestination\":\"none\"} -->\n<figure class=\"wp-block-image size-full\"><img src=\"https:\/\/www.jes-stuttgart.de\/wp-content\/uploads\/jsn3450-edited.jpg\" alt=\"\" class=\"wp-image-1217\"\/><\/figure>\n<!-- \/wp:image -->\n\n<!-- wp:paragraph {\"style\":{\"typography\":{\"textTransform\":\"uppercase\"}},\"fontSize\":\"normal\"} -->\n<p class=\"has-normal-font-size\" style=\"text-transform:uppercase\">Education<\/p>\n<!-- \/wp:paragraph -->\n\n<!-- wp:paragraph {\"fontSize\":\"medium\"} -->\n<p class=\"has-medium-font-size\">I came to Stuttgart to study interior design at FHT and stayed here - but not as an interior designer! Pretty soon I was happily letting myself fall into the waters of the theatre seas...<\/p>\n<!-- \/wp:paragraph -->\n\n<!-- wp:paragraph {\"fontSize\":\"medium\"} -->\n<p class=\"has-medium-font-size\">Elsewhere<\/p>\n<!-- \/wp:paragraph -->\n\n<!-- wp:paragraph {\"fontSize\":\"medium\"} -->\n<p class=\"has-medium-font-size\">In addition to the waters of the Staatstheater Stuttgart, the current has also repeatedly driven me further north, e.g. to Hebbel am Ufer in Berlin.<\/p>\n<!-- \/wp:paragraph -->\n\n<!-- wp:paragraph {\"fontSize\":\"medium\"} -->\n<p class=\"has-medium-font-size\">JES! and me<\/p>\n<!-- \/wp:paragraph -->\n\n<!-- wp:paragraph {\"fontSize\":\"medium\"} -->\n<p class=\"has-medium-font-size\">I started at JES as a temporary set sailor, but after immersing myself in other film and theatre worlds, I have always enjoyed sailing back to JES and have been a permanent member of the colourful set team since 2016.<\/p>\n<!-- \/wp:paragraph -->\n\n<!-- wp:paragraph {\"style\":{\"typography\":{\"textTransform\":\"uppercase\"}},\"fontSize\":\"normal\"} -->\n<p class=\"has-normal-font-size\" style=\"text-transform:uppercase\">CONTACT<\/p>\n<!-- \/wp:paragraph -->\n\n<!-- wp:paragraph {\"fontSize\":\"medium\"} -->\n<p class=\"has-medium-font-size\"><a href=\"mailto:ausstattung@jes-stuttgart.de\">ausstattung@jes-stuttgart.de<\/a><\/p>\n<!-- \/wp:paragraph -->","post_title":"Christine Bentele (she\/her)","post_excerpt":"","post_status":"publish","comment_status":"closed","ping_status":"closed","post_password":"","post_name":"christine-bentele","to_ping":"","pinged":"","post_modified":"2024-10-23 10:54:08","post_modified_gmt":"2024-10-23 08:54:08","post_content_filtered":"","post_parent":0,"guid":"https:\/\/www.jes-stuttgart.de\/person\/christine-bentele\/","menu_order":228,"post_type":"person","post_mime_type":"","comment_count":"0","filter":"raw"},{"ID":5292,"post_author":"13","post_date":"2022-07-07 16:19:51","post_date_gmt":"2022-07-07 14:19:51","post_content":"<!-- wp:paragraph {\"style\":{\"typography\":{\"textTransform\":\"uppercase\"}},\"fontSize\":\"normal\"} -->\n<p class=\"has-normal-font-size\" style=\"text-transform:uppercase\"><a href=\"https:\/\/www.jes-stuttgart.de\/personen\/#collapsible-person-573\"><\/a><\/p>\n<!-- \/wp:paragraph -->\n\n<!-- wp:paragraph -->\n<p><\/p>\n<!-- \/wp:paragraph -->\n\n<!-- wp:paragraph {\"fontSize\":\"medium\"} -->\n<p class=\"has-medium-font-size\">Elsewhere<\/p>\n<!-- \/wp:paragraph -->\n\n<!-- wp:paragraph {\"fontSize\":\"medium\"} -->\n<p class=\"has-medium-font-size\">I have been drawn to the theatre since I was a child. My first internship in 2008\/2009 was at JES in the set design department. Since then, I have worked there on and off as a temp.<\/p>\n<!-- \/wp:paragraph -->\n\n<!-- wp:paragraph {\"fontSize\":\"medium\"} -->\n<p class=\"has-medium-font-size\">At Staatstheater Stuttgart, I worked as a costume and set designer for Christian Tschirner and Corinna Harfouch, among others. I also worked there as a production assistant on the international theatre project \u2018Orient Express\u2019. At the Ludwigsburg Film Academy, I was able to immerse myself as a set designer in the world of film. I also worked in the costume department at Altes Schauspielhaus and the Palladium.<\/p>\n<!-- \/wp:paragraph -->\n\n<!-- wp:paragraph {\"fontSize\":\"medium\"} -->\n<p class=\"has-medium-font-size\">My additional expertise includes training as a carpenter, a year studying expressive dance and training as a textile designer in the craft of weaving.<\/p>\n<!-- \/wp:paragraph -->\n\n<!-- wp:paragraph {\"fontSize\":\"medium\"} -->\n<p class=\"has-medium-font-size\">JES! and me<\/p>\n<!-- \/wp:paragraph -->\n\n<!-- wp:paragraph {\"fontSize\":\"medium\"} -->\n<p class=\"has-medium-font-size\">I have been supporting the JES equipment team as a member of staff since the 2021\/2022 season.<\/p>\n<!-- \/wp:paragraph -->\n\n<!-- wp:paragraph {\"fontSize\":\"medium\"} -->\n<p class=\"has-medium-font-size\">CONTACT<\/p>\n<!-- \/wp:paragraph -->\n\n<!-- wp:paragraph {\"fontSize\":\"medium\"} -->\n<p class=\"has-medium-font-size\"><a href=\"mailto:ausstattung@jes-stuttgart.de\">ausstattung@jes-stuttgart.de<\/a><\/p>\n<!-- \/wp:paragraph -->\n\n<!-- wp:paragraph -->\n<p><\/p>\n<!-- \/wp:paragraph -->","post_title":"Friederike Sch\u00fctthoff (she\/her)","post_excerpt":"","post_status":"publish","comment_status":"closed","ping_status":"closed","post_password":"","post_name":"friederike-schuettoff","to_ping":"","pinged":"","post_modified":"2024-10-29 12:28:53","post_modified_gmt":"2024-10-29 11:28:53","post_content_filtered":"","post_parent":0,"guid":"https:\/\/www.jes-stuttgart.de\/person\/friederike-schuettoff\/","menu_order":223,"post_type":"person","post_mime_type":"","comment_count":"0","filter":"raw"},{"ID":26036,"post_author":"13","post_date":"2025-01-09 17:07:59","post_date_gmt":"2025-01-09 16:07:59","post_content":"<!-- wp:image -->\n<figure class=\"wp-block-image\"><img alt=\"\"\/><\/figure>\n<!-- \/wp:image -->\n\n<!-- wp:paragraph {\"placeholder\":\"Lorem ipsum dolor sit amet, consetetur sadipscing elitr, sed diam nonumy eirmod tempor invidunt ut labore et dolore magna aliquyam erat, sed diam voluptua. At vero eos et accusam et justo duo dolores et ea rebum. Stet clita kasd gubergren, no sea takimata sanctus est Lorem ipsum dolor sit amet. Lorem ipsum dolor sit amet, consetetur sadipscing elitr, sed diam nonumy eirmod tempor invidunt ut labore et dolore magna aliquyam erat, sed diam voluptua. At vero eos et accusam et justo duo dolores et ea rebum. Stet clita kasd gubergren, no sea takimata sanctus est Lorem ipsum dolor sit amet.\",\"lock\":{\"move\":true,\"remove\":false}} -->\n<p><\/p>\n<!-- \/wp:paragraph -->","post_title":"Jelena Lom (sie\/ihr)","post_excerpt":"","post_status":"publish","comment_status":"closed","ping_status":"closed","post_password":"","post_name":"jelena-lom","to_ping":"","pinged":"","post_modified":"2025-01-09 17:20:53","post_modified_gmt":"2025-01-09 16:20:53","post_content_filtered":"","post_parent":0,"guid":"https:\/\/www.jes-stuttgart.de\/?post_type=person&#038;p=26036","menu_order":24,"post_type":"person","post_mime_type":"","comment_count":"0","filter":"raw"},{"ID":25577,"post_author":"13","post_date":"2024-12-10 11:02:00","post_date_gmt":"2024-12-10 10:02:00","post_content":"<!-- wp:image {\"id\":25578,\"sizeSlug\":\"full\",\"linkDestination\":\"none\"} -->\n<figure class=\"wp-block-image size-full\"><img src=\"https:\/\/www.jes-stuttgart.de\/wp-content\/uploads\/dsc00281.jpg\" alt=\"\" class=\"wp-image-25578\"\/><figcaption class=\"wp-element-caption\">Foto: Alicia Hoffmann<\/figcaption><\/figure>\n<!-- \/wp:image -->\n\n<!-- wp:paragraph {\"placeholder\":\"Lorem ipsum dolor sit amet, consetetur sadipscing elitr, sed diam nonumy eirmod tempor invidunt ut labore et dolore magna aliquyam erat, sed diam voluptua. At vero eos et accusam et justo duo dolores et ea rebum. Stet clita kasd gubergren, no sea takimata sanctus est Lorem ipsum dolor sit amet. Lorem ipsum dolor sit amet, consetetur sadipscing elitr, sed diam nonumy eirmod tempor invidunt ut labore et dolore magna aliquyam erat, sed diam voluptua. At vero eos et accusam et justo duo dolores et ea rebum. Stet clita kasd gubergren, no sea takimata sanctus est Lorem ipsum dolor sit amet.\",\"lock\":{\"move\":true,\"remove\":false},\"fontSize\":\"medium\"} -->\n<p class=\"has-medium-font-size\"><br>KONTAKT<br>ausstattung@jes-stuttgart.de<\/p>\n<!-- \/wp:paragraph -->\n\n<!-- wp:paragraph {\"placeholder\":\"Lorem ipsum dolor sit amet, consetetur sadipscing elitr, sed diam nonumy eirmod tempor invidunt ut labore et dolore magna aliquyam erat, sed diam voluptua. At vero eos et accusam et justo duo dolores et ea rebum. Stet clita kasd gubergren, no sea takimata sanctus est Lorem ipsum dolor sit amet. Lorem ipsum dolor sit amet, consetetur sadipscing elitr, sed diam nonumy eirmod tempor invidunt ut labore et dolore magna aliquyam erat, sed diam voluptua. At vero eos et accusam et justo duo dolores et ea rebum. Stet clita kasd gubergren, no sea takimata sanctus est Lorem ipsum dolor sit amet.\",\"lock\":{\"move\":true,\"remove\":false}} -->\n<p><\/p>\n<!-- \/wp:paragraph -->","post_title":"Madeleine Stuckenbrock (sie\/ihr)","post_excerpt":"","post_status":"publish","comment_status":"closed","ping_status":"closed","post_password":"","post_name":"madeleine-stuckenbrock-sie-ihr","to_ping":"","pinged":"","post_modified":"2024-12-10 11:05:05","post_modified_gmt":"2024-12-10 10:05:05","post_content_filtered":"","post_parent":0,"guid":"https:\/\/www.jes-stuttgart.de\/?post_type=person&#038;p=25577","menu_order":27,"post_type":"person","post_mime_type":"","comment_count":"0","filter":"raw"}],"cast_person_additional":""},{"cast_position":"","cast_person":"","cast_person_additional":""}],"play_title_calender":"Fred und ich","cast_member":[{"ID":30553,"post_author":"1","post_date":"2025-11-03 10:07:55","post_date_gmt":"2025-11-03 09:07:55","post_content":"<!-- wp:image {\"id\":30554,\"sizeSlug\":\"full\",\"linkDestination\":\"none\"} -->\n<figure class=\"wp-block-image size-full\"><img src=\"https:\/\/www.jes-stuttgart.de\/wp-content\/uploads\/sefa-7097.jpg\" alt=\"\" class=\"wp-image-30554\"\/><figcaption class=\"wp-element-caption\">Foto: Markus J. Bachmann<\/figcaption><\/figure>\n<!-- \/wp:image -->\n\n<!-- wp:paragraph {\"placeholder\":\"Lorem ipsum dolor sit amet, consetetur sadipscing elitr, sed diam nonumy eirmod tempor invidunt ut labore et dolore magna aliquyam erat, sed diam voluptua. At vero eos et accusam et justo duo dolores et ea rebum. Stet clita kasd gubergren, no sea takimata sanctus est Lorem ipsum dolor sit amet. Lorem ipsum dolor sit amet, consetetur sadipscing elitr, sed diam nonumy eirmod tempor invidunt ut labore et dolore magna aliquyam erat, sed diam voluptua. At vero eos et accusam et justo duo dolores et ea rebum. Stet clita kasd gubergren, no sea takimata sanctus est Lorem ipsum dolor sit amet.\",\"lock\":{\"move\":true,\"remove\":false},\"fontSize\":\"medium\"} -->\n<p class=\"has-medium-font-size\"><strong>Sefa K\u00fcsk\u00fc<\/strong>, geboren 1997 in Wanne-Eickel fand seine Leidenschaft f\u00fcr Theater, als er 2014 erstmals in einem Jugendclub mitspielte. Seither steht Sefa auf verschiedenen B\u00fchnen in Nordrhein-Westfalen. 2018-2022 absolvierte er seine Schauspielausbildung an der Schauspielschule der Keller in K\u00f6ln, wo er auch lebt. Noch im selben Jahr hatte er zudem sein Regiedeb\u00fct mit dem St\u00fcck <em>\u201eHomo+\u201c<\/em> welches queere Lebensrealit\u00e4ten auf die B\u00fchne gebracht hat. Seit 2023 ist er im Vorstand von c.t.201 \u2013 freies Theater K\u00f6ln; hier inszenierte er u. a. <em>\u201ein liebe,\u201c<\/em> und <em>\u201e\u00c7ay \u2013 eine Heimatsgeschichte\u201c<\/em> \u2013 <em>\u201ein liebe,\u201c<\/em> wurde mit dem Jugendjurypreis beim WESTWIND-Festival 24 ausgezeichnet. Durch seinen queeren und t\u00fcrkischen Background legt er den Fokus auf Geschichten, die im Theater h\u00e4ufig fehlen.<\/p>\n<!-- \/wp:paragraph -->","post_title":"Sefa K\u00fcsk\u00fc","post_excerpt":"","post_status":"publish","comment_status":"closed","ping_status":"closed","post_password":"","post_name":"sefa-kueskue","to_ping":"","pinged":"","post_modified":"2025-11-17 09:44:18","post_modified_gmt":"2025-11-17 08:44:18","post_content_filtered":"","post_parent":0,"guid":"https:\/\/www.jes-stuttgart.de\/?post_type=person&#038;p=30553","menu_order":2,"post_type":"person","post_mime_type":"","comment_count":"0","filter":"raw"},{"ID":30732,"post_author":"8","post_date":"2025-11-17 17:35:06","post_date_gmt":"2025-11-17 16:35:06","post_content":"<!-- wp:image {\"id\":30733,\"sizeSlug\":\"full\",\"linkDestination\":\"none\"} -->\n<figure class=\"wp-block-image size-full\"><img src=\"https:\/\/www.jes-stuttgart.de\/wp-content\/uploads\/jsn3548-edited-1.jpg\" alt=\"\" class=\"wp-image-30733\"\/><\/figure>\n<!-- \/wp:image -->\n\n<!-- wp:paragraph {\"placeholder\":\"Lorem ipsum dolor sit amet, consetetur sadipscing elitr, sed diam nonumy eirmod tempor invidunt ut labore et dolore magna aliquyam erat, sed diam voluptua. At vero eos et accusam et justo duo dolores et ea rebum. Stet clita kasd gubergren, no sea takimata sanctus est Lorem ipsum dolor sit amet. Lorem ipsum dolor sit amet, consetetur sadipscing elitr, sed diam nonumy eirmod tempor invidunt ut labore et dolore magna aliquyam erat, sed diam voluptua. At vero eos et accusam et justo duo dolores et ea rebum. Stet clita kasd gubergren, no sea takimata sanctus est Lorem ipsum dolor sit amet.\",\"lock\":{\"move\":true,\"remove\":false}} -->\n<p>Foto: Julia Sang Nguyen<\/p>\n<!-- \/wp:paragraph -->\n\n<!-- wp:paragraph {\"fontSize\":\"medium\"} -->\n<p class=\"has-medium-font-size\">AUSBILDUNG<br>Nach einer Ausbildung zur Schneiderin bei Strenesse in N\u00f6rdlingen habe ich an der Deutschen Meisterschule f\u00fcr Mode in M\u00fcnchen meinen Abschluss als Meisterin und Modedesignerin gemacht. Sp\u00e4ter studierte ich Soziale Arbeit in Ludwigsburg.<br><br>AN ANDEREN ORTEN<br>Meine ersten Erfahrungen mit Theater und Kost\u00fcmdesign sammelte ich w\u00e4hrend einer Produktion der Otto-Falckenberg-Schule an den M\u00fcnchner Kammerspielen. Letztes Jahr hatte ich die Gelegenheit, die Kost\u00fcme f\u00fcr Anna-Lena Hitzfelds performatives Theaterst\u00fcck \u201eStutenbiss\u201c im Studio Theater Stuttgart zu entwerfen. In der Vergangenheit habe ich in einer Buchhandlung, einer Gerberei und einer Kunststrickerei gearbeitet, Brautkleider und Pullover f\u00fcr Privatkunden und Unternehmen gen\u00e4ht und entwickelt und auch Workshops f\u00fcr junge Menschen gegeben. Wenn ich nicht im JES bin, arbeite ich in einem Fair-Fashion-Laden.<br><br>JES UND ICH<br>Ich habe das JES w\u00e4hrend der Produktion \u201eAls der Baum mit den roten Haaren weinte\u201c kennen- und lieben gelernt, damals half ich bei der Herstellung der Kost\u00fcme. <br><\/p>\n<!-- \/wp:paragraph -->\n\n<!-- wp:paragraph -->\n<p><\/p>\n<!-- \/wp:paragraph -->\n\n<!-- wp:paragraph -->\n<p><\/p>\n<!-- \/wp:paragraph -->","post_title":"Antonia Griesbeck (sie\/ihr)","post_excerpt":"","post_status":"publish","comment_status":"closed","ping_status":"closed","post_password":"","post_name":"antonia-griesbeck-sie-ihr","to_ping":"","pinged":"","post_modified":"2026-01-02 09:36:53","post_modified_gmt":"2026-01-02 08:36:53","post_content_filtered":"","post_parent":0,"guid":"https:\/\/www.jes-stuttgart.de\/?post_type=person&#038;p=30732","menu_order":1,"post_type":"person","post_mime_type":"","comment_count":"0","filter":"raw"}]},"_links":{"self":[{"href":"https:\/\/www.jes-stuttgart.de\/en\/wp-json\/wp\/v2\/posts\/28757","targetHints":{"allow":["GET"]}}],"collection":[{"href":"https:\/\/www.jes-stuttgart.de\/en\/wp-json\/wp\/v2\/posts"}],"about":[{"href":"https:\/\/www.jes-stuttgart.de\/en\/wp-json\/wp\/v2\/types\/post"}],"author":[{"embeddable":true,"href":"https:\/\/www.jes-stuttgart.de\/en\/wp-json\/wp\/v2\/users\/13"}],"replies":[{"embeddable":true,"href":"https:\/\/www.jes-stuttgart.de\/en\/wp-json\/wp\/v2\/comments?post=28757"}],"version-history":[{"count":9,"href":"https:\/\/www.jes-stuttgart.de\/en\/wp-json\/wp\/v2\/posts\/28757\/revisions"}],"predecessor-version":[{"id":31296,"href":"https:\/\/www.jes-stuttgart.de\/en\/wp-json\/wp\/v2\/posts\/28757\/revisions\/31296"}],"wp:featuredmedia":[{"embeddable":true,"href":"https:\/\/www.jes-stuttgart.de\/en\/wp-json\/wp\/v2\/media\/31273"}],"wp:attachment":[{"href":"https:\/\/www.jes-stuttgart.de\/en\/wp-json\/wp\/v2\/media?parent=28757"}],"wp:term":[{"taxonomy":"category","embeddable":true,"href":"https:\/\/www.jes-stuttgart.de\/en\/wp-json\/wp\/v2\/categories?post=28757"},{"taxonomy":"post_tag","embeddable":true,"href":"https:\/\/www.jes-stuttgart.de\/en\/wp-json\/wp\/v2\/tags?post=28757"},{"taxonomy":"age","embeddable":true,"href":"https:\/\/www.jes-stuttgart.de\/en\/wp-json\/wp\/v2\/age?post=28757"}],"curies":[{"name":"wp","href":"https:\/\/api.w.org\/{rel}","templated":true}]}}