{"id":29070,"date":"2025-07-30T10:33:21","date_gmt":"2025-07-30T08:33:21","guid":{"rendered":"https:\/\/www.jes-stuttgart.de\/?p=29070"},"modified":"2025-09-29T16:22:12","modified_gmt":"2025-09-29T14:22:12","slug":"eintritt-auf-eigene-gefahr","status":"publish","type":"post","link":"https:\/\/www.jes-stuttgart.de\/en\/eintritt-auf-eigene-gefahr\/","title":{"rendered":"Eintritt auf eigene Gefahr"},"content":{"rendered":"<div  class=\"wp-block-subtitle is-relative\"><p>A crime play<\/p><\/div>\n\n\n<p class=\"has-primary-3-color has-text-color has-link-color has-medium-font-size wp-elements-b6684da0d6e732f1eb05807d9ba16f36\">PREMIERE: 28.03.2026<\/p>\n\n\n\n<div class=\"wp-block-pb-accordion-item c-accordion__item js-accordion-item no-js is-style-colored-bg-primary2\" data-initially-open=\"false\" data-click-to-close=\"true\" data-auto-close=\"true\" data-scroll=\"false\" data-scroll-offset=\"0\"><h2 id=\"at-290700\" class=\"c-accordion__title js-accordion-controller\" role=\"button\">Content<\/h2><div id=\"ac-290700\" class=\"c-accordion__content\">\n<p class=\"has-primary-2-background-color has-background has-medium-font-size\">The door is shut, and all questions remain unanswered. An abandoned stage and many clues behind the door provide a space for wild speculation and hair-raising fantasies about what might have happened before or what could happen next, together with the question of whether whatever happens should be prevented. Puzzles upon puzzles arise for the four performers. This crime-like play is a plea for more mutual trust and playful freedom.Roads, kitchens, forests, playgrounds: dangers for children lurk everywhere, and the potential risk is enormous. Places where children can play unsupervised are becoming fewer and fewer, and children&#8217;s range of movement is getting smaller and smaller. With both of these factors combined, the opportunity to learn how to deal with dangers in a playful way and to experience self-efficacy is disappearing. But what do children actually do when they play freely and unsupervised? How dangerous is it really? Or: What do adults think children do when they play alone, and what dangers do they imagine?<\/p>\n<\/div><\/div>\n\n\n\n<p><\/p>\n","protected":false},"excerpt":{"rendered":"<p>PREMIERE: 28.03.2026<\/p>\n","protected":false},"author":13,"featured_media":34047,"comment_status":"closed","ping_status":"closed","sticky":false,"template":"","format":"standard","meta":{"_acf_changed":false,"inline_featured_image":false,"footnotes":""},"categories":[2,1],"tags":[],"age":[134,130,132,135],"class_list":["post-29070","post","type-post","status-publish","format-standard","has-post-thumbnail","hentry","category-uncategorized","category-unkategorisiert","age-kindergarten","age-primary-school","age-grades-1-4","age-kindergarten-en-2"],"acf":{"bgcolor":"yellow","play_title_calender":"Eintritt auf eigene Gefahr","cast_member":"","dates":[{"date":"25.01.2023 19:00:00","date_availability":true,"date_cancelled":false,"date_info":""},{"date":"26.01.2023 19:00:00","date_availability":true,"date_cancelled":false,"date_info":""},{"date":"27.01.2023 11:00:00","date_availability":true,"date_cancelled":false,"date_info":""},{"date":"28.01.2023 19:00:00","date_availability":true,"date_cancelled":false,"date_info":""},{"date":"30.01.2023 19:00:00","date_availability":true,"date_cancelled":false,"date_info":""},{"date":"31.01.2023 11:00:00","date_availability":true,"date_cancelled":false,"date_info":""}],"dates_no_link_info":false,"cast":[{"cast_position":"Mit","cast_person":[{"ID":5284,"post_author":"2","post_date":"2022-07-07 16:10:29","post_date_gmt":"2022-07-07 14:10:29","post_content":"<!-- wp:image {\"id\":1186,\"sizeSlug\":\"full\",\"linkDestination\":\"none\"} -->\n<figure class=\"wp-block-image size-full\"><img src=\"https:\/\/www.jes-stuttgart.de\/wp-content\/uploads\/jsn4063.jpg\" alt=\"\" class=\"wp-image-1186\"\/><\/figure>\n<!-- \/wp:image -->\n\n<!-- wp:paragraph {\"style\":{\"typography\":{\"textTransform\":\"uppercase\"}},\"fontSize\":\"normal\"} -->\n<p class=\"has-normal-font-size\" style=\"text-transform:uppercase\">Education<\/p>\n<!-- \/wp:paragraph -->\n\n<!-- wp:paragraph {\"fontSize\":\"medium\"} -->\n<p class=\"has-medium-font-size\">I was born in 1966. Before I completed my training as an actor at the Spielstatt Ulm (1989 to 1993), I gained my first theatre experience at the theatre in the Altstadthof in my hometown of Nuremberg.<\/p>\n<!-- \/wp:paragraph -->\n\n<!-- wp:spacer {\"height\":\"20px\"} -->\n<div style=\"height:20px\" aria-hidden=\"true\" class=\"wp-block-spacer\"><\/div>\n<!-- \/wp:spacer -->\n\n<!-- wp:paragraph {\"style\":{\"typography\":{\"textTransform\":\"uppercase\"}},\"fontSize\":\"normal\"} -->\n<p class=\"has-normal-font-size\" style=\"text-transform:uppercase\">Elsewhere<\/p>\n<!-- \/wp:paragraph -->\n\n<!-- wp:paragraph {\"fontSize\":\"medium\"} -->\n<p class=\"has-medium-font-size\">Afterwards I worke at Schnawwl, the children\u2019s and youth theatre at the Nationaltheater Mannheim (1993 to 1996), and at Junges Theater Z\u00fcrich (1996\/97). From 1998 to 2004 I worked at the Children\u2019s and Youth Theatre of the Landestheater T\u00fcbingen.<\/p>\n<!-- \/wp:paragraph -->\n\n<!-- wp:spacer {\"height\":\"20px\"} -->\n<div style=\"height:20px\" aria-hidden=\"true\" class=\"wp-block-spacer\"><\/div>\n<!-- \/wp:spacer -->\n\n<!-- wp:paragraph {\"style\":{\"typography\":{\"textTransform\":\"uppercase\"}},\"fontSize\":\"normal\"} -->\n<p class=\"has-normal-font-size\" style=\"text-transform:uppercase\">JES! and me<\/p>\n<!-- \/wp:paragraph -->\n\n<!-- wp:paragraph {\"fontSize\":\"medium\"} -->\n<p class=\"has-medium-font-size\">I became part of Junges Ensemble Stuttgart in 2004.<\/p>\n<!-- \/wp:paragraph -->","post_title":"Gerd Ritter","post_excerpt":"","post_status":"publish","comment_status":"closed","ping_status":"closed","post_password":"","post_name":"gerd-ritter","to_ping":"","pinged":"","post_modified":"2022-08-18 15:46:48","post_modified_gmt":"2022-08-18 13:46:48","post_content_filtered":"","post_parent":0,"guid":"https:\/\/www.jes-stuttgart.de\/person\/gerd-ritter\/","menu_order":238,"post_type":"person","post_mime_type":"","comment_count":"0","filter":"raw"},{"ID":5285,"post_author":"13","post_date":"2022-07-07 16:26:37","post_date_gmt":"2022-07-07 14:26:37","post_content":"<!-- wp:paragraph {\"style\":{\"typography\":{\"textTransform\":\"uppercase\"}},\"fontSize\":\"normal\"} -->\n<p class=\"has-normal-font-size\" style=\"text-transform:uppercase\"><\/p>\n<!-- \/wp:paragraph -->\n\n<!-- wp:paragraph {\"fontSize\":\"normal\"} -->\n<p class=\"has-normal-font-size\"><a href=\"https:\/\/www.jes-stuttgart.de\/personen\/#collapsible-person-567\">Ensemble, JES staff member, actor<\/a><\/p>\n<!-- \/wp:paragraph -->\n\n<!-- wp:paragraph {\"fontSize\":\"normal\"} -->\n<p class=\"has-normal-font-size\">Education<\/p>\n<!-- \/wp:paragraph -->\n\n<!-- wp:paragraph {\"fontSize\":\"normal\"} -->\n<p class=\"has-normal-font-size\">I was born on August 5<sup>th<\/sup>, 1998, in K\u00f6nigsfeld in the Black Forest and spent my childhood and youth there. After graduating from high school, I began a basic theatre education course at the \u2018Theater Tempus fugit\u2019 in L\u00f6rrach. During my training, I was in charge of various theatre groups, organised my own projects and performed a lot of forum theatre at schools. After my training, I began studying acting at the Zurich University of the Arts at the end of 2018. I attended courses on various acting techniques, gained a lot of experience in collective work and performance and completed my studies in the summer of 2022.<\/p>\n<!-- \/wp:paragraph -->\n\n<!-- wp:paragraph {\"fontSize\":\"normal\"} -->\n<p class=\"has-normal-font-size\">Elsewhere<\/p>\n<!-- \/wp:paragraph -->\n\n<!-- wp:paragraph {\"fontSize\":\"normal\"} -->\n<p class=\"has-normal-font-size\">I spent the 2021\/22 season in Chemnitz, where I appeared in several productions at the municipal theatre as a member of the acting studio. I worked there with Matthias Huber and Nicolas Charaux, among others.<\/p>\n<!-- \/wp:paragraph -->\n\n<!-- wp:paragraph {\"fontSize\":\"normal\"} -->\n<p class=\"has-normal-font-size\">JES! and me<\/p>\n<!-- \/wp:paragraph -->\n\n<!-- wp:paragraph {\"fontSize\":\"normal\"} -->\n<p class=\"has-normal-font-size\">I have been a member of the JES ensemble since September 2022.<\/p>\n<!-- \/wp:paragraph -->\n\n<!-- wp:paragraph -->\n<p><\/p>\n<!-- \/wp:paragraph -->","post_title":"Maximilian Schaible (he\/him)","post_excerpt":"","post_status":"publish","comment_status":"closed","ping_status":"closed","post_password":"","post_name":"maximilian-schaible","to_ping":"","pinged":"","post_modified":"2024-10-23 14:51:45","post_modified_gmt":"2024-10-23 12:51:45","post_content_filtered":"","post_parent":0,"guid":"https:\/\/www.jes-stuttgart.de\/person\/maximilian-schaible\/","menu_order":213,"post_type":"person","post_mime_type":"","comment_count":"0","filter":"raw"},{"ID":29120,"post_author":"13","post_date":"2025-07-30 14:40:06","post_date_gmt":"2025-07-30 12:40:06","post_content":"<!-- wp:image {\"id\":30245,\"sizeSlug\":\"full\",\"linkDestination\":\"none\"} -->\n<figure class=\"wp-block-image size-full\"><img src=\"https:\/\/www.jes-stuttgart.de\/wp-content\/uploads\/klein-jes-treppe-person09-foto-brummer-7.jpg\" alt=\"\" class=\"wp-image-30245\"\/><figcaption class=\"wp-element-caption\">Foto: Sebastian Brummer<\/figcaption><\/figure>\n<!-- \/wp:image -->\n\n<!-- wp:paragraph {\"placeholder\":\"Lorem ipsum dolor sit amet, consetetur sadipscing elitr, sed diam nonumy eirmod tempor invidunt ut labore et dolore magna aliquyam erat, sed diam voluptua. At vero eos et accusam et justo duo dolores et ea rebum. Stet clita kasd gubergren, no sea takimata sanctus est Lorem ipsum dolor sit amet. Lorem ipsum dolor sit amet, consetetur sadipscing elitr, sed diam nonumy eirmod tempor invidunt ut labore et dolore magna aliquyam erat, sed diam voluptua. At vero eos et accusam et justo duo dolores et ea rebum. Stet clita kasd gubergren, no sea takimata sanctus est Lorem ipsum dolor sit amet.\",\"lock\":{\"move\":true,\"remove\":false},\"fontSize\":\"medium\"} -->\n<p class=\"has-medium-font-size\">AUSBILDUNG<br>Ich wurde 2000 in T\u00fcbingen geboren und sammelte erste B\u00fchnenerfahrungen am Theaterjugendclub des Landestheaters in T\u00fcbingen.<br><br>Von 2021 bis 2025 studierte ich Schauspiel an der Akademie f\u00fcr darstellende Kunst Baden-W\u00fcrttemberg und wurde mit dem St\u00fcck \u201cfreibaden (AT)\u201d, welches meine Klasse und ich im 3.Studienjahr kollektiv entwickelten, beim 35. Bundeswettbewerb deutschsprachiger Schauspielstudierender mit dem Solopreis sowie dem Ensemblepreis ausgezeichnet.\u00a0<br><br>AN ANDEREN ORTEN<br>Im Januar 2025 spielte ich in der Bachelor-Inszenierung \u201cI LOVE HORSES (genau wie michael kohlhaas)\" von Merle Zurawski mit. Die Inszenierung feierte am Schauspiel Stuttgart Premiere und wurde zum Fast-Forward Festival in Dresden eingeladen.<br><br>DAS JES! UND ICH<br>Seit September 2025 bin ich festes Ensemblemitglied des Jungen Ensembles Stuttgart.<\/p>\n<!-- \/wp:paragraph -->","post_title":"Adriana Fernandez Falso (sie\/ihr)","post_excerpt":"","post_status":"publish","comment_status":"closed","ping_status":"closed","post_password":"","post_name":"adriana-fernandez-falso-sie-ihr","to_ping":"","pinged":"","post_modified":"2025-10-22 10:55:43","post_modified_gmt":"2025-10-22 08:55:43","post_content_filtered":"","post_parent":0,"guid":"https:\/\/www.jes-stuttgart.de\/?post_type=person&#038;p=29120","menu_order":10,"post_type":"person","post_mime_type":"","comment_count":"0","filter":"raw"},{"ID":29132,"post_author":"13","post_date":"2025-07-30 14:58:02","post_date_gmt":"2025-07-30 12:58:02","post_content":"<!-- wp:image {\"id\":29148,\"sizeSlug\":\"large\",\"linkDestination\":\"none\"} -->\n<figure class=\"wp-block-image size-large\"><img src=\"https:\/\/www.jes-stuttgart.de\/wp-content\/uploads\/charlie-wyrsch-foto-von-zuza-badziong-klein-1-1708x2560.jpg\" alt=\"\" class=\"wp-image-29148\"\/><figcaption class=\"wp-element-caption\">Foto: Zuza Badziong<\/figcaption><\/figure>\n<!-- \/wp:image -->\n\n<!-- wp:paragraph {\"placeholder\":\"Lorem ipsum dolor sit amet, consetetur sadipscing elitr, sed diam nonumy eirmod tempor invidunt ut labore et dolore magna aliquyam erat, sed diam voluptua. At vero eos et accusam et justo duo dolores et ea rebum. Stet clita kasd gubergren, no sea takimata sanctus est Lorem ipsum dolor sit amet. Lorem ipsum dolor sit amet, consetetur sadipscing elitr, sed diam nonumy eirmod tempor invidunt ut labore et dolore magna aliquyam erat, sed diam voluptua. At vero eos et accusam et justo duo dolores et ea rebum. Stet clita kasd gubergren, no sea takimata sanctus est Lorem ipsum dolor sit amet.\",\"lock\":{\"move\":true,\"remove\":false},\"fontSize\":\"medium\"} -->\n<p class=\"has-medium-font-size\">AUSBILDUNG<br>Ich wurde 1996 im Ruhrgebiet geboren und habe erste Theatererfahrungen am Jungen Schlosstheater Moers gesammelt. Nach meinem Studium in \u201eAngewandte Theaterwissenschaft\u201c in Gie\u00dfen habe ich \u201ePhysical Theatre\u201c in Essen studiert. W\u00e4hrend meiner Studienzeit habe ich au\u00dferdem zwei Auslandssemester in Tschechien und in Norwegen gemacht.<br><br>AN ANDEREN ORTEN<br>Ich habe am Schauspiel Essen, am Schauspiel Dortmund und am D\u00fcsseldorfer Schauspielhaus als Gast-Schauspieler*in gearbeitet. Zudem habe ich in verschiedenen St\u00fccken in der freien Szene mitgespielt oder Regie gef\u00fchrt. Diese wurden zum Beispiel im Tanzhaus nrw, im Maschinenhaus Essen, beim internationalen SoloDuoFestival K\u00f6ln, beim ZeitZeug Festival Bochum oder beim Hundertpro Festival in M\u00fchlheim gezeigt.<br>Zusammen mit Meret K\u00f6nig und Valentin Schwerdfeger bin ich Teil der Physical Theatre Company \u201eSticky Fragments\u201c. Wir interessieren uns besonders f\u00fcr die Arbeit zwischen verschiedenen Kunstformen, queer-feministische Themen und \u201eAesthetics of Access\u201c.<br><br>DAS JES! UND ICH<br>Seit September 2025 bin ich festes Ensemblemitglied am Jungen Ensemble Stuttgart.<\/p>\n<!-- \/wp:paragraph -->","post_title":"Charlie Wyrsch (dey\/they)","post_excerpt":"","post_status":"publish","comment_status":"closed","ping_status":"closed","post_password":"","post_name":"charlie-wyrsch-dey-they","to_ping":"","pinged":"","post_modified":"2025-10-22 11:22:21","post_modified_gmt":"2025-10-22 09:22:21","post_content_filtered":"","post_parent":0,"guid":"https:\/\/www.jes-stuttgart.de\/?post_type=person&#038;p=29132","menu_order":11,"post_type":"person","post_mime_type":"","comment_count":"0","filter":"raw"}],"cast_person_additional":""},{"cast_position":"Inszenierung","cast_person":[{"ID":5278,"post_author":"2","post_date":"2022-07-07 16:00:47","post_date_gmt":"2022-07-07 14:00:47","post_content":"<!-- wp:image {\"id\":1200,\"sizeSlug\":\"full\",\"linkDestination\":\"none\",\"className\":\"is-style-default\"} -->\n<figure class=\"wp-block-image size-full is-style-default\"><img src=\"https:\/\/www.jes-stuttgart.de\/wp-content\/uploads\/jsn4257.jpg\" alt=\"\" class=\"wp-image-1200\"\/><\/figure>\n<!-- \/wp:image -->\n\n<!-- wp:paragraph {\"style\":{\"typography\":{\"textTransform\":\"uppercase\"}},\"fontSize\":\"normal\"} -->\n<p class=\"has-normal-font-size\" style=\"text-transform:uppercase\">Education<\/p>\n<!-- \/wp:paragraph -->\n\n<!-- wp:paragraph {\"fontSize\":\"medium\"} -->\n<p class=\"has-medium-font-size\">After graduating from school and a year of various internships, I was an assistant director at JES from 2004 to 2007, after which I studied acting direction at Theaterakademie Hamburg. In 2018 I completed further education in theatre and music management at the Ludwig-Maximilians-University in Munich.<\/p>\n<!-- \/wp:paragraph -->\n\n<!-- wp:spacer {\"height\":\"20px\"} -->\n<div style=\"height:20px\" aria-hidden=\"true\" class=\"wp-block-spacer\"><\/div>\n<!-- \/wp:spacer -->\n\n<!-- wp:paragraph {\"style\":{\"typography\":{\"textTransform\":\"uppercase\"}},\"fontSize\":\"normal\"} -->\n<p class=\"has-normal-font-size\" style=\"text-transform:uppercase\">Elsewhere<\/p>\n<!-- \/wp:paragraph -->\n\n<!-- wp:paragraph {\"fontSize\":\"medium\"} -->\n<p class=\"has-medium-font-size\">I have been working as a freelance director in theatre for young audiences since 2010. In addition to JES, I have directed at Staatstheater Mainz, GRIPS Theater Berlin, moks junges theatre Bremen, jungen LTT T\u00fcbingen, and at Schauburg Munich, among others. Since 2010 I have also been working as a translator of theatre texts from English into German. Since summer 2019, I have been a member of the board of trustees of the Landesverband der Kunstschulen Baden-W\u00fcrttemberg (State Association of Art Schools Baden-W\u00fcrttemberg).<\/p>\n<!-- \/wp:paragraph -->\n\n<!-- wp:spacer {\"height\":\"20px\"} -->\n<div style=\"height:20px\" aria-hidden=\"true\" class=\"wp-block-spacer\"><\/div>\n<!-- \/wp:spacer -->\n\n<!-- wp:paragraph {\"style\":{\"typography\":{\"textTransform\":\"uppercase\"}},\"fontSize\":\"normal\"} -->\n<p class=\"has-normal-font-size\" style=\"text-transform:uppercase\">JES! And ME<\/p>\n<!-- \/wp:paragraph -->\n\n<!-- wp:paragraph {\"fontSize\":\"medium\"} -->\n<p class=\"has-medium-font-size\">As a freelance director, I have staged \u201cDie besten Beerdigungen der Welt\u201d, \u201cDie Abenteuer des starken Wanja\u201d, \u201cUnsere gro\u00dfe Welt\u201d, \u201cDie Bademattenrepublik\u201d and \u201cUnb\u00e4ndig\u201d at JES. From 2014 to 2022 I was also one of the organisational and production managers of Bright View. I have been the artistic director of JES since the 2022\/23 season.<\/p>\n<!-- \/wp:paragraph -->\n\n<!-- wp:spacer {\"height\":\"20px\"} -->\n<div style=\"height:20px\" aria-hidden=\"true\" class=\"wp-block-spacer\"><\/div>\n<!-- \/wp:spacer -->\n\n<!-- wp:paragraph {\"fontSize\":\"normal\"} -->\n<p class=\"has-normal-font-size\">CONTACT<\/p>\n<!-- \/wp:paragraph -->\n\n<!-- wp:paragraph {\"fontSize\":\"medium\"} -->\n<p class=\"has-medium-font-size\"><a href=\"mailto:intendanz@jes-stuttgart.de\">intendanz@jes-stuttgart.de<\/a><\/p>\n<!-- \/wp:paragraph -->","post_title":"Grete Pagan","post_excerpt":"","post_status":"publish","comment_status":"closed","ping_status":"closed","post_password":"","post_name":"grete-pagan","to_ping":"","pinged":"","post_modified":"2022-08-18 15:41:26","post_modified_gmt":"2022-08-18 13:41:26","post_content_filtered":"","post_parent":0,"guid":"https:\/\/www.jes-stuttgart.de\/person\/grete-pagan\/","menu_order":241,"post_type":"person","post_mime_type":"","comment_count":"0","filter":"raw"}],"cast_person_additional":""},{"cast_position":"B\u00fchne &amp; Kost\u00fcm","cast_person":[{"ID":19916,"post_author":"13","post_date":"2022-09-22 12:40:54","post_date_gmt":"2022-09-22 10:40:54","post_content":"<!-- wp:image {\"id\":11346,\"width\":\"659px\",\"height\":\"847px\",\"sizeSlug\":\"full\",\"linkDestination\":\"none\"} -->\n<figure class=\"wp-block-image size-full is-resized\"><img src=\"https:\/\/www.jes-stuttgart.de\/wp-content\/uploads\/michaela-brosch.jpeg\" alt=\"\" class=\"wp-image-11346\" style=\"width:659px;height:847px\"\/><\/figure>\n<!-- \/wp:image -->\n\n<!-- wp:paragraph {\"fontSize\":\"medium\"} -->\n<p class=\"has-medium-font-size\">Education:<\/p>\n<!-- \/wp:paragraph -->\n\n<!-- wp:paragraph {\"fontSize\":\"medium\"} -->\n<p class=\"has-medium-font-size\">Training as a designer, followed by art studies, artistic photography, costume painting<\/p>\n<!-- \/wp:paragraph -->\n\n<!-- wp:paragraph {\"fontSize\":\"medium\"} -->\n<p class=\"has-medium-font-size\">Elsewhere:<\/p>\n<!-- \/wp:paragraph -->\n\n<!-- wp:paragraph {\"fontSize\":\"medium\"} -->\n<p class=\"has-medium-font-size\">Has worked in theatre since 1996. Stage decorator and technician at Altes Schauspielhaus Stuttgart<\/p>\n<!-- \/wp:paragraph -->\n\n<!-- wp:paragraph {\"fontSize\":\"medium\"} -->\n<p class=\"has-medium-font-size\">Costume painter at Stage Entertainment Stuttgart\/Berlin\/London<\/p>\n<!-- \/wp:paragraph -->\n\n<!-- wp:paragraph {\"fontSize\":\"medium\"} -->\n<p class=\"has-medium-font-size\">Assistant set designer for sets of the city of Bonn<\/p>\n<!-- \/wp:paragraph -->\n\n<!-- wp:paragraph {\"fontSize\":\"medium\"} -->\n<p class=\"has-medium-font-size\">Freelance set designer and costume painter for theatre and film<\/p>\n<!-- \/wp:paragraph -->\n\n<!-- wp:paragraph {\"fontSize\":\"medium\"} -->\n<p class=\"has-medium-font-size\">Set design for Junges Ensemble Stuttgart<\/p>\n<!-- \/wp:paragraph -->\n\n<!-- wp:paragraph {\"fontSize\":\"medium\"} -->\n<p class=\"has-medium-font-size\">Costume designer for Staatstheater Stuttgart<\/p>\n<!-- \/wp:paragraph -->\n\n<!-- wp:paragraph {\"fontSize\":\"medium\"} -->\n<p class=\"has-medium-font-size\">Jes and me:<\/p>\n<!-- \/wp:paragraph -->\n\n<!-- wp:paragraph {\"fontSize\":\"medium\"} -->\n<p class=\"has-medium-font-size\">Started in set design in 2004 before the theatre opened and stayed until 2021.<\/p>\n<!-- \/wp:paragraph -->\n\n<!-- wp:paragraph {\"fontSize\":\"medium\"} -->\n<p class=\"has-medium-font-size\">Saw and experienced a lot of wonderful things and met great people.<\/p>\n<!-- \/wp:paragraph -->\n\n<!-- wp:paragraph {\"fontSize\":\"medium\"} -->\n<p class=\"has-medium-font-size\">Connections.<\/p>\n<!-- \/wp:paragraph -->\n\n<!-- wp:paragraph {\"fontSize\":\"medium\"} -->\n<p class=\"has-medium-font-size\"><\/p>\n<!-- \/wp:paragraph -->\n\n<!-- wp:paragraph -->\n<p><\/p>\n<!-- \/wp:paragraph -->","post_title":"Michaela Brosch","post_excerpt":"","post_status":"publish","comment_status":"closed","ping_status":"closed","post_password":"","post_name":"michaela-brosch","to_ping":"","pinged":"","post_modified":"2024-10-23 10:42:32","post_modified_gmt":"2024-10-23 08:42:32","post_content_filtered":"","post_parent":0,"guid":"https:\/\/www.jes-stuttgart.de\/person\/michaela-brosch\/","menu_order":144,"post_type":"person","post_mime_type":"","comment_count":"0","filter":"raw"}],"cast_person_additional":""},{"cast_position":"Musik","cast_person":[{"ID":5277,"post_author":"2","post_date":"2022-07-20 20:54:48","post_date_gmt":"2022-07-20 18:54:48","post_content":"<!-- wp:image -->\n<figure class=\"wp-block-image\"><img alt=\"\"\/><\/figure>\n<!-- \/wp:image -->\n\n<!-- wp:spacer -->\n<div style=\"height:100px\" aria-hidden=\"true\" class=\"wp-block-spacer\"><\/div>\n<!-- \/wp:spacer -->\n\n<!-- wp:paragraph {\"fontSize\":\"medium\"} -->\n<p class=\"has-medium-font-size\">David Pagan, born in 1979 on the border between Scotland and England, studied acting\/music in London and has been living in Germany since 2008. He first worked as a performer and musical director for NIE theatre. He currently performs and composes mainly in theatres in Germany and Europe for young audiences.<\/p>\n<!-- \/wp:paragraph -->","post_title":"David Pagan","post_excerpt":"","post_status":"publish","comment_status":"closed","ping_status":"closed","post_password":"","post_name":"david-pagan","to_ping":"","pinged":"","post_modified":"2022-08-18 15:39:57","post_modified_gmt":"2022-08-18 13:39:57","post_content_filtered":"","post_parent":0,"guid":"https:\/\/www.jes-stuttgart.de\/person\/david-pagan\/","menu_order":170,"post_type":"person","post_mime_type":"","comment_count":"0","filter":"raw"}],"cast_person_additional":""},{"cast_position":"Licht","cast_person":[{"ID":5235,"post_author":"13","post_date":"2022-07-20 18:55:23","post_date_gmt":"2022-07-20 16:55:23","post_content":"<!-- wp:image {\"id\":1913,\"sizeSlug\":\"full\",\"linkDestination\":\"none\"} -->\n<figure class=\"wp-block-image size-full\"><img src=\"https:\/\/www.jes-stuttgart.de\/wp-content\/uploads\/juppbertels.jpg\" alt=\"\" class=\"wp-image-1913\"\/><\/figure>\n<!-- \/wp:image -->\n\n<!-- wp:paragraph {\"placeholder\":\"Lorem ipsum dolor sit amet, consetetur sadipscing elitr, sed diam nonumy eirmod tempor invidunt ut labore et dolore magna aliquyam erat, sed diam voluptua. At vero eos et accusam et justo duo dolores et ea rebum. Stet clita kasd gubergren, no sea takimata sanctus est Lorem ipsum dolor sit amet. Lorem ipsum dolor sit amet, consetetur sadipscing elitr, sed diam nonumy eirmod tempor invidunt ut labore et dolore magna aliquyam erat, sed diam voluptua. At vero eos et accusam et justo duo dolores et ea rebum. Stet clita kasd gubergren, no sea takimata sanctus est Lorem ipsum dolor sit amet.\",\"lock\":{\"move\":true,\"remove\":false},\"fontSize\":\"medium\"} -->\n<p class=\"has-medium-font-size\">Sebastian \u201cJupp\u201d Bertels has been supporting the JES technical team since the 2022\/23 season.<\/p>\n<!-- \/wp:paragraph -->\n\n<!-- wp:spacer {\"height\":\"20px\"} -->\n<div style=\"height:20px\" aria-hidden=\"true\" class=\"wp-block-spacer\"><\/div>\n<!-- \/wp:spacer -->\n\n<!-- wp:paragraph {\"fontSize\":\"normal\"} -->\n<p class=\"has-normal-font-size\">CONTACT<\/p>\n<!-- \/wp:paragraph -->\n\n<!-- wp:paragraph {\"fontSize\":\"medium\"} -->\n<p class=\"has-medium-font-size\"><a href=\"mailto:technik@jes-stuttgart.de\">technik@jes-stuttgart.de<\/a><\/p>\n<!-- \/wp:paragraph -->","post_title":"Jupp Bertels (he\/him)","post_excerpt":"","post_status":"publish","comment_status":"closed","ping_status":"closed","post_password":"","post_name":"jupp-bertels","to_ping":"","pinged":"","post_modified":"2024-10-23 10:47:52","post_modified_gmt":"2024-10-23 08:47:52","post_content_filtered":"","post_parent":0,"guid":"https:\/\/www.jes-stuttgart.de\/person\/jupp-bertels\/","menu_order":204,"post_type":"person","post_mime_type":"","comment_count":"0","filter":"raw"}],"cast_person_additional":""},{"cast_position":"Ton","cast_person":[{"ID":5266,"post_author":"13","post_date":"2022-07-20 20:27:10","post_date_gmt":"2022-07-20 18:27:10","post_content":"<!-- wp:image {\"id\":1909,\"sizeSlug\":\"full\",\"linkDestination\":\"none\"} -->\n<figure class=\"wp-block-image size-full\"><img src=\"https:\/\/www.jes-stuttgart.de\/wp-content\/uploads\/jankeller.jpg\" alt=\"\" class=\"wp-image-1909\"\/><\/figure>\n<!-- \/wp:image -->\n\n<!-- wp:paragraph {\"placeholder\":\"Lorem ipsum dolor sit amet, consetetur sadipscing elitr, sed diam nonumy eirmod tempor invidunt ut labore et dolore magna aliquyam erat, sed diam voluptua. At vero eos et accusam et justo duo dolores et ea rebum. Stet clita kasd gubergren, no sea takimata sanctus est Lorem ipsum dolor sit amet. Lorem ipsum dolor sit amet, consetetur sadipscing elitr, sed diam nonumy eirmod tempor invidunt ut labore et dolore magna aliquyam erat, sed diam voluptua. At vero eos et accusam et justo duo dolores et ea rebum. Stet clita kasd gubergren, no sea takimata sanctus est Lorem ipsum dolor sit amet.\",\"lock\":{\"move\":true,\"remove\":false},\"fontSize\":\"medium\"} -->\n<p class=\"has-medium-font-size\">works in the JES technical team. He has been deputy technical director since the 2019\/20 season.<\/p>\n<!-- \/wp:paragraph -->\n\n<!-- wp:paragraph -->\n<p><\/p>\n<!-- \/wp:paragraph -->\n\n<!-- wp:paragraph {\"fontSize\":\"normal\"} -->\n<p class=\"has-normal-font-size\">CONTACT<\/p>\n<!-- \/wp:paragraph -->\n\n<!-- wp:paragraph {\"fontSize\":\"medium\"} -->\n<p class=\"has-medium-font-size\"><a href=\"mailto:technik@jes-stuttgart.de\">technik@jes-stuttgart.de<\/a><\/p>\n<!-- \/wp:paragraph -->","post_title":"Jan Keller (he\/him)","post_excerpt":"","post_status":"publish","comment_status":"closed","ping_status":"closed","post_password":"","post_name":"jan-keller","to_ping":"","pinged":"","post_modified":"2024-10-24 10:53:03","post_modified_gmt":"2024-10-24 08:53:03","post_content_filtered":"","post_parent":0,"guid":"https:\/\/www.jes-stuttgart.de\/person\/jan-keller\/","menu_order":179,"post_type":"person","post_mime_type":"","comment_count":"0","filter":"raw"}],"cast_person_additional":""},{"cast_position":"Dramaturgie","cast_person":[{"ID":5291,"post_author":"13","post_date":"2022-07-07 16:11:55","post_date_gmt":"2022-07-07 14:11:55","post_content":"<!-- wp:image {\"id\":1128,\"sizeSlug\":\"full\",\"linkDestination\":\"none\"} -->\n<figure class=\"wp-block-image size-full\"><img src=\"https:\/\/www.jes-stuttgart.de\/wp-content\/uploads\/jsn2815.jpg\" alt=\"\" class=\"wp-image-1128\"\/><\/figure>\n<!-- \/wp:image -->\n\n<!-- wp:paragraph {\"style\":{\"typography\":{\"textTransform\":\"uppercase\"}},\"fontSize\":\"normal\"} -->\n<p class=\"has-normal-font-size\" style=\"text-transform:uppercase\"><a href=\"https:\/\/www.jes-stuttgart.de\/personen\/#collapsible-person-572\"><\/a><\/p>\n<!-- \/wp:paragraph -->\n\n<!-- wp:paragraph {\"fontSize\":\"medium\"} -->\n<p class=\"has-medium-font-size\">Education<\/p>\n<!-- \/wp:paragraph -->\n\n<!-- wp:paragraph {\"fontSize\":\"medium\"} -->\n<p class=\"has-medium-font-size\">I was born in Darmstadt in 1967 and grew up in Wolfenb\u00fcttel near Braunschweig. After a traineeship, several years as a sports editor at the Goslarsche Zeitung and a trip around the world, I studied dramaturgy at adk Ulm.<\/p>\n<!-- \/wp:paragraph -->\n\n<!-- wp:paragraph {\"fontSize\":\"medium\"} -->\n<p class=\"has-medium-font-size\">Elsewhere<\/p>\n<!-- \/wp:paragraph -->\n\n<!-- wp:paragraph {\"fontSize\":\"medium\"} -->\n<p class=\"has-medium-font-size\">I then worked as a dramaturge and partly as a theatre teacher at the children's and youth theatres in Heidelberg (zwinger3) and Mannheim (Schnawwl) as well as at Nationaltheater Mannheim and in the festival management of the International Schiller Days. In addition to my work at JES, I am also a lecturer (including at Stuttgart Drama School), curator and author. Recent world premieres include \u2018Artus!\u2019 at the open-air theatre in Altusried, \u2018Auf \u00d6tzis Spuren\u2019 at Theater des Kindes in Linz and \u2018Das Ministerium der Einsamkeit\u2019 at Theater an der Rott in Eggenfelden.<\/p>\n<!-- \/wp:paragraph -->\n\n<!-- wp:paragraph {\"fontSize\":\"medium\"} -->\n<p class=\"has-medium-font-size\">JES! and me<\/p>\n<!-- \/wp:paragraph -->\n\n<!-- wp:paragraph {\"fontSize\":\"medium\"} -->\n<p class=\"has-medium-font-size\">I have been a dramaturge at Junges Ensemble Stuttgart since 2006 and was artistic director of the international festival BRIGHT VIEW together with Brigitte Dethier until 2022. I was also managing director of the Baden-W\u00fcrttemberg Youth Theatre Prize for JES for ten years and one of three spokespersons for the working group of children's and youth theatres in Baden-W\u00fcrttemberg for five years.<\/p>\n<!-- \/wp:paragraph -->\n\n<!-- wp:paragraph {\"fontSize\":\"medium\"} -->\n<p class=\"has-medium-font-size\">CONTACT<\/p>\n<!-- \/wp:paragraph -->\n\n<!-- wp:paragraph {\"fontSize\":\"medium\"} -->\n<p class=\"has-medium-font-size\"><a href=\"mailto:Christian.schoenfelder@jes-stuttgart.de\">Christian.schoenfelder@jes-stuttgart.de<\/a><\/p>\n<!-- \/wp:paragraph -->","post_title":"Christian Sch\u00f6nfelder (he\/him)","post_excerpt":"","post_status":"publish","comment_status":"closed","ping_status":"closed","post_password":"","post_name":"christian-schoenfelder","to_ping":"","pinged":"","post_modified":"2024-10-29 12:33:32","post_modified_gmt":"2024-10-29 11:33:32","post_content_filtered":"","post_parent":0,"guid":"https:\/\/www.jes-stuttgart.de\/person\/christian-schoenfelder\/","menu_order":236,"post_type":"person","post_mime_type":"","comment_count":"0","filter":"raw"}],"cast_person_additional":""},{"cast_position":"Theaterp\u00e4dagogik","cast_person":[{"ID":26451,"post_author":"13","post_date":"2024-09-23 14:45:10","post_date_gmt":"2024-09-23 12:45:10","post_content":"<!-- wp:image -->\n<figure class=\"wp-block-image\"><img alt=\"\"\/><\/figure>\n<!-- \/wp:image -->\n\n<!-- wp:paragraph {\"placeholder\":\"Lorem ipsum dolor sit amet, consetetur sadipscing elitr, sed diam nonumy eirmod tempor invidunt ut labore et dolore magna aliquyam erat, sed diam voluptua. At vero eos et accusam et justo duo dolores et ea rebum. Stet clita kasd gubergren, no sea takimata sanctus est Lorem ipsum dolor sit amet. Lorem ipsum dolor sit amet, consetetur sadipscing elitr, sed diam nonumy eirmod tempor invidunt ut labore et dolore magna aliquyam erat, sed diam voluptua. At vero eos et accusam et justo duo dolores et ea rebum. Stet clita kasd gubergren, no sea takimata sanctus est Lorem ipsum dolor sit amet.\",\"lock\":{\"move\":true,\"remove\":false},\"fontSize\":\"medium\"} -->\n<p class=\"has-medium-font-size\">EDUCATION<br>I completed my bachelor's degree in cultural and media education in Ludwigsburg and then studied cultural mediation with focus on theater in Hildesheim.<br><br>OTHER PLACES<br>I spent a year in Bochum between my Abitur and my studies and did internships at the KJTZ in Frankfurt am Main and at Schauspiel Stuttgart during my studies.<br><br>JES! AND ME<br>I've already worked at the bar and box office at JES Theater, I've done an internship in theater education, assisted with productions and helped organize the festival \"Sch\u00f6ne Aussicht 2024\". I got to know JES Theater in 2017 through the \"Club der Schaulustigen\", which I'm managing from this season! Full circle moment!<\/p>\n<!-- \/wp:paragraph -->\n\n<!-- wp:paragraph {\"placeholder\":\"Lorem ipsum dolor sit amet, consetetur sadipscing elitr, sed diam nonumy eirmod tempor invidunt ut labore et dolore magna aliquyam erat, sed diam voluptua. At vero eos et accusam et justo duo dolores et ea rebum. Stet clita kasd gubergren, no sea takimata sanctus est Lorem ipsum dolor sit amet. Lorem ipsum dolor sit amet, consetetur sadipscing elitr, sed diam nonumy eirmod tempor invidunt ut labore et dolore magna aliquyam erat, sed diam voluptua. At vero eos et accusam et justo duo dolores et ea rebum. Stet clita kasd gubergren, no sea takimata sanctus est Lorem ipsum dolor sit amet.\",\"lock\":{\"move\":true,\"remove\":false}} -->\n<p><\/p>\n<!-- \/wp:paragraph -->","post_title":"Marie Herholt (she\/her)","post_excerpt":"","post_status":"publish","comment_status":"closed","ping_status":"closed","post_password":"","post_name":"marie-herholt-she-her","to_ping":"","pinged":"","post_modified":"2025-01-31 11:36:18","post_modified_gmt":"2025-01-31 10:36:18","post_content_filtered":"","post_parent":0,"guid":"https:\/\/www.jes-stuttgart.de\/?post_type=person&#038;p=26451","menu_order":32,"post_type":"person","post_mime_type":"","comment_count":"0","filter":"raw"}],"cast_person_additional":""},{"cast_position":"Assistenz","cast_person":[{"ID":20121,"post_author":"13","post_date":"2023-01-07 13:34:50","post_date_gmt":"2023-01-07 12:34:50","post_content":"<!-- wp:image {\"id\":11314,\"width\":\"601px\",\"height\":\"982px\",\"sizeSlug\":\"full\",\"linkDestination\":\"none\"} -->\n<figure class=\"wp-block-image size-full is-resized\"><img src=\"https:\/\/www.jes-stuttgart.de\/wp-content\/uploads\/gennrich-lin-v-katja-kopic.jpg\" alt=\"\" class=\"wp-image-11314\" style=\"width:601px;height:982px\"\/><figcaption class=\"wp-element-caption\">Foto: Lin Gennrich<\/figcaption><\/figure>\n<!-- \/wp:image -->\n\n<!-- wp:paragraph {\"fontSize\":\"medium\"} -->\n<p class=\"has-medium-font-size\">EDUCATION<br>I was born in Filderstadt in 2004 and grew up in Freiberg am Neckar. I graduated from high school there in spring 2022.<\/p>\n<!-- \/wp:paragraph -->\n\n<!-- wp:paragraph {\"fontSize\":\"medium\"} -->\n<p class=\"has-medium-font-size\">JES! AND ME<br>In the 22\/23 season, I completed my FSJ in theatre education at JES. I was part of the clubs \u2018Die Philosoph*innen\u2019 and \u2018Queer*town\u2019, sat in on the production \u2018Warum das Kind in der Polenta kocht\u2019 and organised the open space format EINMISCHEN with other FSJ volunteers.<\/p>\n<!-- \/wp:paragraph -->\n\n<!-- wp:paragraph {\"fontSize\":\"medium\"} -->\n<p class=\"has-medium-font-size\">From autumn 2023, I will be working at JES as a guest assistant and guest intern on various productions, starting with the solo \u2018All das Sch\u00f6ne\u2019.<\/p>\n<!-- \/wp:paragraph -->\n\n<!-- wp:paragraph {\"fontSize\":\"medium\"} -->\n<p class=\"has-medium-font-size\">ELSEWHERE<\/p>\n<!-- \/wp:paragraph -->\n\n<!-- wp:paragraph {\"fontSize\":\"medium\"} -->\n<p class=\"has-medium-font-size\">In summer 2023, I was part of the production \u2018Auerhaus\u2019 at the Wilhelmatheater in Stuttgart as an assistant director, directed by Brigitte Dethier and acting students from the HMDK.<\/p>\n<!-- \/wp:paragraph -->","post_title":"Lin Gennrich (none)","post_excerpt":"","post_status":"publish","comment_status":"closed","ping_status":"closed","post_password":"","post_name":"lin-gennrich","to_ping":"","pinged":"","post_modified":"2024-10-29 12:47:30","post_modified_gmt":"2024-10-29 11:47:30","post_content_filtered":"","post_parent":0,"guid":"https:\/\/www.jes-stuttgart.de\/person\/lin-gennrich\/","menu_order":135,"post_type":"person","post_mime_type":"","comment_count":"0","filter":"raw"}],"cast_person_additional":""},{"cast_position":"Technik","cast_person":[{"ID":5254,"post_author":"13","post_date":"2022-07-20 20:00:49","post_date_gmt":"2022-07-20 18:00:49","post_content":"<!-- wp:image {\"id\":1921,\"sizeSlug\":\"full\",\"linkDestination\":\"none\"} -->\n<figure class=\"wp-block-image size-full\"><img src=\"https:\/\/www.jes-stuttgart.de\/wp-content\/uploads\/stevengorecki.jpg\" alt=\"\" class=\"wp-image-1921\"\/><\/figure>\n<!-- \/wp:image -->\n\n<!-- wp:paragraph {\"style\":{\"typography\":{\"textTransform\":\"uppercase\"}},\"fontSize\":\"normal\"} -->\n<p class=\"has-normal-font-size\" style=\"text-transform:uppercase\">Education<\/p>\n<!-- \/wp:paragraph -->\n\n<!-- wp:paragraph {\"fontSize\":\"medium\"} -->\n<p class=\"has-medium-font-size\">Originally, I trained as a carpenter.<\/p>\n<!-- \/wp:paragraph -->\n\n<!-- wp:spacer {\"height\":\"20px\"} -->\n<div style=\"height:20px\" aria-hidden=\"true\" class=\"wp-block-spacer\"><\/div>\n<!-- \/wp:spacer -->\n\n<!-- wp:paragraph {\"style\":{\"typography\":{\"textTransform\":\"uppercase\"}},\"fontSize\":\"normal\"} -->\n<p class=\"has-normal-font-size\" style=\"text-transform:uppercase\">Elsewhere<\/p>\n<!-- \/wp:paragraph -->\n\n<!-- wp:paragraph {\"fontSize\":\"medium\"} -->\n<p class=\"has-medium-font-size\">After that I worked first as a stage technician at Nationaltheater Mannheim, then as a self-employed event technician and finally as deputy head of the studio technology department at the Nationaltheater (as an employee of the technical directorate from 2001 to 2007). My responsibilities included the management of the \u201cEvent Technology\u201d department, technical management and event-technical supervision of performance operations in Studio Werkhaus as well as rehearsal operations at the Nationaltheater, as well as special events and guest performance tours and the production management in all four sections of the Nationaltheater.<br>I also took over the technical and spatial conception and supervision of the reconstruction and renovation of the rehearsal stage centre in Mannheim as well as the conception, planning and construction management for the reconstruction of the studio stage, including the complete stage, lighting, sound and building services of all foyers, dressing rooms, storage and prop\/mask rooms. During my time at Nationaltheater Mannheim, I completed various further training courses: Master of Event Technology specialised in stage\/studio as well as lighting, as an electrician for event technology and business economics of the trade.<\/p>\n<!-- \/wp:paragraph -->\n\n<!-- wp:spacer {\"height\":\"20px\"} -->\n<div style=\"height:20px\" aria-hidden=\"true\" class=\"wp-block-spacer\"><\/div>\n<!-- \/wp:spacer -->\n\n<!-- wp:paragraph {\"fontSize\":\"medium\"} -->\n<p class=\"has-medium-font-size\">From 2007 onwards I worked as a self-employed event technician, among others at the Schwetzingen Festival, at Moers Schlosstheater and at the Bayreuth Festival in 2008, 2009 and 2010.<\/p>\n<!-- \/wp:paragraph -->\n\n<!-- wp:spacer {\"height\":\"20px\"} -->\n<div style=\"height:20px\" aria-hidden=\"true\" class=\"wp-block-spacer\"><\/div>\n<!-- \/wp:spacer -->\n\n<!-- wp:paragraph {\"style\":{\"typography\":{\"textTransform\":\"uppercase\"}},\"fontSize\":\"normal\"} -->\n<p class=\"has-normal-font-size\" style=\"text-transform:uppercase\">JES! and me<\/p>\n<!-- \/wp:paragraph -->\n\n<!-- wp:paragraph {\"fontSize\":\"medium\"} -->\n<p class=\"has-medium-font-size\">Since the 2009\/10 season he has been technical director of Junges Ensemble Stuttgart.<\/p>\n<!-- \/wp:paragraph -->\n\n<!-- wp:spacer {\"height\":\"20px\"} -->\n<div style=\"height:20px\" aria-hidden=\"true\" class=\"wp-block-spacer\"><\/div>\n<!-- \/wp:spacer -->\n\n<!-- wp:paragraph {\"fontSize\":\"normal\"} -->\n<p class=\"has-normal-font-size\">CONTACT<\/p>\n<!-- \/wp:paragraph -->\n\n<!-- wp:paragraph {\"fontSize\":\"medium\"} -->\n<p class=\"has-medium-font-size\"><a href=\"mailto:Steven.gorecki@jes-stuttgart.de\">Steven.gorecki@jes-stuttgart.de<\/a><\/p>\n<!-- \/wp:paragraph -->","post_title":"Steven Gorecki (he\/him)","post_excerpt":"","post_status":"publish","comment_status":"closed","ping_status":"closed","post_password":"","post_name":"steven-gorecki","to_ping":"","pinged":"","post_modified":"2024-10-23 15:15:41","post_modified_gmt":"2024-10-23 13:15:41","post_content_filtered":"","post_parent":0,"guid":"https:\/\/www.jes-stuttgart.de\/person\/steven-gorecki\/","menu_order":194,"post_type":"person","post_mime_type":"","comment_count":"0","filter":"raw"},{"ID":5235,"post_author":"13","post_date":"2022-07-20 18:55:23","post_date_gmt":"2022-07-20 16:55:23","post_content":"<!-- wp:image {\"id\":1913,\"sizeSlug\":\"full\",\"linkDestination\":\"none\"} -->\n<figure class=\"wp-block-image size-full\"><img src=\"https:\/\/www.jes-stuttgart.de\/wp-content\/uploads\/juppbertels.jpg\" alt=\"\" class=\"wp-image-1913\"\/><\/figure>\n<!-- \/wp:image -->\n\n<!-- wp:paragraph {\"placeholder\":\"Lorem ipsum dolor sit amet, consetetur sadipscing elitr, sed diam nonumy eirmod tempor invidunt ut labore et dolore magna aliquyam erat, sed diam voluptua. At vero eos et accusam et justo duo dolores et ea rebum. Stet clita kasd gubergren, no sea takimata sanctus est Lorem ipsum dolor sit amet. Lorem ipsum dolor sit amet, consetetur sadipscing elitr, sed diam nonumy eirmod tempor invidunt ut labore et dolore magna aliquyam erat, sed diam voluptua. At vero eos et accusam et justo duo dolores et ea rebum. Stet clita kasd gubergren, no sea takimata sanctus est Lorem ipsum dolor sit amet.\",\"lock\":{\"move\":true,\"remove\":false},\"fontSize\":\"medium\"} -->\n<p class=\"has-medium-font-size\">Sebastian \u201cJupp\u201d Bertels has been supporting the JES technical team since the 2022\/23 season.<\/p>\n<!-- \/wp:paragraph -->\n\n<!-- wp:spacer {\"height\":\"20px\"} -->\n<div style=\"height:20px\" aria-hidden=\"true\" class=\"wp-block-spacer\"><\/div>\n<!-- \/wp:spacer -->\n\n<!-- wp:paragraph {\"fontSize\":\"normal\"} -->\n<p class=\"has-normal-font-size\">CONTACT<\/p>\n<!-- \/wp:paragraph -->\n\n<!-- wp:paragraph {\"fontSize\":\"medium\"} -->\n<p class=\"has-medium-font-size\"><a href=\"mailto:technik@jes-stuttgart.de\">technik@jes-stuttgart.de<\/a><\/p>\n<!-- \/wp:paragraph -->","post_title":"Jupp Bertels (he\/him)","post_excerpt":"","post_status":"publish","comment_status":"closed","ping_status":"closed","post_password":"","post_name":"jupp-bertels","to_ping":"","pinged":"","post_modified":"2024-10-23 10:47:52","post_modified_gmt":"2024-10-23 08:47:52","post_content_filtered":"","post_parent":0,"guid":"https:\/\/www.jes-stuttgart.de\/person\/jupp-bertels\/","menu_order":204,"post_type":"person","post_mime_type":"","comment_count":"0","filter":"raw"},{"ID":5240,"post_author":"13","post_date":"2022-06-30 10:35:03","post_date_gmt":"2022-06-30 08:35:03","post_content":"<!-- wp:image {\"id\":1919,\"sizeSlug\":\"full\",\"linkDestination\":\"none\"} -->\n<figure class=\"wp-block-image size-full\"><img src=\"https:\/\/www.jes-stuttgart.de\/wp-content\/uploads\/melaniebrunner.jpg\" alt=\"\" class=\"wp-image-1919\"\/><\/figure>\n<!-- \/wp:image -->\n\n<!-- wp:paragraph {\"placeholder\":\"Lorem ipsum dolor sit amet, consetetur sadipscing elitr, sed diam nonumy eirmod tempor invidunt ut labore et dolore magna aliquyam erat, sed diam voluptua. At vero eos et accusam et justo duo dolores et ea rebum. Stet clita kasd gubergren, no sea takimata sanctus est Lorem ipsum dolor sit amet. Lorem ipsum dolor sit amet, consetetur sadipscing elitr, sed diam nonumy eirmod tempor invidunt ut labore et dolore magna aliquyam erat, sed diam voluptua. At vero eos et accusam et justo duo dolores et ea rebum. Stet clita kasd gubergren, no sea takimata sanctus est Lorem ipsum dolor sit amet.\",\"lock\":{\"move\":true,\"remove\":false},\"fontSize\":\"medium\"} -->\n<p class=\"has-medium-font-size\">joined the technical and engineering team at JES in the 2016\/17 season.<\/p>\n<!-- \/wp:paragraph -->\n\n<!-- wp:paragraph {\"placeholder\":\"Lorem ipsum dolor sit amet, consetetur sadipscing elitr, sed diam nonumy eirmod tempor invidunt ut labore et dolore magna aliquyam erat, sed diam voluptua. At vero eos et accusam et justo duo dolores et ea rebum. Stet clita kasd gubergren, no sea takimata sanctus est Lorem ipsum dolor sit amet. Lorem ipsum dolor sit amet, consetetur sadipscing elitr, sed diam nonumy eirmod tempor invidunt ut labore et dolore magna aliquyam erat, sed diam voluptua. At vero eos et accusam et justo duo dolores et ea rebum. Stet clita kasd gubergren, no sea takimata sanctus est Lorem ipsum dolor sit amet.\",\"lock\":{\"move\":true,\"remove\":false},\"fontSize\":\"medium\"} -->\n<p class=\"has-medium-font-size\">CONTACT<\/p>\n<!-- \/wp:paragraph -->\n\n<!-- wp:paragraph {\"fontSize\":\"medium\"} -->\n<p class=\"has-medium-font-size\"><a href=\"mailto:technik@jes-stuttgart.de\">technik@jes-stuttgart.de<\/a><\/p>\n<!-- \/wp:paragraph -->","post_title":"Melanie Brunner (she\/her)","post_excerpt":"","post_status":"publish","comment_status":"closed","ping_status":"closed","post_password":"","post_name":"melanie-brunner","to_ping":"","pinged":"","post_modified":"2024-10-23 10:56:21","post_modified_gmt":"2024-10-23 08:56:21","post_content_filtered":"","post_parent":0,"guid":"https:\/\/www.jes-stuttgart.de\/person\/melanie-brunner\/","menu_order":246,"post_type":"person","post_mime_type":"","comment_count":"0","filter":"raw"},{"ID":5266,"post_author":"13","post_date":"2022-07-20 20:27:10","post_date_gmt":"2022-07-20 18:27:10","post_content":"<!-- wp:image {\"id\":1909,\"sizeSlug\":\"full\",\"linkDestination\":\"none\"} -->\n<figure class=\"wp-block-image size-full\"><img src=\"https:\/\/www.jes-stuttgart.de\/wp-content\/uploads\/jankeller.jpg\" alt=\"\" class=\"wp-image-1909\"\/><\/figure>\n<!-- \/wp:image -->\n\n<!-- wp:paragraph {\"placeholder\":\"Lorem ipsum dolor sit amet, consetetur sadipscing elitr, sed diam nonumy eirmod tempor invidunt ut labore et dolore magna aliquyam erat, sed diam voluptua. At vero eos et accusam et justo duo dolores et ea rebum. Stet clita kasd gubergren, no sea takimata sanctus est Lorem ipsum dolor sit amet. Lorem ipsum dolor sit amet, consetetur sadipscing elitr, sed diam nonumy eirmod tempor invidunt ut labore et dolore magna aliquyam erat, sed diam voluptua. At vero eos et accusam et justo duo dolores et ea rebum. Stet clita kasd gubergren, no sea takimata sanctus est Lorem ipsum dolor sit amet.\",\"lock\":{\"move\":true,\"remove\":false},\"fontSize\":\"medium\"} -->\n<p class=\"has-medium-font-size\">works in the JES technical team. He has been deputy technical director since the 2019\/20 season.<\/p>\n<!-- \/wp:paragraph -->\n\n<!-- wp:paragraph -->\n<p><\/p>\n<!-- \/wp:paragraph -->\n\n<!-- wp:paragraph {\"fontSize\":\"normal\"} -->\n<p class=\"has-normal-font-size\">CONTACT<\/p>\n<!-- \/wp:paragraph -->\n\n<!-- wp:paragraph {\"fontSize\":\"medium\"} -->\n<p class=\"has-medium-font-size\"><a href=\"mailto:technik@jes-stuttgart.de\">technik@jes-stuttgart.de<\/a><\/p>\n<!-- \/wp:paragraph -->","post_title":"Jan Keller (he\/him)","post_excerpt":"","post_status":"publish","comment_status":"closed","ping_status":"closed","post_password":"","post_name":"jan-keller","to_ping":"","pinged":"","post_modified":"2024-10-24 10:53:03","post_modified_gmt":"2024-10-24 08:53:03","post_content_filtered":"","post_parent":0,"guid":"https:\/\/www.jes-stuttgart.de\/person\/jan-keller\/","menu_order":179,"post_type":"person","post_mime_type":"","comment_count":"0","filter":"raw"},{"ID":5300,"post_author":"13","post_date":"2022-07-20 21:39:54","post_date_gmt":"2022-07-20 19:39:54","post_content":"<!-- wp:paragraph {\"fontSize\":\"normal\"} -->\n<p class=\"has-normal-font-size\">JES staff member, technician, workshop<\/p>\n<!-- \/wp:paragraph -->\n\n<!-- wp:paragraph {\"fontSize\":\"normal\"} -->\n<p class=\"has-normal-font-size\">Wolfram St\u00f6ckl has been part of the technical team at JES since the 2014\/15 season.<\/p>\n<!-- \/wp:paragraph -->\n\n<!-- wp:paragraph {\"fontSize\":\"normal\"} -->\n<p class=\"has-normal-font-size\">CONTACT<\/p>\n<!-- \/wp:paragraph -->\n\n<!-- wp:paragraph {\"fontSize\":\"normal\"} -->\n<p class=\"has-normal-font-size\"><a href=\"mailto:technik@jes-stuttgart.de\">technik@jes-stuttgart.de<\/a><\/p>\n<!-- \/wp:paragraph -->\n\n<!-- wp:paragraph -->\n<p><\/p>\n<!-- \/wp:paragraph -->","post_title":"Wolfram St\u00f6ckl","post_excerpt":"","post_status":"publish","comment_status":"closed","ping_status":"closed","post_password":"","post_name":"wolfram-stoeckl","to_ping":"","pinged":"","post_modified":"2024-10-23 15:16:00","post_modified_gmt":"2024-10-23 13:16:00","post_content_filtered":"","post_parent":0,"guid":"https:\/\/www.jes-stuttgart.de\/person\/wolfram-stoeckl\/","menu_order":154,"post_type":"person","post_mime_type":"","comment_count":"0","filter":"raw"},{"ID":20155,"post_author":"11","post_date":"2023-11-29 13:45:26","post_date_gmt":"2023-11-29 12:45:26","post_content":"<!-- wp:image -->\n<figure class=\"wp-block-image\"><img alt=\"\"><\/figure>\n<!-- \/wp:image -->\n\n<!-- wp:paragraph {\"placeholder\":\"Lorem ipsum dolor sit amet, consetetur sadipscing elitr, sed diam nonumy eirmod tempor invidunt ut labore et dolore magna aliquyam erat, sed diam voluptua. At vero eos et accusam et justo duo dolores et ea rebum. Stet clita kasd gubergren, no sea takimata sanctus est Lorem ipsum dolor sit amet. Lorem ipsum dolor sit amet, consetetur sadipscing elitr, sed diam nonumy eirmod tempor invidunt ut labore et dolore magna aliquyam erat, sed diam voluptua. At vero eos et accusam et justo duo dolores et ea rebum. Stet clita kasd gubergren, no sea takimata sanctus est Lorem ipsum dolor sit amet.\",\"lock\":{\"move\":true,\"remove\":false}} -->\n<p><\/p>\n<!-- \/wp:paragraph -->","post_title":"Lotte Sommerfeld","post_excerpt":"","post_status":"publish","comment_status":"closed","ping_status":"closed","post_password":"","post_name":"lotte-sommerfeld","to_ping":"","pinged":"","post_modified":"2024-04-17 08:38:11","post_modified_gmt":"2024-04-17 06:38:11","post_content_filtered":"","post_parent":0,"guid":"https:\/\/www.jes-stuttgart.de\/person\/lotte-sommerfeld\/","menu_order":73,"post_type":"person","post_mime_type":"","comment_count":"0","filter":"raw"},{"ID":20139,"post_author":"13","post_date":"2023-11-29 13:08:01","post_date_gmt":"2023-11-29 12:08:01","post_content":"<!-- wp:image -->\n<figure class=\"wp-block-image\"><img alt=\"\"><\/figure>\n<!-- \/wp:image -->\n\n<!-- wp:paragraph {\"placeholder\":\"Lorem ipsum dolor sit amet, consetetur sadipscing elitr, sed diam nonumy eirmod tempor invidunt ut labore et dolore magna aliquyam erat, sed diam voluptua. At vero eos et accusam et justo duo dolores et ea rebum. Stet clita kasd gubergren, no sea takimata sanctus est Lorem ipsum dolor sit amet. Lorem ipsum dolor sit amet, consetetur sadipscing elitr, sed diam nonumy eirmod tempor invidunt ut labore et dolore magna aliquyam erat, sed diam voluptua. At vero eos et accusam et justo duo dolores et ea rebum. Stet clita kasd gubergren, no sea takimata sanctus est Lorem ipsum dolor sit amet.\",\"lock\":{\"move\":true,\"remove\":false}} -->\n<p><\/p>\n<!-- \/wp:paragraph -->","post_title":"Alessandro Mongiovi (he\/him)","post_excerpt":"","post_status":"publish","comment_status":"closed","ping_status":"closed","post_password":"","post_name":"alessandro-mongiovi","to_ping":"","pinged":"","post_modified":"2025-02-13 14:53:50","post_modified_gmt":"2025-02-13 13:53:50","post_content_filtered":"","post_parent":0,"guid":"https:\/\/www.jes-stuttgart.de\/person\/alessandro-mongiovi\/","menu_order":75,"post_type":"person","post_mime_type":"","comment_count":"0","filter":"raw"},{"ID":29478,"post_author":"13","post_date":"2025-09-17 08:46:31","post_date_gmt":"2025-09-17 06:46:31","post_content":"<!-- wp:image {\"id\":30311,\"sizeSlug\":\"full\",\"linkDestination\":\"none\"} -->\n<figure class=\"wp-block-image size-full\"><img src=\"https:\/\/www.jes-stuttgart.de\/wp-content\/uploads\/2kleinjes-treppe-person05-foto-brummer-4.jpg\" alt=\"\" class=\"wp-image-30311\"\/><figcaption class=\"wp-element-caption\">Foto: Sebastian Brummer<\/figcaption><\/figure>\n<!-- \/wp:image -->\n\n<!-- wp:paragraph {\"placeholder\":\"Lorem ipsum dolor sit amet, consetetur sadipscing elitr, sed diam nonumy eirmod tempor invidunt ut labore et dolore magna aliquyam erat, sed diam voluptua. At vero eos et accusam et justo duo dolores et ea rebum. Stet clita kasd gubergren, no sea takimata sanctus est Lorem ipsum dolor sit amet. Lorem ipsum dolor sit amet, consetetur sadipscing elitr, sed diam nonumy eirmod tempor invidunt ut labore et dolore magna aliquyam erat, sed diam voluptua. At vero eos et accusam et justo duo dolores et ea rebum. Stet clita kasd gubergren, no sea takimata sanctus est Lorem ipsum dolor sit amet.\",\"lock\":{\"move\":true,\"remove\":false},\"fontSize\":\"medium\"} -->\n<p class=\"has-medium-font-size\">AUSBILDUNG<br>Meine schulische Laufbahn schloss ich mit der Mittleren Reife an der Liebfrauenschule Sigmaringen ab. Danach habe ich zun\u00e4chst eine Ausbildung zum Koch absolviert und anschlie\u00dfend an der Willi-Burth-Schule in Bad Saulgau die Qualifikation zum Foto- und Medientechniker erworben. Zuletzt habe ich meine Fachkenntnisse mit einer Ausbildung in Veranstaltungstechnik an der ADK (Akademie f\u00fcr darstellende Kunst Ludwigsburg) fundiert und damit einen direkten Schwerpunkt f\u00fcr die Arbeit im Theater- und Kulturbereich gesetzt.<br><br>AN ANDEREN ORTEN<br>Als Gr\u00fcnder und Chef meiner eigenen UG, der hlybmbs UG (haftungsbeschr\u00e4nkt), verwalte ich das Kollektiv HolyBombs, das sich auf das Management und die technische Durchf\u00fchrung von Live-Veranstaltungen konzentriert und einen Ger\u00e4teverleih betreibt. Diese unternehmerische T\u00e4tigkeit hat meine Kompetenzen als Event Techniker in der Praxis gesch\u00e4rft, insbesondere in der technischen Planung und Logistik. Meine Ausbildung in der Gastronomie hat mich zudem in puncto Effizienz und Belastbarkeit geschult. Au\u00dferdem bin ich viel ehrenamtlich t\u00e4tig und helfe gerne, wo ich kann!<br><br>JES! UND ICH<br>Als Veranstaltungstechniker beim Jungen Ensemble Stuttgart verbinde ich meine fundierte Ausbildung in der Veranstaltungstechnik mit meinem Know-how als Foto &amp; Mediendesigner. Das Theater fasziniert mich als Ort, der Technik, Gestaltung und Live-Performance vereint. Ich freue mich darauf, mein technisches Verst\u00e4ndnis, meine Erfahrung im Event-Management und meine gestalterischen F\u00e4higkeiten direkt in die Produktionen des JES einzubringen und die k\u00fcnstlerischen Visionen optimal umzusetzen.<br><br>KONTAKT<br>joscha.loibl@jes-stuttgart.de<\/p>\n<!-- \/wp:paragraph -->","post_title":"Joscha Maria Loibl (er\/ihm)","post_excerpt":"","post_status":"publish","comment_status":"closed","ping_status":"closed","post_password":"","post_name":"joscha-maria-loibl-er-ihm","to_ping":"","pinged":"","post_modified":"2025-10-21 15:54:48","post_modified_gmt":"2025-10-21 13:54:48","post_content_filtered":"","post_parent":0,"guid":"https:\/\/www.jes-stuttgart.de\/?post_type=person&#038;p=29478","menu_order":6,"post_type":"person","post_mime_type":"","comment_count":"0","filter":"raw"},{"ID":29477,"post_author":"13","post_date":"2025-09-17 08:45:42","post_date_gmt":"2025-09-17 06:45:42","post_content":"<!-- wp:image -->\n<figure class=\"wp-block-image\"><img alt=\"\"\/><\/figure>\n<!-- \/wp:image -->\n\n<!-- wp:paragraph {\"placeholder\":\"Lorem ipsum dolor sit amet, consetetur sadipscing elitr, sed diam nonumy eirmod tempor invidunt ut labore et dolore magna aliquyam erat, sed diam voluptua. At vero eos et accusam et justo duo dolores et ea rebum. Stet clita kasd gubergren, no sea takimata sanctus est Lorem ipsum dolor sit amet. Lorem ipsum dolor sit amet, consetetur sadipscing elitr, sed diam nonumy eirmod tempor invidunt ut labore et dolore magna aliquyam erat, sed diam voluptua. At vero eos et accusam et justo duo dolores et ea rebum. Stet clita kasd gubergren, no sea takimata sanctus est Lorem ipsum dolor sit amet.\",\"lock\":{\"move\":true,\"remove\":false}} -->\n<p><\/p>\n<!-- \/wp:paragraph -->","post_title":"Cornelius Kik (er\/ihm)","post_excerpt":"","post_status":"publish","comment_status":"closed","ping_status":"closed","post_password":"","post_name":"cornelius-kik-er-ihm","to_ping":"","pinged":"","post_modified":"2025-10-21 15:57:42","post_modified_gmt":"2025-10-21 13:57:42","post_content_filtered":"","post_parent":0,"guid":"https:\/\/www.jes-stuttgart.de\/?post_type=person&#038;p=29477","menu_order":7,"post_type":"person","post_mime_type":"","comment_count":"0","filter":"raw"}],"cast_person_additional":""},{"cast_position":"Ausstattung","cast_person":[{"ID":5290,"post_author":"13","post_date":"2022-07-07 16:14:19","post_date_gmt":"2022-07-07 14:14:19","post_content":"<!-- wp:image {\"id\":1911,\"sizeSlug\":\"full\",\"linkDestination\":\"none\"} -->\n<figure class=\"wp-block-image size-full\"><img src=\"https:\/\/www.jes-stuttgart.de\/wp-content\/uploads\/juliascholz.jpg\" alt=\"\" class=\"wp-image-1911\"\/><\/figure>\n<!-- \/wp:image -->\n\n<!-- wp:paragraph {\"style\":{\"typography\":{\"textTransform\":\"uppercase\"}},\"fontSize\":\"normal\"} -->\n<p class=\"has-normal-font-size\" style=\"text-transform:uppercase\"><\/p>\n<!-- \/wp:paragraph -->\n\n<!-- wp:paragraph {\"fontSize\":\"medium\"} -->\n<p class=\"has-medium-font-size\">Education<\/p>\n<!-- \/wp:paragraph -->\n\n<!-- wp:paragraph {\"fontSize\":\"medium\"} -->\n<p class=\"has-medium-font-size\">I studied set and costume design at Central St Martin\u02bcs College of Art and Design in London.<\/p>\n<!-- \/wp:paragraph -->\n\n<!-- wp:paragraph {\"fontSize\":\"medium\"} -->\n<p class=\"has-medium-font-size\">Elsewhere<\/p>\n<!-- \/wp:paragraph -->\n\n<!-- wp:paragraph {\"fontSize\":\"medium\"} -->\n<p class=\"has-medium-font-size\">From 1997 to 2002 I worked as a stage design assistant at theatres in Cologne City, Staatstheater and Thalia Theater Hamburg, where I was able to work with directors such as Michael Thalheimer, Stephan Kimmig and Leander Haussmann.<\/p>\n<!-- \/wp:paragraph -->\n\n<!-- wp:paragraph {\"fontSize\":\"medium\"} -->\n<p class=\"has-medium-font-size\">In Hamburg I met the director Jorinde Dr\u00f6se, with whom I created numerous productions as a stage and costume designer from 2002 onwards at theatres such as Schauspiel Bochum, Schauspiel Frankfurt, Schauspiel Leipzig and Volkstheater M\u00fcnchen.<\/p>\n<!-- \/wp:paragraph -->\n\n<!-- wp:paragraph {\"fontSize\":\"medium\"} -->\n<p class=\"has-medium-font-size\">I have also created many stage and costume designs with the directors Sabine Harbeke, Klaus Hemmerle, Alexander Schilling and H\u00fcseyin Michael Circipi at the Heilbronn Theatre, Landestheater Innsbruck and Theater Ingolstadt, among others.<\/p>\n<!-- \/wp:paragraph -->\n\n<!-- wp:paragraph {\"fontSize\":\"medium\"} -->\n<p class=\"has-medium-font-size\">JES! and me<\/p>\n<!-- \/wp:paragraph -->\n\n<!-- wp:paragraph {\"fontSize\":\"medium\"} -->\n<p class=\"has-medium-font-size\">I joined JES in 2018 as head of set design, much to the delight of my sons, with whom I live here in Stuttgart.<\/p>\n<!-- \/wp:paragraph -->\n\n<!-- wp:paragraph {\"fontSize\":\"medium\"} -->\n<p class=\"has-medium-font-size\">CONTACT<\/p>\n<!-- \/wp:paragraph -->\n\n<!-- wp:paragraph {\"fontSize\":\"medium\"} -->\n<p class=\"has-medium-font-size\"><a href=\"mailto:julia.scholz@jes-stuttgart.de\">julia.scholz@jes-stuttgart.de<\/a><\/p>\n<!-- \/wp:paragraph -->","post_title":"Julia Scholz (she\/her)","post_excerpt":"","post_status":"publish","comment_status":"closed","ping_status":"closed","post_password":"","post_name":"julia-scholz","to_ping":"","pinged":"","post_modified":"2024-10-29 12:30:55","post_modified_gmt":"2024-10-29 11:30:55","post_content_filtered":"","post_parent":0,"guid":"https:\/\/www.jes-stuttgart.de\/person\/julia-scholz\/","menu_order":230,"post_type":"person","post_mime_type":"","comment_count":"0","filter":"raw"},{"ID":5232,"post_author":"13","post_date":"2022-07-07 16:15:59","post_date_gmt":"2022-07-07 14:15:59","post_content":"<!-- wp:image {\"id\":1217,\"sizeSlug\":\"full\",\"linkDestination\":\"none\"} -->\n<figure class=\"wp-block-image size-full\"><img src=\"https:\/\/www.jes-stuttgart.de\/wp-content\/uploads\/jsn3450-edited.jpg\" alt=\"\" class=\"wp-image-1217\"\/><\/figure>\n<!-- \/wp:image -->\n\n<!-- wp:paragraph {\"style\":{\"typography\":{\"textTransform\":\"uppercase\"}},\"fontSize\":\"normal\"} -->\n<p class=\"has-normal-font-size\" style=\"text-transform:uppercase\">Education<\/p>\n<!-- \/wp:paragraph -->\n\n<!-- wp:paragraph {\"fontSize\":\"medium\"} -->\n<p class=\"has-medium-font-size\">I came to Stuttgart to study interior design at FHT and stayed here - but not as an interior designer! Pretty soon I was happily letting myself fall into the waters of the theatre seas...<\/p>\n<!-- \/wp:paragraph -->\n\n<!-- wp:paragraph {\"fontSize\":\"medium\"} -->\n<p class=\"has-medium-font-size\">Elsewhere<\/p>\n<!-- \/wp:paragraph -->\n\n<!-- wp:paragraph {\"fontSize\":\"medium\"} -->\n<p class=\"has-medium-font-size\">In addition to the waters of the Staatstheater Stuttgart, the current has also repeatedly driven me further north, e.g. to Hebbel am Ufer in Berlin.<\/p>\n<!-- \/wp:paragraph -->\n\n<!-- wp:paragraph {\"fontSize\":\"medium\"} -->\n<p class=\"has-medium-font-size\">JES! and me<\/p>\n<!-- \/wp:paragraph -->\n\n<!-- wp:paragraph {\"fontSize\":\"medium\"} -->\n<p class=\"has-medium-font-size\">I started at JES as a temporary set sailor, but after immersing myself in other film and theatre worlds, I have always enjoyed sailing back to JES and have been a permanent member of the colourful set team since 2016.<\/p>\n<!-- \/wp:paragraph -->\n\n<!-- wp:paragraph {\"style\":{\"typography\":{\"textTransform\":\"uppercase\"}},\"fontSize\":\"normal\"} -->\n<p class=\"has-normal-font-size\" style=\"text-transform:uppercase\">CONTACT<\/p>\n<!-- \/wp:paragraph -->\n\n<!-- wp:paragraph {\"fontSize\":\"medium\"} -->\n<p class=\"has-medium-font-size\"><a href=\"mailto:ausstattung@jes-stuttgart.de\">ausstattung@jes-stuttgart.de<\/a><\/p>\n<!-- \/wp:paragraph -->","post_title":"Christine Bentele (she\/her)","post_excerpt":"","post_status":"publish","comment_status":"closed","ping_status":"closed","post_password":"","post_name":"christine-bentele","to_ping":"","pinged":"","post_modified":"2024-10-23 10:54:08","post_modified_gmt":"2024-10-23 08:54:08","post_content_filtered":"","post_parent":0,"guid":"https:\/\/www.jes-stuttgart.de\/person\/christine-bentele\/","menu_order":228,"post_type":"person","post_mime_type":"","comment_count":"0","filter":"raw"},{"ID":5292,"post_author":"13","post_date":"2022-07-07 16:19:51","post_date_gmt":"2022-07-07 14:19:51","post_content":"<!-- wp:paragraph {\"style\":{\"typography\":{\"textTransform\":\"uppercase\"}},\"fontSize\":\"normal\"} -->\n<p class=\"has-normal-font-size\" style=\"text-transform:uppercase\"><a href=\"https:\/\/www.jes-stuttgart.de\/personen\/#collapsible-person-573\"><\/a><\/p>\n<!-- \/wp:paragraph -->\n\n<!-- wp:paragraph -->\n<p><\/p>\n<!-- \/wp:paragraph -->\n\n<!-- wp:paragraph {\"fontSize\":\"medium\"} -->\n<p class=\"has-medium-font-size\">Elsewhere<\/p>\n<!-- \/wp:paragraph -->\n\n<!-- wp:paragraph {\"fontSize\":\"medium\"} -->\n<p class=\"has-medium-font-size\">I have been drawn to the theatre since I was a child. My first internship in 2008\/2009 was at JES in the set design department. Since then, I have worked there on and off as a temp.<\/p>\n<!-- \/wp:paragraph -->\n\n<!-- wp:paragraph {\"fontSize\":\"medium\"} -->\n<p class=\"has-medium-font-size\">At Staatstheater Stuttgart, I worked as a costume and set designer for Christian Tschirner and Corinna Harfouch, among others. I also worked there as a production assistant on the international theatre project \u2018Orient Express\u2019. At the Ludwigsburg Film Academy, I was able to immerse myself as a set designer in the world of film. I also worked in the costume department at Altes Schauspielhaus and the Palladium.<\/p>\n<!-- \/wp:paragraph -->\n\n<!-- wp:paragraph {\"fontSize\":\"medium\"} -->\n<p class=\"has-medium-font-size\">My additional expertise includes training as a carpenter, a year studying expressive dance and training as a textile designer in the craft of weaving.<\/p>\n<!-- \/wp:paragraph -->\n\n<!-- wp:paragraph {\"fontSize\":\"medium\"} -->\n<p class=\"has-medium-font-size\">JES! and me<\/p>\n<!-- \/wp:paragraph -->\n\n<!-- wp:paragraph {\"fontSize\":\"medium\"} -->\n<p class=\"has-medium-font-size\">I have been supporting the JES equipment team as a member of staff since the 2021\/2022 season.<\/p>\n<!-- \/wp:paragraph -->\n\n<!-- wp:paragraph {\"fontSize\":\"medium\"} -->\n<p class=\"has-medium-font-size\">CONTACT<\/p>\n<!-- \/wp:paragraph -->\n\n<!-- wp:paragraph {\"fontSize\":\"medium\"} -->\n<p class=\"has-medium-font-size\"><a href=\"mailto:ausstattung@jes-stuttgart.de\">ausstattung@jes-stuttgart.de<\/a><\/p>\n<!-- \/wp:paragraph -->\n\n<!-- wp:paragraph -->\n<p><\/p>\n<!-- \/wp:paragraph -->","post_title":"Friederike Sch\u00fctthoff (she\/her)","post_excerpt":"","post_status":"publish","comment_status":"closed","ping_status":"closed","post_password":"","post_name":"friederike-schuettoff","to_ping":"","pinged":"","post_modified":"2024-10-29 12:28:53","post_modified_gmt":"2024-10-29 11:28:53","post_content_filtered":"","post_parent":0,"guid":"https:\/\/www.jes-stuttgart.de\/person\/friederike-schuettoff\/","menu_order":223,"post_type":"person","post_mime_type":"","comment_count":"0","filter":"raw"},{"ID":26036,"post_author":"13","post_date":"2025-01-09 17:07:59","post_date_gmt":"2025-01-09 16:07:59","post_content":"<!-- wp:image -->\n<figure class=\"wp-block-image\"><img alt=\"\"\/><\/figure>\n<!-- \/wp:image -->\n\n<!-- wp:paragraph {\"placeholder\":\"Lorem ipsum dolor sit amet, consetetur sadipscing elitr, sed diam nonumy eirmod tempor invidunt ut labore et dolore magna aliquyam erat, sed diam voluptua. At vero eos et accusam et justo duo dolores et ea rebum. Stet clita kasd gubergren, no sea takimata sanctus est Lorem ipsum dolor sit amet. Lorem ipsum dolor sit amet, consetetur sadipscing elitr, sed diam nonumy eirmod tempor invidunt ut labore et dolore magna aliquyam erat, sed diam voluptua. At vero eos et accusam et justo duo dolores et ea rebum. Stet clita kasd gubergren, no sea takimata sanctus est Lorem ipsum dolor sit amet.\",\"lock\":{\"move\":true,\"remove\":false}} -->\n<p><\/p>\n<!-- \/wp:paragraph -->","post_title":"Jelena Lom (sie\/ihr)","post_excerpt":"","post_status":"publish","comment_status":"closed","ping_status":"closed","post_password":"","post_name":"jelena-lom","to_ping":"","pinged":"","post_modified":"2025-01-09 17:20:53","post_modified_gmt":"2025-01-09 16:20:53","post_content_filtered":"","post_parent":0,"guid":"https:\/\/www.jes-stuttgart.de\/?post_type=person&#038;p=26036","menu_order":24,"post_type":"person","post_mime_type":"","comment_count":"0","filter":"raw"},{"ID":25577,"post_author":"13","post_date":"2024-12-10 11:02:00","post_date_gmt":"2024-12-10 10:02:00","post_content":"<!-- wp:image {\"id\":25578,\"sizeSlug\":\"full\",\"linkDestination\":\"none\"} -->\n<figure class=\"wp-block-image size-full\"><img src=\"https:\/\/www.jes-stuttgart.de\/wp-content\/uploads\/dsc00281.jpg\" alt=\"\" class=\"wp-image-25578\"\/><figcaption class=\"wp-element-caption\">Foto: Alicia Hoffmann<\/figcaption><\/figure>\n<!-- \/wp:image -->\n\n<!-- wp:paragraph {\"placeholder\":\"Lorem ipsum dolor sit amet, consetetur sadipscing elitr, sed diam nonumy eirmod tempor invidunt ut labore et dolore magna aliquyam erat, sed diam voluptua. At vero eos et accusam et justo duo dolores et ea rebum. Stet clita kasd gubergren, no sea takimata sanctus est Lorem ipsum dolor sit amet. Lorem ipsum dolor sit amet, consetetur sadipscing elitr, sed diam nonumy eirmod tempor invidunt ut labore et dolore magna aliquyam erat, sed diam voluptua. At vero eos et accusam et justo duo dolores et ea rebum. Stet clita kasd gubergren, no sea takimata sanctus est Lorem ipsum dolor sit amet.\",\"lock\":{\"move\":true,\"remove\":false},\"fontSize\":\"medium\"} -->\n<p class=\"has-medium-font-size\"><br>KONTAKT<br>ausstattung@jes-stuttgart.de<\/p>\n<!-- \/wp:paragraph -->\n\n<!-- wp:paragraph {\"placeholder\":\"Lorem ipsum dolor sit amet, consetetur sadipscing elitr, sed diam nonumy eirmod tempor invidunt ut labore et dolore magna aliquyam erat, sed diam voluptua. At vero eos et accusam et justo duo dolores et ea rebum. Stet clita kasd gubergren, no sea takimata sanctus est Lorem ipsum dolor sit amet. Lorem ipsum dolor sit amet, consetetur sadipscing elitr, sed diam nonumy eirmod tempor invidunt ut labore et dolore magna aliquyam erat, sed diam voluptua. At vero eos et accusam et justo duo dolores et ea rebum. Stet clita kasd gubergren, no sea takimata sanctus est Lorem ipsum dolor sit amet.\",\"lock\":{\"move\":true,\"remove\":false}} -->\n<p><\/p>\n<!-- \/wp:paragraph -->","post_title":"Madeleine Stuckenbrock (sie\/ihr)","post_excerpt":"","post_status":"publish","comment_status":"closed","ping_status":"closed","post_password":"","post_name":"madeleine-stuckenbrock-sie-ihr","to_ping":"","pinged":"","post_modified":"2024-12-10 11:05:05","post_modified_gmt":"2024-12-10 10:05:05","post_content_filtered":"","post_parent":0,"guid":"https:\/\/www.jes-stuttgart.de\/?post_type=person&#038;p=25577","menu_order":27,"post_type":"person","post_mime_type":"","comment_count":"0","filter":"raw"}],"cast_person_additional":""},{"cast_position":"","cast_person":"","cast_person_additional":""}]},"_links":{"self":[{"href":"https:\/\/www.jes-stuttgart.de\/en\/wp-json\/wp\/v2\/posts\/29070","targetHints":{"allow":["GET"]}}],"collection":[{"href":"https:\/\/www.jes-stuttgart.de\/en\/wp-json\/wp\/v2\/posts"}],"about":[{"href":"https:\/\/www.jes-stuttgart.de\/en\/wp-json\/wp\/v2\/types\/post"}],"author":[{"embeddable":true,"href":"https:\/\/www.jes-stuttgart.de\/en\/wp-json\/wp\/v2\/users\/13"}],"replies":[{"embeddable":true,"href":"https:\/\/www.jes-stuttgart.de\/en\/wp-json\/wp\/v2\/comments?post=29070"}],"version-history":[{"count":4,"href":"https:\/\/www.jes-stuttgart.de\/en\/wp-json\/wp\/v2\/posts\/29070\/revisions"}],"predecessor-version":[{"id":29880,"href":"https:\/\/www.jes-stuttgart.de\/en\/wp-json\/wp\/v2\/posts\/29070\/revisions\/29880"}],"wp:featuredmedia":[{"embeddable":true,"href":"https:\/\/www.jes-stuttgart.de\/en\/wp-json\/wp\/v2\/media\/34047"}],"wp:attachment":[{"href":"https:\/\/www.jes-stuttgart.de\/en\/wp-json\/wp\/v2\/media?parent=29070"}],"wp:term":[{"taxonomy":"category","embeddable":true,"href":"https:\/\/www.jes-stuttgart.de\/en\/wp-json\/wp\/v2\/categories?post=29070"},{"taxonomy":"post_tag","embeddable":true,"href":"https:\/\/www.jes-stuttgart.de\/en\/wp-json\/wp\/v2\/tags?post=29070"},{"taxonomy":"age","embeddable":true,"href":"https:\/\/www.jes-stuttgart.de\/en\/wp-json\/wp\/v2\/age?post=29070"}],"curies":[{"name":"wp","href":"https:\/\/api.w.org\/{rel}","templated":true}]}}