{"id":5344,"date":"2022-06-29T17:51:03","date_gmt":"2022-06-29T15:51:03","guid":{"rendered":"https:\/\/www.jes-stuttgart.de\/oma-monika-ua\/"},"modified":"2024-04-17T13:45:12","modified_gmt":"2024-04-17T11:45:12","slug":"oma-monika-ua","status":"publish","type":"post","link":"https:\/\/www.jes-stuttgart.de\/en\/oma-monika-ua\/","title":{"rendered":"Grandma Monika \u2013 what happened?"},"content":{"rendered":"<div  class=\"wp-block-subtitle is-relative\"><p>By Milan Gather<\/p><\/div>\n\n\n<div style=\"height:20px\" aria-hidden=\"true\" class=\"wp-block-spacer\"><\/div>\n\n\n<div  class=\"wp-block-gallery is-relative is-full-width p-0 splide\"  data-gallery=\"\"><div class=\"splide__arrows\"><button class=\"splide__arrow splide__arrow--prev\">Prev<\/button><button class=\"splide__arrow splide__arrow--next\">Next<\/button><\/div><div class=\"splide__track is-full-height is-full-width\"><div class=\"splide__list is-full-height m-0\">\n<div  id=\"block_6dca2c3894fc4f001d45e514f67350c5\" class=\"wp-block-slide splide__slide is-full-width is-full-height is-clipped is-flex is-flex-wrap-wrap is-justify-content-center is-align-items-center\">\n\n<figure class=\"wp-block-image size-full\"><img loading=\"lazy\" decoding=\"async\" width=\"2560\" height=\"1707\" src=\"https:\/\/www.jes-stuttgart.de\/wp-content\/uploads\/jes_oma-monika_foto-alex-wunsch_4_dethier-kempf-2.jpg\" alt=\"\" class=\"wp-image-6542\" srcset=\"https:\/\/www.jes-stuttgart.de\/wp-content\/uploads\/jes_oma-monika_foto-alex-wunsch_4_dethier-kempf-2.jpg 2560w, https:\/\/www.jes-stuttgart.de\/wp-content\/uploads\/jes_oma-monika_foto-alex-wunsch_4_dethier-kempf-2-1280x854.jpg 1280w, https:\/\/www.jes-stuttgart.de\/wp-content\/uploads\/jes_oma-monika_foto-alex-wunsch_4_dethier-kempf-2-200x133.jpg 200w, https:\/\/www.jes-stuttgart.de\/wp-content\/uploads\/jes_oma-monika_foto-alex-wunsch_4_dethier-kempf-2-768x512.jpg 768w, https:\/\/www.jes-stuttgart.de\/wp-content\/uploads\/jes_oma-monika_foto-alex-wunsch_4_dethier-kempf-2-1536x1024.jpg 1536w, https:\/\/www.jes-stuttgart.de\/wp-content\/uploads\/jes_oma-monika_foto-alex-wunsch_4_dethier-kempf-2-2048x1366.jpg 2048w, https:\/\/www.jes-stuttgart.de\/wp-content\/uploads\/jes_oma-monika_foto-alex-wunsch_4_dethier-kempf-2-1920x1280.jpg 1920w, https:\/\/www.jes-stuttgart.de\/wp-content\/uploads\/jes_oma-monika_foto-alex-wunsch_4_dethier-kempf-2-1440x960.jpg 1440w, https:\/\/www.jes-stuttgart.de\/wp-content\/uploads\/jes_oma-monika_foto-alex-wunsch_4_dethier-kempf-2-1024x683.jpg 1024w, https:\/\/www.jes-stuttgart.de\/wp-content\/uploads\/jes_oma-monika_foto-alex-wunsch_4_dethier-kempf-2-640x427.jpg 640w, https:\/\/www.jes-stuttgart.de\/wp-content\/uploads\/jes_oma-monika_foto-alex-wunsch_4_dethier-kempf-2-320x213.jpg 320w\" sizes=\"auto, (max-width: 2560px) 100vw, 2560px\" \/><figcaption class=\"wp-element-caption\">Photo: Alex Wunsch<\/figcaption><\/figure>\n\n<\/div>\n\n<div  id=\"block_6dca2c3894fc4f001d45e514f67350c5\" class=\"wp-block-slide splide__slide is-full-width is-full-height is-clipped is-flex is-flex-wrap-wrap is-justify-content-center is-align-items-center\">\n\n<figure class=\"wp-block-image size-full\"><img loading=\"lazy\" decoding=\"async\" width=\"2250\" height=\"1500\" src=\"https:\/\/www.jes-stuttgart.de\/wp-content\/uploads\/jes_oma-monika_foto-alex-wunsch_2_kempf-dethier-3.jpg\" alt=\"\" class=\"wp-image-6538\" srcset=\"https:\/\/www.jes-stuttgart.de\/wp-content\/uploads\/jes_oma-monika_foto-alex-wunsch_2_kempf-dethier-3.jpg 2250w, https:\/\/www.jes-stuttgart.de\/wp-content\/uploads\/jes_oma-monika_foto-alex-wunsch_2_kempf-dethier-3-1280x853.jpg 1280w, https:\/\/www.jes-stuttgart.de\/wp-content\/uploads\/jes_oma-monika_foto-alex-wunsch_2_kempf-dethier-3-200x133.jpg 200w, https:\/\/www.jes-stuttgart.de\/wp-content\/uploads\/jes_oma-monika_foto-alex-wunsch_2_kempf-dethier-3-768x512.jpg 768w, https:\/\/www.jes-stuttgart.de\/wp-content\/uploads\/jes_oma-monika_foto-alex-wunsch_2_kempf-dethier-3-1536x1024.jpg 1536w, https:\/\/www.jes-stuttgart.de\/wp-content\/uploads\/jes_oma-monika_foto-alex-wunsch_2_kempf-dethier-3-2048x1365.jpg 2048w, https:\/\/www.jes-stuttgart.de\/wp-content\/uploads\/jes_oma-monika_foto-alex-wunsch_2_kempf-dethier-3-1920x1280.jpg 1920w, https:\/\/www.jes-stuttgart.de\/wp-content\/uploads\/jes_oma-monika_foto-alex-wunsch_2_kempf-dethier-3-1440x960.jpg 1440w, https:\/\/www.jes-stuttgart.de\/wp-content\/uploads\/jes_oma-monika_foto-alex-wunsch_2_kempf-dethier-3-1024x683.jpg 1024w, https:\/\/www.jes-stuttgart.de\/wp-content\/uploads\/jes_oma-monika_foto-alex-wunsch_2_kempf-dethier-3-640x427.jpg 640w, https:\/\/www.jes-stuttgart.de\/wp-content\/uploads\/jes_oma-monika_foto-alex-wunsch_2_kempf-dethier-3-320x213.jpg 320w\" sizes=\"auto, (max-width: 2250px) 100vw, 2250px\" \/><figcaption class=\"wp-element-caption\">Photo: Alex Wunsch<\/figcaption><\/figure>\n\n<\/div>\n\n<div  id=\"block_6dca2c3894fc4f001d45e514f67350c5\" class=\"wp-block-slide splide__slide is-full-width is-full-height is-clipped is-flex is-flex-wrap-wrap is-justify-content-center is-align-items-center\">\n\n<figure class=\"wp-block-image size-full\"><img loading=\"lazy\" decoding=\"async\" width=\"2560\" height=\"1707\" src=\"https:\/\/www.jes-stuttgart.de\/wp-content\/uploads\/jes_oma-monika_foto-alex-wunsch_1_kempf-dethier_1.jpg\" alt=\"\" class=\"wp-image-6532\" srcset=\"https:\/\/www.jes-stuttgart.de\/wp-content\/uploads\/jes_oma-monika_foto-alex-wunsch_1_kempf-dethier_1.jpg 2560w, https:\/\/www.jes-stuttgart.de\/wp-content\/uploads\/jes_oma-monika_foto-alex-wunsch_1_kempf-dethier_1-1280x854.jpg 1280w, https:\/\/www.jes-stuttgart.de\/wp-content\/uploads\/jes_oma-monika_foto-alex-wunsch_1_kempf-dethier_1-200x133.jpg 200w, https:\/\/www.jes-stuttgart.de\/wp-content\/uploads\/jes_oma-monika_foto-alex-wunsch_1_kempf-dethier_1-768x512.jpg 768w, https:\/\/www.jes-stuttgart.de\/wp-content\/uploads\/jes_oma-monika_foto-alex-wunsch_1_kempf-dethier_1-1536x1024.jpg 1536w, https:\/\/www.jes-stuttgart.de\/wp-content\/uploads\/jes_oma-monika_foto-alex-wunsch_1_kempf-dethier_1-2048x1366.jpg 2048w, https:\/\/www.jes-stuttgart.de\/wp-content\/uploads\/jes_oma-monika_foto-alex-wunsch_1_kempf-dethier_1-1920x1280.jpg 1920w, https:\/\/www.jes-stuttgart.de\/wp-content\/uploads\/jes_oma-monika_foto-alex-wunsch_1_kempf-dethier_1-1440x960.jpg 1440w, https:\/\/www.jes-stuttgart.de\/wp-content\/uploads\/jes_oma-monika_foto-alex-wunsch_1_kempf-dethier_1-1024x683.jpg 1024w, https:\/\/www.jes-stuttgart.de\/wp-content\/uploads\/jes_oma-monika_foto-alex-wunsch_1_kempf-dethier_1-640x427.jpg 640w, https:\/\/www.jes-stuttgart.de\/wp-content\/uploads\/jes_oma-monika_foto-alex-wunsch_1_kempf-dethier_1-320x213.jpg 320w\" sizes=\"auto, (max-width: 2560px) 100vw, 2560px\" \/><figcaption class=\"wp-element-caption\">Photo: Alex Wunsch<\/figcaption><\/figure>\n\n<\/div>\n\n<div  id=\"block_6dca2c3894fc4f001d45e514f67350c5\" class=\"wp-block-slide splide__slide is-full-width is-full-height is-clipped is-flex is-flex-wrap-wrap is-justify-content-center is-align-items-center\">\n\n<figure class=\"wp-block-image size-full\"><img loading=\"lazy\" decoding=\"async\" width=\"2560\" height=\"1707\" src=\"https:\/\/www.jes-stuttgart.de\/wp-content\/uploads\/jes_oma-monika_foto-alex-wunsch_3_kempf-dethier-1.jpg\" alt=\"\" class=\"wp-image-6540\" srcset=\"https:\/\/www.jes-stuttgart.de\/wp-content\/uploads\/jes_oma-monika_foto-alex-wunsch_3_kempf-dethier-1.jpg 2560w, https:\/\/www.jes-stuttgart.de\/wp-content\/uploads\/jes_oma-monika_foto-alex-wunsch_3_kempf-dethier-1-1280x854.jpg 1280w, https:\/\/www.jes-stuttgart.de\/wp-content\/uploads\/jes_oma-monika_foto-alex-wunsch_3_kempf-dethier-1-200x133.jpg 200w, https:\/\/www.jes-stuttgart.de\/wp-content\/uploads\/jes_oma-monika_foto-alex-wunsch_3_kempf-dethier-1-768x512.jpg 768w, https:\/\/www.jes-stuttgart.de\/wp-content\/uploads\/jes_oma-monika_foto-alex-wunsch_3_kempf-dethier-1-1536x1024.jpg 1536w, https:\/\/www.jes-stuttgart.de\/wp-content\/uploads\/jes_oma-monika_foto-alex-wunsch_3_kempf-dethier-1-2048x1366.jpg 2048w, https:\/\/www.jes-stuttgart.de\/wp-content\/uploads\/jes_oma-monika_foto-alex-wunsch_3_kempf-dethier-1-1920x1280.jpg 1920w, https:\/\/www.jes-stuttgart.de\/wp-content\/uploads\/jes_oma-monika_foto-alex-wunsch_3_kempf-dethier-1-1440x960.jpg 1440w, https:\/\/www.jes-stuttgart.de\/wp-content\/uploads\/jes_oma-monika_foto-alex-wunsch_3_kempf-dethier-1-1024x683.jpg 1024w, https:\/\/www.jes-stuttgart.de\/wp-content\/uploads\/jes_oma-monika_foto-alex-wunsch_3_kempf-dethier-1-640x427.jpg 640w, https:\/\/www.jes-stuttgart.de\/wp-content\/uploads\/jes_oma-monika_foto-alex-wunsch_3_kempf-dethier-1-320x213.jpg 320w\" sizes=\"auto, (max-width: 2560px) 100vw, 2560px\" \/><figcaption class=\"wp-element-caption\">Photo: Alex Wunsch<\/figcaption><\/figure>\n\n<\/div>\n\n<div  id=\"block_6dca2c3894fc4f001d45e514f67350c5\" class=\"wp-block-slide splide__slide is-full-width is-full-height is-clipped is-flex is-flex-wrap-wrap is-justify-content-center is-align-items-center\">\n\n<figure class=\"wp-block-image size-full\"><img loading=\"lazy\" decoding=\"async\" width=\"2560\" height=\"1707\" src=\"https:\/\/www.jes-stuttgart.de\/wp-content\/uploads\/jes_oma-monika_foto-alex-wunsch_5_dethier-1.jpg\" alt=\"\" class=\"wp-image-6544\" srcset=\"https:\/\/www.jes-stuttgart.de\/wp-content\/uploads\/jes_oma-monika_foto-alex-wunsch_5_dethier-1.jpg 2560w, https:\/\/www.jes-stuttgart.de\/wp-content\/uploads\/jes_oma-monika_foto-alex-wunsch_5_dethier-1-1280x854.jpg 1280w, https:\/\/www.jes-stuttgart.de\/wp-content\/uploads\/jes_oma-monika_foto-alex-wunsch_5_dethier-1-200x133.jpg 200w, https:\/\/www.jes-stuttgart.de\/wp-content\/uploads\/jes_oma-monika_foto-alex-wunsch_5_dethier-1-768x512.jpg 768w, https:\/\/www.jes-stuttgart.de\/wp-content\/uploads\/jes_oma-monika_foto-alex-wunsch_5_dethier-1-1536x1024.jpg 1536w, https:\/\/www.jes-stuttgart.de\/wp-content\/uploads\/jes_oma-monika_foto-alex-wunsch_5_dethier-1-2048x1366.jpg 2048w, https:\/\/www.jes-stuttgart.de\/wp-content\/uploads\/jes_oma-monika_foto-alex-wunsch_5_dethier-1-1920x1280.jpg 1920w, https:\/\/www.jes-stuttgart.de\/wp-content\/uploads\/jes_oma-monika_foto-alex-wunsch_5_dethier-1-1440x960.jpg 1440w, https:\/\/www.jes-stuttgart.de\/wp-content\/uploads\/jes_oma-monika_foto-alex-wunsch_5_dethier-1-1024x683.jpg 1024w, https:\/\/www.jes-stuttgart.de\/wp-content\/uploads\/jes_oma-monika_foto-alex-wunsch_5_dethier-1-640x427.jpg 640w, https:\/\/www.jes-stuttgart.de\/wp-content\/uploads\/jes_oma-monika_foto-alex-wunsch_5_dethier-1-320x213.jpg 320w\" sizes=\"auto, (max-width: 2560px) 100vw, 2560px\" \/><figcaption class=\"wp-element-caption\">Photo: Alex Wunsch<\/figcaption><\/figure>\n\n<\/div>\n\n<div  id=\"block_6dca2c3894fc4f001d45e514f67350c5\" class=\"wp-block-slide splide__slide is-full-width is-full-height is-clipped is-flex is-flex-wrap-wrap is-justify-content-center is-align-items-center\">\n\n<figure class=\"wp-block-image size-full\"><img loading=\"lazy\" decoding=\"async\" width=\"2560\" height=\"1707\" src=\"https:\/\/www.jes-stuttgart.de\/wp-content\/uploads\/jes_oma-monika_foto-alex-wunsch_6_dethier-kempf-1.jpg\" alt=\"\" class=\"wp-image-6546\" srcset=\"https:\/\/www.jes-stuttgart.de\/wp-content\/uploads\/jes_oma-monika_foto-alex-wunsch_6_dethier-kempf-1.jpg 2560w, https:\/\/www.jes-stuttgart.de\/wp-content\/uploads\/jes_oma-monika_foto-alex-wunsch_6_dethier-kempf-1-1280x854.jpg 1280w, https:\/\/www.jes-stuttgart.de\/wp-content\/uploads\/jes_oma-monika_foto-alex-wunsch_6_dethier-kempf-1-200x133.jpg 200w, https:\/\/www.jes-stuttgart.de\/wp-content\/uploads\/jes_oma-monika_foto-alex-wunsch_6_dethier-kempf-1-768x512.jpg 768w, https:\/\/www.jes-stuttgart.de\/wp-content\/uploads\/jes_oma-monika_foto-alex-wunsch_6_dethier-kempf-1-1536x1024.jpg 1536w, https:\/\/www.jes-stuttgart.de\/wp-content\/uploads\/jes_oma-monika_foto-alex-wunsch_6_dethier-kempf-1-2048x1366.jpg 2048w, https:\/\/www.jes-stuttgart.de\/wp-content\/uploads\/jes_oma-monika_foto-alex-wunsch_6_dethier-kempf-1-1920x1280.jpg 1920w, https:\/\/www.jes-stuttgart.de\/wp-content\/uploads\/jes_oma-monika_foto-alex-wunsch_6_dethier-kempf-1-1440x960.jpg 1440w, https:\/\/www.jes-stuttgart.de\/wp-content\/uploads\/jes_oma-monika_foto-alex-wunsch_6_dethier-kempf-1-1024x683.jpg 1024w, https:\/\/www.jes-stuttgart.de\/wp-content\/uploads\/jes_oma-monika_foto-alex-wunsch_6_dethier-kempf-1-640x427.jpg 640w, https:\/\/www.jes-stuttgart.de\/wp-content\/uploads\/jes_oma-monika_foto-alex-wunsch_6_dethier-kempf-1-320x213.jpg 320w\" sizes=\"auto, (max-width: 2560px) 100vw, 2560px\" \/><figcaption class=\"wp-element-caption\">Photo: Alex Wunsch<\/figcaption><\/figure>\n\n<\/div>\n\n<div  id=\"block_6dca2c3894fc4f001d45e514f67350c5\" class=\"wp-block-slide splide__slide is-full-width is-full-height is-clipped is-flex is-flex-wrap-wrap is-justify-content-center is-align-items-center\">\n\n<figure class=\"wp-block-image size-full\"><img loading=\"lazy\" decoding=\"async\" width=\"2560\" height=\"1707\" src=\"https:\/\/www.jes-stuttgart.de\/wp-content\/uploads\/jes_oma-monika_foto-alex-wunsch_7_kempf-1.jpg\" alt=\"\" class=\"wp-image-6548\" srcset=\"https:\/\/www.jes-stuttgart.de\/wp-content\/uploads\/jes_oma-monika_foto-alex-wunsch_7_kempf-1.jpg 2560w, https:\/\/www.jes-stuttgart.de\/wp-content\/uploads\/jes_oma-monika_foto-alex-wunsch_7_kempf-1-1280x854.jpg 1280w, https:\/\/www.jes-stuttgart.de\/wp-content\/uploads\/jes_oma-monika_foto-alex-wunsch_7_kempf-1-200x133.jpg 200w, https:\/\/www.jes-stuttgart.de\/wp-content\/uploads\/jes_oma-monika_foto-alex-wunsch_7_kempf-1-768x512.jpg 768w, https:\/\/www.jes-stuttgart.de\/wp-content\/uploads\/jes_oma-monika_foto-alex-wunsch_7_kempf-1-1536x1024.jpg 1536w, https:\/\/www.jes-stuttgart.de\/wp-content\/uploads\/jes_oma-monika_foto-alex-wunsch_7_kempf-1-2048x1366.jpg 2048w, https:\/\/www.jes-stuttgart.de\/wp-content\/uploads\/jes_oma-monika_foto-alex-wunsch_7_kempf-1-1920x1280.jpg 1920w, https:\/\/www.jes-stuttgart.de\/wp-content\/uploads\/jes_oma-monika_foto-alex-wunsch_7_kempf-1-1440x960.jpg 1440w, https:\/\/www.jes-stuttgart.de\/wp-content\/uploads\/jes_oma-monika_foto-alex-wunsch_7_kempf-1-1024x683.jpg 1024w, https:\/\/www.jes-stuttgart.de\/wp-content\/uploads\/jes_oma-monika_foto-alex-wunsch_7_kempf-1-640x427.jpg 640w, https:\/\/www.jes-stuttgart.de\/wp-content\/uploads\/jes_oma-monika_foto-alex-wunsch_7_kempf-1-320x213.jpg 320w\" sizes=\"auto, (max-width: 2560px) 100vw, 2560px\" \/><figcaption class=\"wp-element-caption\">Photo: Alex Wunsch<\/figcaption><\/figure>\n\n<\/div>\n\n<div  id=\"block_6dca2c3894fc4f001d45e514f67350c5\" class=\"wp-block-slide splide__slide is-full-width is-full-height is-clipped is-flex is-flex-wrap-wrap is-justify-content-center is-align-items-center\">\n\n<figure class=\"wp-block-image size-full\"><img loading=\"lazy\" decoding=\"async\" width=\"2560\" height=\"1707\" src=\"https:\/\/www.jes-stuttgart.de\/wp-content\/uploads\/jes_oma-monika_foto-alex-wunsch_8_dethier-kempf-1.jpg\" alt=\"\" class=\"wp-image-6550\" srcset=\"https:\/\/www.jes-stuttgart.de\/wp-content\/uploads\/jes_oma-monika_foto-alex-wunsch_8_dethier-kempf-1.jpg 2560w, https:\/\/www.jes-stuttgart.de\/wp-content\/uploads\/jes_oma-monika_foto-alex-wunsch_8_dethier-kempf-1-1280x854.jpg 1280w, https:\/\/www.jes-stuttgart.de\/wp-content\/uploads\/jes_oma-monika_foto-alex-wunsch_8_dethier-kempf-1-200x133.jpg 200w, https:\/\/www.jes-stuttgart.de\/wp-content\/uploads\/jes_oma-monika_foto-alex-wunsch_8_dethier-kempf-1-768x512.jpg 768w, https:\/\/www.jes-stuttgart.de\/wp-content\/uploads\/jes_oma-monika_foto-alex-wunsch_8_dethier-kempf-1-1536x1024.jpg 1536w, https:\/\/www.jes-stuttgart.de\/wp-content\/uploads\/jes_oma-monika_foto-alex-wunsch_8_dethier-kempf-1-2048x1366.jpg 2048w, https:\/\/www.jes-stuttgart.de\/wp-content\/uploads\/jes_oma-monika_foto-alex-wunsch_8_dethier-kempf-1-1920x1280.jpg 1920w, https:\/\/www.jes-stuttgart.de\/wp-content\/uploads\/jes_oma-monika_foto-alex-wunsch_8_dethier-kempf-1-1440x960.jpg 1440w, https:\/\/www.jes-stuttgart.de\/wp-content\/uploads\/jes_oma-monika_foto-alex-wunsch_8_dethier-kempf-1-1024x683.jpg 1024w, https:\/\/www.jes-stuttgart.de\/wp-content\/uploads\/jes_oma-monika_foto-alex-wunsch_8_dethier-kempf-1-640x427.jpg 640w, https:\/\/www.jes-stuttgart.de\/wp-content\/uploads\/jes_oma-monika_foto-alex-wunsch_8_dethier-kempf-1-320x213.jpg 320w\" sizes=\"auto, (max-width: 2560px) 100vw, 2560px\" \/><figcaption class=\"wp-element-caption\">Photo: Alex Wunsch<\/figcaption><\/figure>\n\n<\/div>\n\n<div  id=\"block_6dca2c3894fc4f001d45e514f67350c5\" class=\"wp-block-slide splide__slide is-full-width is-full-height is-clipped is-flex is-flex-wrap-wrap is-justify-content-center is-align-items-center\">\n\n<figure class=\"wp-block-image size-full\"><img loading=\"lazy\" decoding=\"async\" width=\"2560\" height=\"1707\" src=\"https:\/\/www.jes-stuttgart.de\/wp-content\/uploads\/jes_oma-monika_foto-alex-wunsch_9_dethier-kempf-1.jpg\" alt=\"\" class=\"wp-image-6552\" srcset=\"https:\/\/www.jes-stuttgart.de\/wp-content\/uploads\/jes_oma-monika_foto-alex-wunsch_9_dethier-kempf-1.jpg 2560w, https:\/\/www.jes-stuttgart.de\/wp-content\/uploads\/jes_oma-monika_foto-alex-wunsch_9_dethier-kempf-1-1280x854.jpg 1280w, https:\/\/www.jes-stuttgart.de\/wp-content\/uploads\/jes_oma-monika_foto-alex-wunsch_9_dethier-kempf-1-200x133.jpg 200w, https:\/\/www.jes-stuttgart.de\/wp-content\/uploads\/jes_oma-monika_foto-alex-wunsch_9_dethier-kempf-1-768x512.jpg 768w, https:\/\/www.jes-stuttgart.de\/wp-content\/uploads\/jes_oma-monika_foto-alex-wunsch_9_dethier-kempf-1-1536x1024.jpg 1536w, https:\/\/www.jes-stuttgart.de\/wp-content\/uploads\/jes_oma-monika_foto-alex-wunsch_9_dethier-kempf-1-2048x1366.jpg 2048w, https:\/\/www.jes-stuttgart.de\/wp-content\/uploads\/jes_oma-monika_foto-alex-wunsch_9_dethier-kempf-1-1920x1280.jpg 1920w, https:\/\/www.jes-stuttgart.de\/wp-content\/uploads\/jes_oma-monika_foto-alex-wunsch_9_dethier-kempf-1-1440x960.jpg 1440w, https:\/\/www.jes-stuttgart.de\/wp-content\/uploads\/jes_oma-monika_foto-alex-wunsch_9_dethier-kempf-1-1024x683.jpg 1024w, https:\/\/www.jes-stuttgart.de\/wp-content\/uploads\/jes_oma-monika_foto-alex-wunsch_9_dethier-kempf-1-640x427.jpg 640w, https:\/\/www.jes-stuttgart.de\/wp-content\/uploads\/jes_oma-monika_foto-alex-wunsch_9_dethier-kempf-1-320x213.jpg 320w\" sizes=\"auto, (max-width: 2560px) 100vw, 2560px\" \/><figcaption class=\"wp-element-caption\">Photo: Alex Wunsch<\/figcaption><\/figure>\n\n<\/div>\n<\/div><\/div><\/div>\n\n\n<div style=\"height:20px\" aria-hidden=\"true\" class=\"wp-block-spacer\"><\/div>\n\n\n\n<p class=\"has-medium-font-size\">Actually, everything was as it always was. Balthasar spent almost every afternoon with his grandmother Monika, until his parents stopped immersing themselves in work and came to pick him up. But this time they were going to go away on a work trip, so this time Balthasar would spend the night with Grandma Monika ecause Balthasar is with his grandmother so often, he also knows her little secret: her forgetfulness and the trouble she has finding the right words, not only when doing crossword puzzles together.<br><br>On this evening, however, Balthasar notices that his grandmother&#8217;s memories and connections suddenly disappear from her mind more and more often. What happens when she forgets herself at some point? Who, then, was Grandma Monika? Together, grandmother and grandson set off in search of her memories and biographical traces. The kitchen becomes the parcourse of a long and eventful life.<\/p>\n\n\n\n<div style=\"height:20px\" aria-hidden=\"true\" class=\"wp-block-spacer\"><\/div>\n\n\n\n<p class=\"has-primary-color has-text-color has-medium-font-size\">Winner of the Marburg Children&#8217;s and Youth Theatre Prize 2022 as part of the KUSS Festival and the KinderSt\u00fcckePreis of the 47th M\u00fclheim Theatre Days.<\/p>\n\n\n\n<div style=\"height:50px\" aria-hidden=\"true\" class=\"wp-block-spacer\"><\/div>\n\n\n\n<p class=\"has-primary-color has-text-color has-medium-font-size\">Ages 8 and up, grades 3\u20136<br>Duration: 60 minutes<br>Prices: Children\/young adults \u20ac5.50, adults \u20ac8.00 <\/p>\n\n\n\n<div class=\"wp-block-pb-accordion-item c-accordion__item js-accordion-item no-js\" data-initially-open=\"false\" data-click-to-close=\"true\" data-auto-close=\"true\" data-scroll=\"false\" data-scroll-offset=\"0\"><h2 id=\"at-53440\" class=\"c-accordion__title js-accordion-controller\" role=\"button\">Notes on sensory stimuli<\/h2><div id=\"ac-53440\" class=\"c-accordion__content\">\n<p class=\"has-medium-font-size\">The following stimuli appear <strong>in places<\/strong> in the production:<br><br>&#8211; Use of loud music, an electric guitar, microphones and kitchen appliances used as musical instruments.<br>&#8211; Rapid light changes, colorful and dim light and a lamp that flickers. In one scene, circles of light move across the stage.<br>&#8211; A curtain of balls hangs around the stage, making noises and glittering in the light.<br>&#8211; At one moment, rose petals are thrown into the air.<br>&#8211; An actress shows great emotion and throws a cup on the floor in one scene. The cup breaks.<br>&#8211; The audience sits on wooden benches throughout the performance and should keep quiet.<br><br>If you have any concerns or questions, please contact us at <a href=\"mailto:ticket@jes-stuttgart.de\">ticket@jes-stuttgart.de<\/a>.<br>We will be happy to advise you and work out together how we can help.<\/p>\n<\/div><\/div>\n\n\n\n<div style=\"height:20px\" aria-hidden=\"true\" class=\"wp-block-spacer\"><\/div>\n\n\n\n<figure class=\"wp-block-embed is-type-video is-provider-youtube wp-block-embed-youtube wp-embed-aspect-16-9 wp-has-aspect-ratio\"><div class=\"wp-block-embed__wrapper\">\n<iframe loading=\"lazy\" title=\"Oma Monika \/\/ Doku-Trailer\" width=\"500\" height=\"281\" src=\"https:\/\/www.youtube.com\/embed\/5cB2NKXYcPM?feature=oembed\" frameborder=\"0\" allow=\"accelerometer; autoplay; clipboard-write; encrypted-media; gyroscope; picture-in-picture; web-share\" referrerpolicy=\"strict-origin-when-cross-origin\" allowfullscreen><\/iframe>\n<\/div><\/figure>\n","protected":false},"excerpt":{"rendered":"<p>Actually, everything was as it always was. Balthasar spent almost every afternoon with his grandmother Monika, until his parents stopped immersing themselves in work and came to pick him up. But this time they were going to go away on a work trip, so this time Balthasar would spend the night with Grandma Monika ecause [&hellip;]<\/p>\n","protected":false},"author":2,"featured_media":6539,"comment_status":"closed","ping_status":"closed","sticky":false,"template":"","format":"standard","meta":{"_acf_changed":false,"inline_featured_image":false,"footnotes":""},"categories":[2],"tags":[],"age":[106,130,73],"class_list":["post-5344","post","type-post","status-publish","format-standard","has-post-thumbnail","hentry","category-uncategorized","age-middle-school","age-primary-school","age-grades-3-6"],"acf":{"bgcolor":"yellow","dates_no_link_info":false,"dates":[{"date":"17.12.2022 15:00:00","date_availability":false,"date_cancelled":false,"date_info":""},{"date":"18.12.2022 15:00:00","date_availability":false,"date_cancelled":false,"date_info":""},{"date":"24.02.2023 10:00:00","date_availability":false,"date_cancelled":false,"date_info":""},{"date":"25.02.2023 15:00:00","date_availability":false,"date_cancelled":false,"date_info":""}],"cast":[{"cast_position":"Schauspiel","cast_person":[{"ID":5267,"post_author":"2","post_date":"2022-07-20 20:29:02","post_date_gmt":"2022-07-20 18:29:02","post_content":"<!-- wp:image -->\n<figure class=\"wp-block-image\"><img alt=\"\"\/><\/figure>\n<!-- \/wp:image -->\n\n<!-- wp:spacer -->\n<div style=\"height:100px\" aria-hidden=\"true\" class=\"wp-block-spacer\"><\/div>\n<!-- \/wp:spacer -->\n\n<!-- wp:paragraph {\"placeholder\":\"Lorem ipsum dolor sit amet, consetetur sadipscing elitr, sed diam nonumy eirmod tempor invidunt ut labore et dolore magna aliquyam erat, sed diam voluptua. At vero eos et accusam et justo duo dolores et ea rebum. Stet clita kasd gubergren, no sea takimata sanctus est Lorem ipsum dolor sit amet. Lorem ipsum dolor sit amet, consetetur sadipscing elitr, sed diam nonumy eirmod tempor invidunt ut labore et dolore magna aliquyam erat, sed diam voluptua. At vero eos et accusam et justo duo dolores et ea rebum. Stet clita kasd gubergren, no sea takimata sanctus est Lorem ipsum dolor sit amet.\",\"lock\":{\"move\":true,\"remove\":false},\"fontSize\":\"medium\"} -->\n<p class=\"has-medium-font-size\">Sebastian Kempf was born in Munich in 1995. He studied acting in Stuttgart at the University of Music and Performing Arts from 2015 to 2019. In 2018, he performed in Philipp Rosendahl\u2019s \u201cSch\u00f6ne Neue Welt\u201d at Schauspiel Stuttgart and in Kjell Moberg\u2019s production of \u201cbis zum letzten Tanz\u201d at the Wilhelma Theatre. In the 2018\/2019 season he was an ensemble member at the Nationaltheater Mannheim and performed as a regular guest from 2019\/2020. Since 2019 he has been working primarily as a freelance actor for film and television and as a voice actor (including Tatort, the Netflix series \u201cBiohackers\u201d, the feature film \u201cOskar\u2019s Dress\u201d, etc.).<\/p>\n<!-- \/wp:paragraph -->","post_title":"Sebastian Kempf","post_excerpt":"","post_status":"publish","comment_status":"closed","ping_status":"closed","post_password":"","post_name":"sebastian-kempf","to_ping":"","pinged":"","post_modified":"2022-08-18 15:26:09","post_modified_gmt":"2022-08-18 13:26:09","post_content_filtered":"","post_parent":0,"guid":"https:\/\/www.jes-stuttgart.de\/person\/sebastian-kempf\/","menu_order":177,"post_type":"person","post_mime_type":"","comment_count":"0","filter":"raw"}],"cast_person_additional":""},{"cast_position":"Inszenierung","cast_person":[{"ID":5252,"post_author":"13","post_date":"2022-06-30 10:40:32","post_date_gmt":"2022-06-30 08:40:32","post_content":"<!-- wp:image {\"id\":24593,\"sizeSlug\":\"full\",\"linkDestination\":\"none\"} -->\n<figure class=\"wp-block-image size-full\"><img src=\"https:\/\/www.jes-stuttgart.de\/wp-content\/uploads\/milangather-foto-jan-merkle.jpg\" alt=\"\" class=\"wp-image-24593\"\/><\/figure>\n<!-- \/wp:image -->\n\n<!-- wp:spacer -->\n<div style=\"height:100px\" aria-hidden=\"true\" class=\"wp-block-spacer\"><\/div>\n<!-- \/wp:spacer -->\n\n<!-- wp:paragraph {\"fontSize\":\"medium\"} -->\n<p class=\"has-medium-font-size\">Milan Gather was born in Aachen in 1993 and grew up in Dortmund. He developed his first theatre works as part of the directing workshop at Schauspielhaus Bochum and in the independent scene in Leipzig. From 2014 to 2018, he studied acting at the State University of Music and Performing Arts Stuttgart and joined the acting studio at the Stuttgart State Theatre in the 2017\/18 season. He then became a member of the ensemble at JES Stuttgart. There he wrote his first play, \u2018Astronauten\u2019, which was invited to several festivals in 2020 and was awarded the Youth Play Prize at the Heidelberger St\u00fcckemarkt together with the two other invited productions. He also made his directorial debut at JES in 2021 with his second play \u2018OMA MONIKA - was war?\u2019. In 2022, the play won the KinderSt\u00fcckePreis at the 47th M\u00fclheimer Theatertage and 1st prize at the 25th Hessian Children's and Youth Theatre Week KUSS and was translated into several languages. Since the 2022\/23 season, Milan Gather has worked as an author and director at various theatres, including Theater Dortmund, Theater Baden-Baden, Landestheater Marburg, Theater Heidelberg, Theater M\u00fcnster and in the independent scene<\/p>\n<!-- \/wp:paragraph -->","post_title":"Milan Gather (he\/him)","post_excerpt":"","post_status":"publish","comment_status":"closed","ping_status":"closed","post_password":"","post_name":"milan-gather","to_ping":"","pinged":"","post_modified":"2024-10-23 15:20:31","post_modified_gmt":"2024-10-23 13:20:31","post_content_filtered":"","post_parent":0,"guid":"https:\/\/www.jes-stuttgart.de\/person\/milan-gather\/","menu_order":243,"post_type":"person","post_mime_type":"","comment_count":"0","filter":"raw"}],"cast_person_additional":""},{"cast_position":"B\u00fchnenbild","cast_person":[],"cast_person_additional":""},{"cast_position":"Kost\u00fcm","cast_person":[],"cast_person_additional":""},{"cast_position":"Musik","cast_person":[{"ID":5263,"post_author":"2","post_date":"2022-07-20 20:24:57","post_date_gmt":"2022-07-20 18:24:57","post_content":"<!-- wp:image -->\n<figure class=\"wp-block-image\"><img alt=\"\"\/><\/figure>\n<!-- \/wp:image -->\n\n<!-- wp:spacer -->\n<div style=\"height:100px\" aria-hidden=\"true\" class=\"wp-block-spacer\"><\/div>\n<!-- \/wp:spacer -->\n\n<!-- wp:paragraph {\"placeholder\":\"Lorem ipsum dolor sit amet, consetetur sadipscing elitr, sed diam nonumy eirmod tempor invidunt ut labore et dolore magna aliquyam erat, sed diam voluptua. At vero eos et accusam et justo duo dolores et ea rebum. Stet clita kasd gubergren, no sea takimata sanctus est Lorem ipsum dolor sit amet. Lorem ipsum dolor sit amet, consetetur sadipscing elitr, sed diam nonumy eirmod tempor invidunt ut labore et dolore magna aliquyam erat, sed diam voluptua. At vero eos et accusam et justo duo dolores et ea rebum. Stet clita kasd gubergren, no sea takimata sanctus est Lorem ipsum dolor sit amet.\",\"lock\":{\"move\":true,\"remove\":false},\"fontSize\":\"medium\"} -->\n<p class=\"has-medium-font-size\">\u00d6\u011f\u00fcn\u00e7 Kardelen grew up in Izmir, Turkey. After studying opera singing at Dokuz Eyl\u00fcl University, he came to Germany in 2002 and completed his second degree in singing with Prof. Langshaw and postgraduate studies in vocal pedagogy at Musikhochschule K\u00f6ln. Kardelen works as a composer, stage musician and performer at various theatres throughout Germany, including Comedia in Cologne, Staatstheater Mainz, Pfalztheater Kaiserslautern, Deutsches Theater G\u00f6ttingen and Junges Nationaltheater Mannheim. He writes and sings songs in his mother tongue for his indie-folk band \u201cKent Coda\u201d. He is behind the music for the productions \u201cDie beste Geschichte\u201d and \u201cOma Monika - was war?\u201d.<\/p>\n<!-- \/wp:paragraph -->","post_title":"\u00d6\u011f\u00fcn\u00e7 Kardelen","post_excerpt":"","post_status":"publish","comment_status":"closed","ping_status":"closed","post_password":"","post_name":"oeguenc-%ef%bf%bckardelen%ef%bf%bc","to_ping":"","pinged":"","post_modified":"2022-08-18 12:23:58","post_modified_gmt":"2022-08-18 10:23:58","post_content_filtered":"","post_parent":0,"guid":"https:\/\/www.jes-stuttgart.de\/person\/oeguenc-%ef%bf%bckardelen%ef%bf%bc\/","menu_order":183,"post_type":"person","post_mime_type":"","comment_count":"0","filter":"raw"}],"cast_person_additional":""},{"cast_position":"Dramaturgie","cast_person":[{"ID":5291,"post_author":"13","post_date":"2022-07-07 16:11:55","post_date_gmt":"2022-07-07 14:11:55","post_content":"<!-- wp:image {\"id\":1128,\"sizeSlug\":\"full\",\"linkDestination\":\"none\"} -->\n<figure class=\"wp-block-image size-full\"><img src=\"https:\/\/www.jes-stuttgart.de\/wp-content\/uploads\/jsn2815.jpg\" alt=\"\" class=\"wp-image-1128\"\/><\/figure>\n<!-- \/wp:image -->\n\n<!-- wp:paragraph {\"style\":{\"typography\":{\"textTransform\":\"uppercase\"}},\"fontSize\":\"normal\"} -->\n<p class=\"has-normal-font-size\" style=\"text-transform:uppercase\"><a href=\"https:\/\/www.jes-stuttgart.de\/personen\/#collapsible-person-572\"><\/a><\/p>\n<!-- \/wp:paragraph -->\n\n<!-- wp:paragraph {\"fontSize\":\"medium\"} -->\n<p class=\"has-medium-font-size\">Education<\/p>\n<!-- \/wp:paragraph -->\n\n<!-- wp:paragraph {\"fontSize\":\"medium\"} -->\n<p class=\"has-medium-font-size\">I was born in Darmstadt in 1967 and grew up in Wolfenb\u00fcttel near Braunschweig. After a traineeship, several years as a sports editor at the Goslarsche Zeitung and a trip around the world, I studied dramaturgy at adk Ulm.<\/p>\n<!-- \/wp:paragraph -->\n\n<!-- wp:paragraph {\"fontSize\":\"medium\"} -->\n<p class=\"has-medium-font-size\">Elsewhere<\/p>\n<!-- \/wp:paragraph -->\n\n<!-- wp:paragraph {\"fontSize\":\"medium\"} -->\n<p class=\"has-medium-font-size\">I then worked as a dramaturge and partly as a theatre teacher at the children's and youth theatres in Heidelberg (zwinger3) and Mannheim (Schnawwl) as well as at Nationaltheater Mannheim and in the festival management of the International Schiller Days. In addition to my work at JES, I am also a lecturer (including at Stuttgart Drama School), curator and author. Recent world premieres include \u2018Artus!\u2019 at the open-air theatre in Altusried, \u2018Auf \u00d6tzis Spuren\u2019 at Theater des Kindes in Linz and \u2018Das Ministerium der Einsamkeit\u2019 at Theater an der Rott in Eggenfelden.<\/p>\n<!-- \/wp:paragraph -->\n\n<!-- wp:paragraph {\"fontSize\":\"medium\"} -->\n<p class=\"has-medium-font-size\">JES! and me<\/p>\n<!-- \/wp:paragraph -->\n\n<!-- wp:paragraph {\"fontSize\":\"medium\"} -->\n<p class=\"has-medium-font-size\">I have been a dramaturge at Junges Ensemble Stuttgart since 2006 and was artistic director of the international festival BRIGHT VIEW together with Brigitte Dethier until 2022. I was also managing director of the Baden-W\u00fcrttemberg Youth Theatre Prize for JES for ten years and one of three spokespersons for the working group of children's and youth theatres in Baden-W\u00fcrttemberg for five years.<\/p>\n<!-- \/wp:paragraph -->\n\n<!-- wp:paragraph {\"fontSize\":\"medium\"} -->\n<p class=\"has-medium-font-size\">CONTACT<\/p>\n<!-- \/wp:paragraph -->\n\n<!-- wp:paragraph {\"fontSize\":\"medium\"} -->\n<p class=\"has-medium-font-size\"><a href=\"mailto:Christian.schoenfelder@jes-stuttgart.de\">Christian.schoenfelder@jes-stuttgart.de<\/a><\/p>\n<!-- \/wp:paragraph -->","post_title":"Christian Sch\u00f6nfelder (he\/him)","post_excerpt":"","post_status":"publish","comment_status":"closed","ping_status":"closed","post_password":"","post_name":"christian-schoenfelder","to_ping":"","pinged":"","post_modified":"2024-10-29 12:33:32","post_modified_gmt":"2024-10-29 11:33:32","post_content_filtered":"","post_parent":0,"guid":"https:\/\/www.jes-stuttgart.de\/person\/christian-schoenfelder\/","menu_order":236,"post_type":"person","post_mime_type":"","comment_count":"0","filter":"raw"}],"cast_person_additional":""},{"cast_position":"Theaterp\u00e4dagogik","cast_person":[{"ID":5261,"post_author":"2","post_date":"2022-07-20 20:21:33","post_date_gmt":"2022-07-20 18:21:33","post_content":"<!-- wp:image -->\n<figure class=\"wp-block-image\"><img alt=\"\"\/><\/figure>\n<!-- \/wp:image -->\n\n<!-- wp:spacer -->\n<div style=\"height:100px\" aria-hidden=\"true\" class=\"wp-block-spacer\"><\/div>\n<!-- \/wp:spacer -->\n\n<!-- wp:paragraph {\"fontSize\":\"medium\"} -->\n<p class=\"has-medium-font-size\">Daphna Horowitz was born in W\u00fcrzburg in 1997 and grew up in D\u00fcsseldorf. During her childhood and youth she spent a lot of time at Junges Schauspielhaus D\u00fcsseldorf. She was active in the youth club as well as in the improvisation theatre club of Theatersportler*innen. After graduating from high school, she completed a year of voluntary service at Walder Theatertage Solingen and at the same time assisted at the children\u2019s club of Junges Schauspielhaus D\u00fcsseldorf. In 2016, she began her studies in cultural studies and aesthetic practice with the subjects of theatre and media at the University of Hildesheim. There she was part of the student initiative for researching theatre pedagogy (PROBE:B\u00dcHNE Hildesheim), in which she regularly designed workshops for and with her fellow students that playfully tested theatre pedagogical work. One of her student projects was the feminist performance \u201creclaiming hysteria\u201d, in which she dealt with female rage in a collective. In addition, Daphna worked as a freelance theatre pedagogue in various projects of Junges Staatstheater Braunschweig and Cluster e.V. Hildesheim.<br>In the 2021\/22 season, Daphna Horowitz was a permanent theatre pedagogue at Junges Ensemble Stuttgart. Here she worked, among other things, in the kindergarten language support project and was responsible as a leader for various clubs. In addition, she accompanied the production \u201cOma Monika \u2013 was war?\u201d.<\/p>\n<!-- \/wp:paragraph -->","post_title":"Daphna Horowitz","post_excerpt":"","post_status":"publish","comment_status":"closed","ping_status":"closed","post_password":"","post_name":"daphna-horowitz","to_ping":"","pinged":"","post_modified":"2022-08-18 12:22:20","post_modified_gmt":"2022-08-18 10:22:20","post_content_filtered":"","post_parent":0,"guid":"https:\/\/www.jes-stuttgart.de\/person\/daphna-horowitz\/","menu_order":187,"post_type":"person","post_mime_type":"","comment_count":"0","filter":"raw"}],"cast_person_additional":""},{"cast_position":"Licht","cast_person":[],"cast_person_additional":""},{"cast_position":"Assistenz","cast_person":[{"ID":5282,"post_author":"13","post_date":"2022-07-20 21:07:13","post_date_gmt":"2022-07-20 19:07:13","post_content":"<!-- wp:image -->\n<figure class=\"wp-block-image\"><img alt=\"\"\/><\/figure>\n<!-- \/wp:image -->\n\n<!-- wp:spacer -->\n<div style=\"height:100px\" aria-hidden=\"true\" class=\"wp-block-spacer\"><\/div>\n<!-- \/wp:spacer -->\n\n<!-- wp:paragraph {\"placeholder\":\"Lorem ipsum dolor sit amet, consetetur sadipscing elitr, sed diam nonumy eirmod tempor invidunt ut labore et dolore magna aliquyam erat, sed diam voluptua. At vero eos et accusam et justo duo dolores et ea rebum. Stet clita kasd gubergren, no sea takimata sanctus est Lorem ipsum dolor sit amet. Lorem ipsum dolor sit amet, consetetur sadipscing elitr, sed diam nonumy eirmod tempor invidunt ut labore et dolore magna aliquyam erat, sed diam voluptua. At vero eos et accusam et justo duo dolores et ea rebum. Stet clita kasd gubergren, no sea takimata sanctus est Lorem ipsum dolor sit amet.\",\"lock\":{\"move\":true,\"remove\":false},\"fontSize\":\"medium\"} -->\n<p class=\"has-medium-font-size\">Larissa Probst studied cultural studies and cultural mediation at the University of Hildesheim. She has been working as a freelance theatre mediator and director in Stuttgart since 2020. From 2014 to 2018, she researched new participatory modes of staging strategies for young audiences with her theatre collective BwieZack and developed productions with and for hearing and deaf young people. Her productions were performed at Junges Theater G\u00f6ttingen, LOT-Theater in Braunschweig and the Graz Opera, among others. Since 2018, her work has focussed in particular on intergenerational staging concepts and collaborations and their positioning in a discourse critical of adultism. From 2020 to 2023 she was a member of the board of trustees of the Children's and Youth Theatre Centre of the Federal Republic of Germany. Since the 2020\/21 season, Larissa has been a guest assistant director in dance and theatre productions at Junges Ensemble Stuttgart and a theatre educator in the KiTa cooperation project. In 2022, together with Frederic Lilje, she led the artistic collaboration \u2018Kinderarbeitsagentur\u2019. She has been amployed in the dramaturgy department of theatre education since 2024.<br><\/p>\n<!-- \/wp:paragraph -->\n\n<!-- wp:paragraph {\"placeholder\":\"Lorem ipsum dolor sit amet, consetetur sadipscing elitr, sed diam nonumy eirmod tempor invidunt ut labore et dolore magna aliquyam erat, sed diam voluptua. At vero eos et accusam et justo duo dolores et ea rebum. Stet clita kasd gubergren, no sea takimata sanctus est Lorem ipsum dolor sit amet. Lorem ipsum dolor sit amet, consetetur sadipscing elitr, sed diam nonumy eirmod tempor invidunt ut labore et dolore magna aliquyam erat, sed diam voluptua. At vero eos et accusam et justo duo dolores et ea rebum. Stet clita kasd gubergren, no sea takimata sanctus est Lorem ipsum dolor sit amet.\",\"lock\":{\"move\":true,\"remove\":false},\"fontSize\":\"medium\"} -->\n<p class=\"has-medium-font-size\"><\/p>\n<!-- \/wp:paragraph -->","post_title":"Larissa Probst (she\/her)","post_excerpt":"","post_status":"publish","comment_status":"closed","ping_status":"closed","post_password":"","post_name":"larissa-probst","to_ping":"","pinged":"","post_modified":"2024-10-24 11:44:30","post_modified_gmt":"2024-10-24 09:44:30","post_content_filtered":"","post_parent":0,"guid":"https:\/\/www.jes-stuttgart.de\/person\/larissa-probst\/","menu_order":164,"post_type":"person","post_mime_type":"","comment_count":"0","filter":"raw"}],"cast_person_additional":""},{"cast_position":"Technik","cast_person":[{"ID":5235,"post_author":"13","post_date":"2022-07-20 18:55:23","post_date_gmt":"2022-07-20 16:55:23","post_content":"<!-- wp:image {\"id\":1913,\"sizeSlug\":\"full\",\"linkDestination\":\"none\"} -->\n<figure class=\"wp-block-image size-full\"><img src=\"https:\/\/www.jes-stuttgart.de\/wp-content\/uploads\/juppbertels.jpg\" alt=\"\" class=\"wp-image-1913\"\/><\/figure>\n<!-- \/wp:image -->\n\n<!-- wp:paragraph {\"placeholder\":\"Lorem ipsum dolor sit amet, consetetur sadipscing elitr, sed diam nonumy eirmod tempor invidunt ut labore et dolore magna aliquyam erat, sed diam voluptua. At vero eos et accusam et justo duo dolores et ea rebum. Stet clita kasd gubergren, no sea takimata sanctus est Lorem ipsum dolor sit amet. Lorem ipsum dolor sit amet, consetetur sadipscing elitr, sed diam nonumy eirmod tempor invidunt ut labore et dolore magna aliquyam erat, sed diam voluptua. At vero eos et accusam et justo duo dolores et ea rebum. Stet clita kasd gubergren, no sea takimata sanctus est Lorem ipsum dolor sit amet.\",\"lock\":{\"move\":true,\"remove\":false},\"fontSize\":\"medium\"} -->\n<p class=\"has-medium-font-size\">Sebastian \u201cJupp\u201d Bertels has been supporting the JES technical team since the 2022\/23 season.<\/p>\n<!-- \/wp:paragraph -->\n\n<!-- wp:spacer {\"height\":\"20px\"} -->\n<div style=\"height:20px\" aria-hidden=\"true\" class=\"wp-block-spacer\"><\/div>\n<!-- \/wp:spacer -->\n\n<!-- wp:paragraph {\"fontSize\":\"normal\"} -->\n<p class=\"has-normal-font-size\">CONTACT<\/p>\n<!-- \/wp:paragraph -->\n\n<!-- wp:paragraph {\"fontSize\":\"medium\"} -->\n<p class=\"has-medium-font-size\"><a href=\"mailto:technik@jes-stuttgart.de\">technik@jes-stuttgart.de<\/a><\/p>\n<!-- \/wp:paragraph -->","post_title":"Jupp Bertels (he\/him)","post_excerpt":"","post_status":"publish","comment_status":"closed","ping_status":"closed","post_password":"","post_name":"jupp-bertels","to_ping":"","pinged":"","post_modified":"2024-10-23 10:47:52","post_modified_gmt":"2024-10-23 08:47:52","post_content_filtered":"","post_parent":0,"guid":"https:\/\/www.jes-stuttgart.de\/person\/jupp-bertels\/","menu_order":204,"post_type":"person","post_mime_type":"","comment_count":"0","filter":"raw"},{"ID":5240,"post_author":"13","post_date":"2022-06-30 10:35:03","post_date_gmt":"2022-06-30 08:35:03","post_content":"<!-- wp:image {\"id\":1919,\"sizeSlug\":\"full\",\"linkDestination\":\"none\"} -->\n<figure class=\"wp-block-image size-full\"><img src=\"https:\/\/www.jes-stuttgart.de\/wp-content\/uploads\/melaniebrunner.jpg\" alt=\"\" class=\"wp-image-1919\"\/><\/figure>\n<!-- \/wp:image -->\n\n<!-- wp:paragraph {\"placeholder\":\"Lorem ipsum dolor sit amet, consetetur sadipscing elitr, sed diam nonumy eirmod tempor invidunt ut labore et dolore magna aliquyam erat, sed diam voluptua. At vero eos et accusam et justo duo dolores et ea rebum. Stet clita kasd gubergren, no sea takimata sanctus est Lorem ipsum dolor sit amet. Lorem ipsum dolor sit amet, consetetur sadipscing elitr, sed diam nonumy eirmod tempor invidunt ut labore et dolore magna aliquyam erat, sed diam voluptua. At vero eos et accusam et justo duo dolores et ea rebum. Stet clita kasd gubergren, no sea takimata sanctus est Lorem ipsum dolor sit amet.\",\"lock\":{\"move\":true,\"remove\":false},\"fontSize\":\"medium\"} -->\n<p class=\"has-medium-font-size\">joined the technical and engineering team at JES in the 2016\/17 season.<\/p>\n<!-- \/wp:paragraph -->\n\n<!-- wp:paragraph {\"placeholder\":\"Lorem ipsum dolor sit amet, consetetur sadipscing elitr, sed diam nonumy eirmod tempor invidunt ut labore et dolore magna aliquyam erat, sed diam voluptua. At vero eos et accusam et justo duo dolores et ea rebum. Stet clita kasd gubergren, no sea takimata sanctus est Lorem ipsum dolor sit amet. Lorem ipsum dolor sit amet, consetetur sadipscing elitr, sed diam nonumy eirmod tempor invidunt ut labore et dolore magna aliquyam erat, sed diam voluptua. At vero eos et accusam et justo duo dolores et ea rebum. Stet clita kasd gubergren, no sea takimata sanctus est Lorem ipsum dolor sit amet.\",\"lock\":{\"move\":true,\"remove\":false},\"fontSize\":\"medium\"} -->\n<p class=\"has-medium-font-size\">CONTACT<\/p>\n<!-- \/wp:paragraph -->\n\n<!-- wp:paragraph {\"fontSize\":\"medium\"} -->\n<p class=\"has-medium-font-size\"><a href=\"mailto:technik@jes-stuttgart.de\">technik@jes-stuttgart.de<\/a><\/p>\n<!-- \/wp:paragraph -->","post_title":"Melanie Brunner (she\/her)","post_excerpt":"","post_status":"publish","comment_status":"closed","ping_status":"closed","post_password":"","post_name":"melanie-brunner","to_ping":"","pinged":"","post_modified":"2024-10-23 10:56:21","post_modified_gmt":"2024-10-23 08:56:21","post_content_filtered":"","post_parent":0,"guid":"https:\/\/www.jes-stuttgart.de\/person\/melanie-brunner\/","menu_order":246,"post_type":"person","post_mime_type":"","comment_count":"0","filter":"raw"},{"ID":5242,"post_author":"13","post_date":"2022-07-20 19:23:54","post_date_gmt":"2022-07-20 17:23:54","post_content":"<!-- wp:image {\"id\":1907,\"sizeSlug\":\"full\",\"linkDestination\":\"none\"} -->\n<figure class=\"wp-block-image size-full\"><img src=\"https:\/\/www.jes-stuttgart.de\/wp-content\/uploads\/christianburkhardt.jpg\" alt=\"\" class=\"wp-image-1907\"\/><\/figure>\n<!-- \/wp:image -->\n\n<!-- wp:paragraph {\"style\":{\"typography\":{\"textTransform\":\"uppercase\"}},\"fontSize\":\"normal\"} -->\n<p class=\"has-normal-font-size\" style=\"text-transform:uppercase\">Education<\/p>\n<!-- \/wp:paragraph -->\n\n<!-- wp:paragraph {\"fontSize\":\"medium\"} -->\n<p class=\"has-medium-font-size\">I completed my vocational training as an event technician at Theater Heilbronn between 2007 and 2010.<\/p>\n<!-- \/wp:paragraph -->\n\n<!-- wp:paragraph {\"fontSize\":\"medium\"} -->\n<p class=\"has-medium-font-size\">Elsewhere<\/p>\n<!-- \/wp:paragraph -->\n\n<!-- wp:paragraph {\"fontSize\":\"medium\"} -->\n<p class=\"has-medium-font-size\">This was followed by work at the Junges Theater Bonn.<\/p>\n<!-- \/wp:paragraph -->\n\n<!-- wp:paragraph {\"fontSize\":\"medium\"} -->\n<p class=\"has-medium-font-size\">JES! and me<\/p>\n<!-- \/wp:paragraph -->\n\n<!-- wp:paragraph {\"fontSize\":\"medium\"} -->\n<p class=\"has-medium-font-size\">I have been working in the technical department at JES since March 2011.<\/p>\n<!-- \/wp:paragraph -->\n\n<!-- wp:paragraph {\"style\":{\"typography\":{\"textTransform\":\"uppercase\"}},\"fontSize\":\"normal\"} -->\n<p class=\"has-normal-font-size\" style=\"text-transform:uppercase\">CONTACT<\/p>\n<!-- \/wp:paragraph -->\n\n<!-- wp:paragraph {\"fontSize\":\"medium\"} -->\n<p class=\"has-medium-font-size\"><a href=\"mailto:technik@jes-stuttgart.de\">technik@jes-stuttgart.de<\/a><\/p>\n<!-- \/wp:paragraph -->","post_title":"Christian Burkhardt (he\/him)","post_excerpt":"","post_status":"publish","comment_status":"closed","ping_status":"closed","post_password":"","post_name":"christian-burkhardt","to_ping":"","pinged":"","post_modified":"2024-10-23 10:44:24","post_modified_gmt":"2024-10-23 08:44:24","post_content_filtered":"","post_parent":0,"guid":"https:\/\/www.jes-stuttgart.de\/person\/christian-burkhardt\/","menu_order":199,"post_type":"person","post_mime_type":"","comment_count":"0","filter":"raw"},{"ID":5254,"post_author":"13","post_date":"2022-07-20 20:00:49","post_date_gmt":"2022-07-20 18:00:49","post_content":"<!-- wp:image {\"id\":1921,\"sizeSlug\":\"full\",\"linkDestination\":\"none\"} -->\n<figure class=\"wp-block-image size-full\"><img src=\"https:\/\/www.jes-stuttgart.de\/wp-content\/uploads\/stevengorecki.jpg\" alt=\"\" class=\"wp-image-1921\"\/><\/figure>\n<!-- \/wp:image -->\n\n<!-- wp:paragraph {\"style\":{\"typography\":{\"textTransform\":\"uppercase\"}},\"fontSize\":\"normal\"} -->\n<p class=\"has-normal-font-size\" style=\"text-transform:uppercase\">Education<\/p>\n<!-- \/wp:paragraph -->\n\n<!-- wp:paragraph {\"fontSize\":\"medium\"} -->\n<p class=\"has-medium-font-size\">Originally, I trained as a carpenter.<\/p>\n<!-- \/wp:paragraph -->\n\n<!-- wp:spacer {\"height\":\"20px\"} -->\n<div style=\"height:20px\" aria-hidden=\"true\" class=\"wp-block-spacer\"><\/div>\n<!-- \/wp:spacer -->\n\n<!-- wp:paragraph {\"style\":{\"typography\":{\"textTransform\":\"uppercase\"}},\"fontSize\":\"normal\"} -->\n<p class=\"has-normal-font-size\" style=\"text-transform:uppercase\">Elsewhere<\/p>\n<!-- \/wp:paragraph -->\n\n<!-- wp:paragraph {\"fontSize\":\"medium\"} -->\n<p class=\"has-medium-font-size\">After that I worked first as a stage technician at Nationaltheater Mannheim, then as a self-employed event technician and finally as deputy head of the studio technology department at the Nationaltheater (as an employee of the technical directorate from 2001 to 2007). My responsibilities included the management of the \u201cEvent Technology\u201d department, technical management and event-technical supervision of performance operations in Studio Werkhaus as well as rehearsal operations at the Nationaltheater, as well as special events and guest performance tours and the production management in all four sections of the Nationaltheater.<br>I also took over the technical and spatial conception and supervision of the reconstruction and renovation of the rehearsal stage centre in Mannheim as well as the conception, planning and construction management for the reconstruction of the studio stage, including the complete stage, lighting, sound and building services of all foyers, dressing rooms, storage and prop\/mask rooms. During my time at Nationaltheater Mannheim, I completed various further training courses: Master of Event Technology specialised in stage\/studio as well as lighting, as an electrician for event technology and business economics of the trade.<\/p>\n<!-- \/wp:paragraph -->\n\n<!-- wp:spacer {\"height\":\"20px\"} -->\n<div style=\"height:20px\" aria-hidden=\"true\" class=\"wp-block-spacer\"><\/div>\n<!-- \/wp:spacer -->\n\n<!-- wp:paragraph {\"fontSize\":\"medium\"} -->\n<p class=\"has-medium-font-size\">From 2007 onwards I worked as a self-employed event technician, among others at the Schwetzingen Festival, at Moers Schlosstheater and at the Bayreuth Festival in 2008, 2009 and 2010.<\/p>\n<!-- \/wp:paragraph -->\n\n<!-- wp:spacer {\"height\":\"20px\"} -->\n<div style=\"height:20px\" aria-hidden=\"true\" class=\"wp-block-spacer\"><\/div>\n<!-- \/wp:spacer -->\n\n<!-- wp:paragraph {\"style\":{\"typography\":{\"textTransform\":\"uppercase\"}},\"fontSize\":\"normal\"} -->\n<p class=\"has-normal-font-size\" style=\"text-transform:uppercase\">JES! and me<\/p>\n<!-- \/wp:paragraph -->\n\n<!-- wp:paragraph {\"fontSize\":\"medium\"} -->\n<p class=\"has-medium-font-size\">Since the 2009\/10 season he has been technical director of Junges Ensemble Stuttgart.<\/p>\n<!-- \/wp:paragraph -->\n\n<!-- wp:spacer {\"height\":\"20px\"} -->\n<div style=\"height:20px\" aria-hidden=\"true\" class=\"wp-block-spacer\"><\/div>\n<!-- \/wp:spacer -->\n\n<!-- wp:paragraph {\"fontSize\":\"normal\"} -->\n<p class=\"has-normal-font-size\">CONTACT<\/p>\n<!-- \/wp:paragraph -->\n\n<!-- wp:paragraph {\"fontSize\":\"medium\"} -->\n<p class=\"has-medium-font-size\"><a href=\"mailto:Steven.gorecki@jes-stuttgart.de\">Steven.gorecki@jes-stuttgart.de<\/a><\/p>\n<!-- \/wp:paragraph -->","post_title":"Steven Gorecki (he\/him)","post_excerpt":"","post_status":"publish","comment_status":"closed","ping_status":"closed","post_password":"","post_name":"steven-gorecki","to_ping":"","pinged":"","post_modified":"2024-10-23 15:15:41","post_modified_gmt":"2024-10-23 13:15:41","post_content_filtered":"","post_parent":0,"guid":"https:\/\/www.jes-stuttgart.de\/person\/steven-gorecki\/","menu_order":194,"post_type":"person","post_mime_type":"","comment_count":"0","filter":"raw"},{"ID":5266,"post_author":"13","post_date":"2022-07-20 20:27:10","post_date_gmt":"2022-07-20 18:27:10","post_content":"<!-- wp:image {\"id\":1909,\"sizeSlug\":\"full\",\"linkDestination\":\"none\"} -->\n<figure class=\"wp-block-image size-full\"><img src=\"https:\/\/www.jes-stuttgart.de\/wp-content\/uploads\/jankeller.jpg\" alt=\"\" class=\"wp-image-1909\"\/><\/figure>\n<!-- \/wp:image -->\n\n<!-- wp:paragraph {\"placeholder\":\"Lorem ipsum dolor sit amet, consetetur sadipscing elitr, sed diam nonumy eirmod tempor invidunt ut labore et dolore magna aliquyam erat, sed diam voluptua. At vero eos et accusam et justo duo dolores et ea rebum. Stet clita kasd gubergren, no sea takimata sanctus est Lorem ipsum dolor sit amet. Lorem ipsum dolor sit amet, consetetur sadipscing elitr, sed diam nonumy eirmod tempor invidunt ut labore et dolore magna aliquyam erat, sed diam voluptua. At vero eos et accusam et justo duo dolores et ea rebum. Stet clita kasd gubergren, no sea takimata sanctus est Lorem ipsum dolor sit amet.\",\"lock\":{\"move\":true,\"remove\":false},\"fontSize\":\"medium\"} -->\n<p class=\"has-medium-font-size\">works in the JES technical team. He has been deputy technical director since the 2019\/20 season.<\/p>\n<!-- \/wp:paragraph -->\n\n<!-- wp:paragraph -->\n<p><\/p>\n<!-- \/wp:paragraph -->\n\n<!-- wp:paragraph {\"fontSize\":\"normal\"} -->\n<p class=\"has-normal-font-size\">CONTACT<\/p>\n<!-- \/wp:paragraph -->\n\n<!-- wp:paragraph {\"fontSize\":\"medium\"} -->\n<p class=\"has-medium-font-size\"><a href=\"mailto:technik@jes-stuttgart.de\">technik@jes-stuttgart.de<\/a><\/p>\n<!-- \/wp:paragraph -->","post_title":"Jan Keller (he\/him)","post_excerpt":"","post_status":"publish","comment_status":"closed","ping_status":"closed","post_password":"","post_name":"jan-keller","to_ping":"","pinged":"","post_modified":"2024-10-24 10:53:03","post_modified_gmt":"2024-10-24 08:53:03","post_content_filtered":"","post_parent":0,"guid":"https:\/\/www.jes-stuttgart.de\/person\/jan-keller\/","menu_order":179,"post_type":"person","post_mime_type":"","comment_count":"0","filter":"raw"},{"ID":5300,"post_author":"13","post_date":"2022-07-20 21:39:54","post_date_gmt":"2022-07-20 19:39:54","post_content":"<!-- wp:paragraph {\"fontSize\":\"normal\"} -->\n<p class=\"has-normal-font-size\">JES staff member, technician, workshop<\/p>\n<!-- \/wp:paragraph -->\n\n<!-- wp:paragraph {\"fontSize\":\"normal\"} -->\n<p class=\"has-normal-font-size\">Wolfram St\u00f6ckl has been part of the technical team at JES since the 2014\/15 season.<\/p>\n<!-- \/wp:paragraph -->\n\n<!-- wp:paragraph {\"fontSize\":\"normal\"} -->\n<p class=\"has-normal-font-size\">CONTACT<\/p>\n<!-- \/wp:paragraph -->\n\n<!-- wp:paragraph {\"fontSize\":\"normal\"} -->\n<p class=\"has-normal-font-size\"><a href=\"mailto:technik@jes-stuttgart.de\">technik@jes-stuttgart.de<\/a><\/p>\n<!-- \/wp:paragraph -->\n\n<!-- wp:paragraph -->\n<p><\/p>\n<!-- \/wp:paragraph -->","post_title":"Wolfram St\u00f6ckl","post_excerpt":"","post_status":"publish","comment_status":"closed","ping_status":"closed","post_password":"","post_name":"wolfram-stoeckl","to_ping":"","pinged":"","post_modified":"2024-10-23 15:16:00","post_modified_gmt":"2024-10-23 13:16:00","post_content_filtered":"","post_parent":0,"guid":"https:\/\/www.jes-stuttgart.de\/person\/wolfram-stoeckl\/","menu_order":154,"post_type":"person","post_mime_type":"","comment_count":"0","filter":"raw"}],"cast_person_additional":""},{"cast_position":"Ausstattung &amp; Schneiderei","cast_person":[{"ID":5232,"post_author":"13","post_date":"2022-07-07 16:15:59","post_date_gmt":"2022-07-07 14:15:59","post_content":"<!-- wp:image {\"id\":1217,\"sizeSlug\":\"full\",\"linkDestination\":\"none\"} -->\n<figure class=\"wp-block-image size-full\"><img src=\"https:\/\/www.jes-stuttgart.de\/wp-content\/uploads\/jsn3450-edited.jpg\" alt=\"\" class=\"wp-image-1217\"\/><\/figure>\n<!-- \/wp:image -->\n\n<!-- wp:paragraph {\"style\":{\"typography\":{\"textTransform\":\"uppercase\"}},\"fontSize\":\"normal\"} -->\n<p class=\"has-normal-font-size\" style=\"text-transform:uppercase\">Education<\/p>\n<!-- \/wp:paragraph -->\n\n<!-- wp:paragraph {\"fontSize\":\"medium\"} -->\n<p class=\"has-medium-font-size\">I came to Stuttgart to study interior design at FHT and stayed here - but not as an interior designer! Pretty soon I was happily letting myself fall into the waters of the theatre seas...<\/p>\n<!-- \/wp:paragraph -->\n\n<!-- wp:paragraph {\"fontSize\":\"medium\"} -->\n<p class=\"has-medium-font-size\">Elsewhere<\/p>\n<!-- \/wp:paragraph -->\n\n<!-- wp:paragraph {\"fontSize\":\"medium\"} -->\n<p class=\"has-medium-font-size\">In addition to the waters of the Staatstheater Stuttgart, the current has also repeatedly driven me further north, e.g. to Hebbel am Ufer in Berlin.<\/p>\n<!-- \/wp:paragraph -->\n\n<!-- wp:paragraph {\"fontSize\":\"medium\"} -->\n<p class=\"has-medium-font-size\">JES! and me<\/p>\n<!-- \/wp:paragraph -->\n\n<!-- wp:paragraph {\"fontSize\":\"medium\"} -->\n<p class=\"has-medium-font-size\">I started at JES as a temporary set sailor, but after immersing myself in other film and theatre worlds, I have always enjoyed sailing back to JES and have been a permanent member of the colourful set team since 2016.<\/p>\n<!-- \/wp:paragraph -->\n\n<!-- wp:paragraph {\"style\":{\"typography\":{\"textTransform\":\"uppercase\"}},\"fontSize\":\"normal\"} -->\n<p class=\"has-normal-font-size\" style=\"text-transform:uppercase\">CONTACT<\/p>\n<!-- \/wp:paragraph -->\n\n<!-- wp:paragraph {\"fontSize\":\"medium\"} -->\n<p class=\"has-medium-font-size\"><a href=\"mailto:ausstattung@jes-stuttgart.de\">ausstattung@jes-stuttgart.de<\/a><\/p>\n<!-- \/wp:paragraph -->","post_title":"Christine Bentele (she\/her)","post_excerpt":"","post_status":"publish","comment_status":"closed","ping_status":"closed","post_password":"","post_name":"christine-bentele","to_ping":"","pinged":"","post_modified":"2024-10-23 10:54:08","post_modified_gmt":"2024-10-23 08:54:08","post_content_filtered":"","post_parent":0,"guid":"https:\/\/www.jes-stuttgart.de\/person\/christine-bentele\/","menu_order":228,"post_type":"person","post_mime_type":"","comment_count":"0","filter":"raw"},{"ID":5290,"post_author":"13","post_date":"2022-07-07 16:14:19","post_date_gmt":"2022-07-07 14:14:19","post_content":"<!-- wp:image {\"id\":1911,\"sizeSlug\":\"full\",\"linkDestination\":\"none\"} -->\n<figure class=\"wp-block-image size-full\"><img src=\"https:\/\/www.jes-stuttgart.de\/wp-content\/uploads\/juliascholz.jpg\" alt=\"\" class=\"wp-image-1911\"\/><\/figure>\n<!-- \/wp:image -->\n\n<!-- wp:paragraph {\"style\":{\"typography\":{\"textTransform\":\"uppercase\"}},\"fontSize\":\"normal\"} -->\n<p class=\"has-normal-font-size\" style=\"text-transform:uppercase\"><\/p>\n<!-- \/wp:paragraph -->\n\n<!-- wp:paragraph {\"fontSize\":\"medium\"} -->\n<p class=\"has-medium-font-size\">Education<\/p>\n<!-- \/wp:paragraph -->\n\n<!-- wp:paragraph {\"fontSize\":\"medium\"} -->\n<p class=\"has-medium-font-size\">I studied set and costume design at Central St Martin\u02bcs College of Art and Design in London.<\/p>\n<!-- \/wp:paragraph -->\n\n<!-- wp:paragraph {\"fontSize\":\"medium\"} -->\n<p class=\"has-medium-font-size\">Elsewhere<\/p>\n<!-- \/wp:paragraph -->\n\n<!-- wp:paragraph {\"fontSize\":\"medium\"} -->\n<p class=\"has-medium-font-size\">From 1997 to 2002 I worked as a stage design assistant at theatres in Cologne City, Staatstheater and Thalia Theater Hamburg, where I was able to work with directors such as Michael Thalheimer, Stephan Kimmig and Leander Haussmann.<\/p>\n<!-- \/wp:paragraph -->\n\n<!-- wp:paragraph {\"fontSize\":\"medium\"} -->\n<p class=\"has-medium-font-size\">In Hamburg I met the director Jorinde Dr\u00f6se, with whom I created numerous productions as a stage and costume designer from 2002 onwards at theatres such as Schauspiel Bochum, Schauspiel Frankfurt, Schauspiel Leipzig and Volkstheater M\u00fcnchen.<\/p>\n<!-- \/wp:paragraph -->\n\n<!-- wp:paragraph {\"fontSize\":\"medium\"} -->\n<p class=\"has-medium-font-size\">I have also created many stage and costume designs with the directors Sabine Harbeke, Klaus Hemmerle, Alexander Schilling and H\u00fcseyin Michael Circipi at the Heilbronn Theatre, Landestheater Innsbruck and Theater Ingolstadt, among others.<\/p>\n<!-- \/wp:paragraph -->\n\n<!-- wp:paragraph {\"fontSize\":\"medium\"} -->\n<p class=\"has-medium-font-size\">JES! and me<\/p>\n<!-- \/wp:paragraph -->\n\n<!-- wp:paragraph {\"fontSize\":\"medium\"} -->\n<p class=\"has-medium-font-size\">I joined JES in 2018 as head of set design, much to the delight of my sons, with whom I live here in Stuttgart.<\/p>\n<!-- \/wp:paragraph -->\n\n<!-- wp:paragraph {\"fontSize\":\"medium\"} -->\n<p class=\"has-medium-font-size\">CONTACT<\/p>\n<!-- \/wp:paragraph -->\n\n<!-- wp:paragraph {\"fontSize\":\"medium\"} -->\n<p class=\"has-medium-font-size\"><a href=\"mailto:julia.scholz@jes-stuttgart.de\">julia.scholz@jes-stuttgart.de<\/a><\/p>\n<!-- \/wp:paragraph -->","post_title":"Julia Scholz (she\/her)","post_excerpt":"","post_status":"publish","comment_status":"closed","ping_status":"closed","post_password":"","post_name":"julia-scholz","to_ping":"","pinged":"","post_modified":"2024-10-29 12:30:55","post_modified_gmt":"2024-10-29 11:30:55","post_content_filtered":"","post_parent":0,"guid":"https:\/\/www.jes-stuttgart.de\/person\/julia-scholz\/","menu_order":230,"post_type":"person","post_mime_type":"","comment_count":"0","filter":"raw"},{"ID":5292,"post_author":"13","post_date":"2022-07-07 16:19:51","post_date_gmt":"2022-07-07 14:19:51","post_content":"<!-- wp:paragraph {\"style\":{\"typography\":{\"textTransform\":\"uppercase\"}},\"fontSize\":\"normal\"} -->\n<p class=\"has-normal-font-size\" style=\"text-transform:uppercase\"><a href=\"https:\/\/www.jes-stuttgart.de\/personen\/#collapsible-person-573\"><\/a><\/p>\n<!-- \/wp:paragraph -->\n\n<!-- wp:paragraph -->\n<p><\/p>\n<!-- \/wp:paragraph -->\n\n<!-- wp:paragraph {\"fontSize\":\"medium\"} -->\n<p class=\"has-medium-font-size\">Elsewhere<\/p>\n<!-- \/wp:paragraph -->\n\n<!-- wp:paragraph {\"fontSize\":\"medium\"} -->\n<p class=\"has-medium-font-size\">I have been drawn to the theatre since I was a child. My first internship in 2008\/2009 was at JES in the set design department. Since then, I have worked there on and off as a temp.<\/p>\n<!-- \/wp:paragraph -->\n\n<!-- wp:paragraph {\"fontSize\":\"medium\"} -->\n<p class=\"has-medium-font-size\">At Staatstheater Stuttgart, I worked as a costume and set designer for Christian Tschirner and Corinna Harfouch, among others. I also worked there as a production assistant on the international theatre project \u2018Orient Express\u2019. At the Ludwigsburg Film Academy, I was able to immerse myself as a set designer in the world of film. I also worked in the costume department at Altes Schauspielhaus and the Palladium.<\/p>\n<!-- \/wp:paragraph -->\n\n<!-- wp:paragraph {\"fontSize\":\"medium\"} -->\n<p class=\"has-medium-font-size\">My additional expertise includes training as a carpenter, a year studying expressive dance and training as a textile designer in the craft of weaving.<\/p>\n<!-- \/wp:paragraph -->\n\n<!-- wp:paragraph {\"fontSize\":\"medium\"} -->\n<p class=\"has-medium-font-size\">JES! and me<\/p>\n<!-- \/wp:paragraph -->\n\n<!-- wp:paragraph {\"fontSize\":\"medium\"} -->\n<p class=\"has-medium-font-size\">I have been supporting the JES equipment team as a member of staff since the 2021\/2022 season.<\/p>\n<!-- \/wp:paragraph -->\n\n<!-- wp:paragraph {\"fontSize\":\"medium\"} -->\n<p class=\"has-medium-font-size\">CONTACT<\/p>\n<!-- \/wp:paragraph -->\n\n<!-- wp:paragraph {\"fontSize\":\"medium\"} -->\n<p class=\"has-medium-font-size\"><a href=\"mailto:ausstattung@jes-stuttgart.de\">ausstattung@jes-stuttgart.de<\/a><\/p>\n<!-- \/wp:paragraph -->\n\n<!-- wp:paragraph -->\n<p><\/p>\n<!-- \/wp:paragraph -->","post_title":"Friederike Sch\u00fctthoff (she\/her)","post_excerpt":"","post_status":"publish","comment_status":"closed","ping_status":"closed","post_password":"","post_name":"friederike-schuettoff","to_ping":"","pinged":"","post_modified":"2024-10-29 12:28:53","post_modified_gmt":"2024-10-29 11:28:53","post_content_filtered":"","post_parent":0,"guid":"https:\/\/www.jes-stuttgart.de\/person\/friederike-schuettoff\/","menu_order":223,"post_type":"person","post_mime_type":"","comment_count":"0","filter":"raw"}],"cast_person_additional":""}],"play_title_calender":"Oma Monika \u2013 was war?","cast_member":[{"ID":5245,"post_author":"13","post_date":"2022-06-30 10:37:36","post_date_gmt":"2022-06-30 08:37:36","post_content":"<!-- wp:image -->\n<figure class=\"wp-block-image\"><img alt=\"\"\/><\/figure>\n<!-- \/wp:image -->\n\n<!-- wp:spacer -->\n<div style=\"height:100px\" aria-hidden=\"true\" class=\"wp-block-spacer\"><\/div>\n<!-- \/wp:spacer -->\n\n<!-- wp:paragraph {\"fontSize\":\"medium\"} -->\n<p class=\"has-medium-font-size\">Brigitte Dethier was and artistic director and director at the Junges Ensemble Stuttgart from 2002 to 2022 as well as artistic director of the festival \u201cBright view\u201d. She has also been active in international associations and organizations for the promotion of professional children\u2019s and youth theater for years, for example as the first chairwoman of the German ASSITEJ. In 2014, she was awarded the Order of Merit of the State of Baden-W\u00fcrttemberg for the foundation and successful work at JES.<\/p>\n<!-- \/wp:paragraph -->\n\n<!-- wp:spacer {\"height\":\"20px\"} -->\n<div style=\"height:20px\" aria-hidden=\"true\" class=\"wp-block-spacer\"><\/div>\n<!-- \/wp:spacer -->\n\n<!-- wp:paragraph {\"fontSize\":\"medium\"} -->\n<p class=\"has-medium-font-size\">In 2009, together with the Belgian choreographer Ives Thuwis-De Leeuw, she received the German Theatre Prize DER FAUST for her production \u201cNoch 5 Minuten\u201d. As a lecturer for acting, directing and theatre management she works at universities in Stuttgart, Hamburg and Munich.<\/p>\n<!-- \/wp:paragraph -->","post_title":"Brigitte Dethier (she\/her)","post_excerpt":"","post_status":"publish","comment_status":"closed","ping_status":"closed","post_password":"","post_name":"brigitte-dethier","to_ping":"","pinged":"","post_modified":"2024-10-23 14:54:49","post_modified_gmt":"2024-10-23 12:54:49","post_content_filtered":"","post_parent":0,"guid":"https:\/\/www.jes-stuttgart.de\/person\/brigitte-dethier\/","menu_order":245,"post_type":"person","post_mime_type":"","comment_count":"0","filter":"raw"},{"ID":5267,"post_author":"2","post_date":"2022-07-20 20:29:02","post_date_gmt":"2022-07-20 18:29:02","post_content":"<!-- wp:image -->\n<figure class=\"wp-block-image\"><img alt=\"\"\/><\/figure>\n<!-- \/wp:image -->\n\n<!-- wp:spacer -->\n<div style=\"height:100px\" aria-hidden=\"true\" class=\"wp-block-spacer\"><\/div>\n<!-- \/wp:spacer -->\n\n<!-- wp:paragraph {\"placeholder\":\"Lorem ipsum dolor sit amet, consetetur sadipscing elitr, sed diam nonumy eirmod tempor invidunt ut labore et dolore magna aliquyam erat, sed diam voluptua. At vero eos et accusam et justo duo dolores et ea rebum. Stet clita kasd gubergren, no sea takimata sanctus est Lorem ipsum dolor sit amet. Lorem ipsum dolor sit amet, consetetur sadipscing elitr, sed diam nonumy eirmod tempor invidunt ut labore et dolore magna aliquyam erat, sed diam voluptua. At vero eos et accusam et justo duo dolores et ea rebum. Stet clita kasd gubergren, no sea takimata sanctus est Lorem ipsum dolor sit amet.\",\"lock\":{\"move\":true,\"remove\":false},\"fontSize\":\"medium\"} -->\n<p class=\"has-medium-font-size\">Sebastian Kempf was born in Munich in 1995. He studied acting in Stuttgart at the University of Music and Performing Arts from 2015 to 2019. In 2018, he performed in Philipp Rosendahl\u2019s \u201cSch\u00f6ne Neue Welt\u201d at Schauspiel Stuttgart and in Kjell Moberg\u2019s production of \u201cbis zum letzten Tanz\u201d at the Wilhelma Theatre. In the 2018\/2019 season he was an ensemble member at the Nationaltheater Mannheim and performed as a regular guest from 2019\/2020. Since 2019 he has been working primarily as a freelance actor for film and television and as a voice actor (including Tatort, the Netflix series \u201cBiohackers\u201d, the feature film \u201cOskar\u2019s Dress\u201d, etc.).<\/p>\n<!-- \/wp:paragraph -->","post_title":"Sebastian Kempf","post_excerpt":"","post_status":"publish","comment_status":"closed","ping_status":"closed","post_password":"","post_name":"sebastian-kempf","to_ping":"","pinged":"","post_modified":"2022-08-18 15:26:09","post_modified_gmt":"2022-08-18 13:26:09","post_content_filtered":"","post_parent":0,"guid":"https:\/\/www.jes-stuttgart.de\/person\/sebastian-kempf\/","menu_order":177,"post_type":"person","post_mime_type":"","comment_count":"0","filter":"raw"},{"ID":5252,"post_author":"13","post_date":"2022-06-30 10:40:32","post_date_gmt":"2022-06-30 08:40:32","post_content":"<!-- wp:image {\"id\":24593,\"sizeSlug\":\"full\",\"linkDestination\":\"none\"} -->\n<figure class=\"wp-block-image size-full\"><img src=\"https:\/\/www.jes-stuttgart.de\/wp-content\/uploads\/milangather-foto-jan-merkle.jpg\" alt=\"\" class=\"wp-image-24593\"\/><\/figure>\n<!-- \/wp:image -->\n\n<!-- wp:spacer -->\n<div style=\"height:100px\" aria-hidden=\"true\" class=\"wp-block-spacer\"><\/div>\n<!-- \/wp:spacer -->\n\n<!-- wp:paragraph {\"fontSize\":\"medium\"} -->\n<p class=\"has-medium-font-size\">Milan Gather was born in Aachen in 1993 and grew up in Dortmund. He developed his first theatre works as part of the directing workshop at Schauspielhaus Bochum and in the independent scene in Leipzig. From 2014 to 2018, he studied acting at the State University of Music and Performing Arts Stuttgart and joined the acting studio at the Stuttgart State Theatre in the 2017\/18 season. He then became a member of the ensemble at JES Stuttgart. There he wrote his first play, \u2018Astronauten\u2019, which was invited to several festivals in 2020 and was awarded the Youth Play Prize at the Heidelberger St\u00fcckemarkt together with the two other invited productions. He also made his directorial debut at JES in 2021 with his second play \u2018OMA MONIKA - was war?\u2019. In 2022, the play won the KinderSt\u00fcckePreis at the 47th M\u00fclheimer Theatertage and 1st prize at the 25th Hessian Children's and Youth Theatre Week KUSS and was translated into several languages. Since the 2022\/23 season, Milan Gather has worked as an author and director at various theatres, including Theater Dortmund, Theater Baden-Baden, Landestheater Marburg, Theater Heidelberg, Theater M\u00fcnster and in the independent scene<\/p>\n<!-- \/wp:paragraph -->","post_title":"Milan Gather (he\/him)","post_excerpt":"","post_status":"publish","comment_status":"closed","ping_status":"closed","post_password":"","post_name":"milan-gather","to_ping":"","pinged":"","post_modified":"2024-10-23 15:20:31","post_modified_gmt":"2024-10-23 13:20:31","post_content_filtered":"","post_parent":0,"guid":"https:\/\/www.jes-stuttgart.de\/person\/milan-gather\/","menu_order":243,"post_type":"person","post_mime_type":"","comment_count":"0","filter":"raw"},{"ID":5274,"post_author":"2","post_date":"2022-07-20 20:47:39","post_date_gmt":"2022-07-20 18:47:39","post_content":"<!-- wp:image -->\n<figure class=\"wp-block-image\"><img alt=\"\"\/><\/figure>\n<!-- \/wp:image -->\n\n<!-- wp:spacer -->\n<div style=\"height:100px\" aria-hidden=\"true\" class=\"wp-block-spacer\"><\/div>\n<!-- \/wp:spacer -->\n\n<!-- wp:paragraph {\"fontSize\":\"medium\"} -->\n<p class=\"has-medium-font-size\">Carolin Mittler studied stage design at the Academy of Fine Arts in Munich and designed her first sets for the Theater der Jugend in Munich after graduating. From 1989 to 1991 she was under steady employment as a stage designer at the W\u00fcrttembergische Landesb\u00fchne Esslingen and has been working freelance since 1991. Her work has taken her to the Staatstheater Stuttgart, Schauspiel Bonn, Theater Ingolstadt, Staatsschauspiel Dresden, Staatstheater Wiesbaden, Theater Oberhausen, Staatstheater Darmstadt, Theater Erlangen, SchauBurg M\u00fcnchen, Staatstheater Mainz and Staatsheater Kassel. For the production \u201cDiese Mauer fasst sich selbst zusammen und der Stern hat gesprochen, der Stern hat auch was gesagt\u201d at HLMT she received the Nachspielpreis of the Heidelberger St\u00fcckemarkt in 2019. In addition, Carolin Mittler was nominated for the theatre prize DER FAUST for the stage and costume design of the same production. In addition, the prize for a special artistic achievement of the Hessian Theatre Days 2019 went to Carolin Mittler for the stage and costumes of \u201cMaria Stuart \/ Ulrike Maria Stuart\u201d.<\/p>\n<!-- \/wp:paragraph -->\n\n<!-- wp:paragraph {\"fontSize\":\"medium\"} -->\n<p class=\"has-medium-font-size\">At JES, she designed the set for \u201cDie erstaunlichen Abenteuer der Maulina Schmitt\u201d and \u201cOma Monika \u2013 was war\u201d.<\/p>\n<!-- \/wp:paragraph -->","post_title":"Carolin Mittler","post_excerpt":"","post_status":"publish","comment_status":"closed","ping_status":"closed","post_password":"","post_name":"carolin-mittler","to_ping":"","pinged":"","post_modified":"2022-08-18 15:35:53","post_modified_gmt":"2022-08-18 13:35:53","post_content_filtered":"","post_parent":0,"guid":"https:\/\/www.jes-stuttgart.de\/person\/carolin-mittler\/","menu_order":174,"post_type":"person","post_mime_type":"","comment_count":"0","filter":"raw"},{"ID":5263,"post_author":"2","post_date":"2022-07-20 20:24:57","post_date_gmt":"2022-07-20 18:24:57","post_content":"<!-- wp:image -->\n<figure class=\"wp-block-image\"><img alt=\"\"\/><\/figure>\n<!-- \/wp:image -->\n\n<!-- wp:spacer -->\n<div style=\"height:100px\" aria-hidden=\"true\" class=\"wp-block-spacer\"><\/div>\n<!-- \/wp:spacer -->\n\n<!-- wp:paragraph {\"placeholder\":\"Lorem ipsum dolor sit amet, consetetur sadipscing elitr, sed diam nonumy eirmod tempor invidunt ut labore et dolore magna aliquyam erat, sed diam voluptua. At vero eos et accusam et justo duo dolores et ea rebum. Stet clita kasd gubergren, no sea takimata sanctus est Lorem ipsum dolor sit amet. Lorem ipsum dolor sit amet, consetetur sadipscing elitr, sed diam nonumy eirmod tempor invidunt ut labore et dolore magna aliquyam erat, sed diam voluptua. At vero eos et accusam et justo duo dolores et ea rebum. Stet clita kasd gubergren, no sea takimata sanctus est Lorem ipsum dolor sit amet.\",\"lock\":{\"move\":true,\"remove\":false},\"fontSize\":\"medium\"} -->\n<p class=\"has-medium-font-size\">\u00d6\u011f\u00fcn\u00e7 Kardelen grew up in Izmir, Turkey. After studying opera singing at Dokuz Eyl\u00fcl University, he came to Germany in 2002 and completed his second degree in singing with Prof. Langshaw and postgraduate studies in vocal pedagogy at Musikhochschule K\u00f6ln. Kardelen works as a composer, stage musician and performer at various theatres throughout Germany, including Comedia in Cologne, Staatstheater Mainz, Pfalztheater Kaiserslautern, Deutsches Theater G\u00f6ttingen and Junges Nationaltheater Mannheim. He writes and sings songs in his mother tongue for his indie-folk band \u201cKent Coda\u201d. He is behind the music for the productions \u201cDie beste Geschichte\u201d and \u201cOma Monika - was war?\u201d.<\/p>\n<!-- \/wp:paragraph -->","post_title":"\u00d6\u011f\u00fcn\u00e7 Kardelen","post_excerpt":"","post_status":"publish","comment_status":"closed","ping_status":"closed","post_password":"","post_name":"oeguenc-%ef%bf%bckardelen%ef%bf%bc","to_ping":"","pinged":"","post_modified":"2022-08-18 12:23:58","post_modified_gmt":"2022-08-18 10:23:58","post_content_filtered":"","post_parent":0,"guid":"https:\/\/www.jes-stuttgart.de\/person\/oeguenc-%ef%bf%bckardelen%ef%bf%bc\/","menu_order":183,"post_type":"person","post_mime_type":"","comment_count":"0","filter":"raw"},{"ID":5291,"post_author":"13","post_date":"2022-07-07 16:11:55","post_date_gmt":"2022-07-07 14:11:55","post_content":"<!-- wp:image {\"id\":1128,\"sizeSlug\":\"full\",\"linkDestination\":\"none\"} -->\n<figure class=\"wp-block-image size-full\"><img src=\"https:\/\/www.jes-stuttgart.de\/wp-content\/uploads\/jsn2815.jpg\" alt=\"\" class=\"wp-image-1128\"\/><\/figure>\n<!-- \/wp:image -->\n\n<!-- wp:paragraph {\"style\":{\"typography\":{\"textTransform\":\"uppercase\"}},\"fontSize\":\"normal\"} -->\n<p class=\"has-normal-font-size\" style=\"text-transform:uppercase\"><a href=\"https:\/\/www.jes-stuttgart.de\/personen\/#collapsible-person-572\"><\/a><\/p>\n<!-- \/wp:paragraph -->\n\n<!-- wp:paragraph {\"fontSize\":\"medium\"} -->\n<p class=\"has-medium-font-size\">Education<\/p>\n<!-- \/wp:paragraph -->\n\n<!-- wp:paragraph {\"fontSize\":\"medium\"} -->\n<p class=\"has-medium-font-size\">I was born in Darmstadt in 1967 and grew up in Wolfenb\u00fcttel near Braunschweig. After a traineeship, several years as a sports editor at the Goslarsche Zeitung and a trip around the world, I studied dramaturgy at adk Ulm.<\/p>\n<!-- \/wp:paragraph -->\n\n<!-- wp:paragraph {\"fontSize\":\"medium\"} -->\n<p class=\"has-medium-font-size\">Elsewhere<\/p>\n<!-- \/wp:paragraph -->\n\n<!-- wp:paragraph {\"fontSize\":\"medium\"} -->\n<p class=\"has-medium-font-size\">I then worked as a dramaturge and partly as a theatre teacher at the children's and youth theatres in Heidelberg (zwinger3) and Mannheim (Schnawwl) as well as at Nationaltheater Mannheim and in the festival management of the International Schiller Days. In addition to my work at JES, I am also a lecturer (including at Stuttgart Drama School), curator and author. Recent world premieres include \u2018Artus!\u2019 at the open-air theatre in Altusried, \u2018Auf \u00d6tzis Spuren\u2019 at Theater des Kindes in Linz and \u2018Das Ministerium der Einsamkeit\u2019 at Theater an der Rott in Eggenfelden.<\/p>\n<!-- \/wp:paragraph -->\n\n<!-- wp:paragraph {\"fontSize\":\"medium\"} -->\n<p class=\"has-medium-font-size\">JES! and me<\/p>\n<!-- \/wp:paragraph -->\n\n<!-- wp:paragraph {\"fontSize\":\"medium\"} -->\n<p class=\"has-medium-font-size\">I have been a dramaturge at Junges Ensemble Stuttgart since 2006 and was artistic director of the international festival BRIGHT VIEW together with Brigitte Dethier until 2022. I was also managing director of the Baden-W\u00fcrttemberg Youth Theatre Prize for JES for ten years and one of three spokespersons for the working group of children's and youth theatres in Baden-W\u00fcrttemberg for five years.<\/p>\n<!-- \/wp:paragraph -->\n\n<!-- wp:paragraph {\"fontSize\":\"medium\"} -->\n<p class=\"has-medium-font-size\">CONTACT<\/p>\n<!-- \/wp:paragraph -->\n\n<!-- wp:paragraph {\"fontSize\":\"medium\"} -->\n<p class=\"has-medium-font-size\"><a href=\"mailto:Christian.schoenfelder@jes-stuttgart.de\">Christian.schoenfelder@jes-stuttgart.de<\/a><\/p>\n<!-- \/wp:paragraph -->","post_title":"Christian Sch\u00f6nfelder (he\/him)","post_excerpt":"","post_status":"publish","comment_status":"closed","ping_status":"closed","post_password":"","post_name":"christian-schoenfelder","to_ping":"","pinged":"","post_modified":"2024-10-29 12:33:32","post_modified_gmt":"2024-10-29 11:33:32","post_content_filtered":"","post_parent":0,"guid":"https:\/\/www.jes-stuttgart.de\/person\/christian-schoenfelder\/","menu_order":236,"post_type":"person","post_mime_type":"","comment_count":"0","filter":"raw"},{"ID":5261,"post_author":"2","post_date":"2022-07-20 20:21:33","post_date_gmt":"2022-07-20 18:21:33","post_content":"<!-- wp:image -->\n<figure class=\"wp-block-image\"><img alt=\"\"\/><\/figure>\n<!-- \/wp:image -->\n\n<!-- wp:spacer -->\n<div style=\"height:100px\" aria-hidden=\"true\" class=\"wp-block-spacer\"><\/div>\n<!-- \/wp:spacer -->\n\n<!-- wp:paragraph {\"fontSize\":\"medium\"} -->\n<p class=\"has-medium-font-size\">Daphna Horowitz was born in W\u00fcrzburg in 1997 and grew up in D\u00fcsseldorf. During her childhood and youth she spent a lot of time at Junges Schauspielhaus D\u00fcsseldorf. She was active in the youth club as well as in the improvisation theatre club of Theatersportler*innen. After graduating from high school, she completed a year of voluntary service at Walder Theatertage Solingen and at the same time assisted at the children\u2019s club of Junges Schauspielhaus D\u00fcsseldorf. In 2016, she began her studies in cultural studies and aesthetic practice with the subjects of theatre and media at the University of Hildesheim. There she was part of the student initiative for researching theatre pedagogy (PROBE:B\u00dcHNE Hildesheim), in which she regularly designed workshops for and with her fellow students that playfully tested theatre pedagogical work. One of her student projects was the feminist performance \u201creclaiming hysteria\u201d, in which she dealt with female rage in a collective. In addition, Daphna worked as a freelance theatre pedagogue in various projects of Junges Staatstheater Braunschweig and Cluster e.V. Hildesheim.<br>In the 2021\/22 season, Daphna Horowitz was a permanent theatre pedagogue at Junges Ensemble Stuttgart. Here she worked, among other things, in the kindergarten language support project and was responsible as a leader for various clubs. In addition, she accompanied the production \u201cOma Monika \u2013 was war?\u201d.<\/p>\n<!-- \/wp:paragraph -->","post_title":"Daphna Horowitz","post_excerpt":"","post_status":"publish","comment_status":"closed","ping_status":"closed","post_password":"","post_name":"daphna-horowitz","to_ping":"","pinged":"","post_modified":"2022-08-18 12:22:20","post_modified_gmt":"2022-08-18 10:22:20","post_content_filtered":"","post_parent":0,"guid":"https:\/\/www.jes-stuttgart.de\/person\/daphna-horowitz\/","menu_order":187,"post_type":"person","post_mime_type":"","comment_count":"0","filter":"raw"},{"ID":20129,"post_author":"2","post_date":"2022-09-22 12:33:04","post_date_gmt":"2022-09-22 10:33:04","post_content":"<!-- wp:image {\"id\":7011,\"sizeSlug\":\"full\",\"linkDestination\":\"none\"} -->\n<figure class=\"wp-block-image size-full\"><img src=\"https:\/\/www.jes-stuttgart.de\/wp-content\/uploads\/henning-hansen-foto-jan-merkle.jpg\" alt=\"\" class=\"wp-image-7011\"><figcaption>Photo: Jan Merkle<\/figcaption><\/figure>\n<!-- \/wp:image -->\n\n<!-- wp:paragraph {\"placeholder\":\"Lorem ipsum dolor sit amet, consetetur sadipscing elitr, sed diam nonumy eirmod tempor invidunt ut labore et dolore magna aliquyam erat, sed diam voluptua. At vero eos et accusam et justo duo dolores et ea rebum. Stet clita kasd gubergren, no sea takimata sanctus est Lorem ipsum dolor sit amet. Lorem ipsum dolor sit amet, consetetur sadipscing elitr, sed diam nonumy eirmod tempor invidunt ut labore et dolore magna aliquyam erat, sed diam voluptua. At vero eos et accusam et justo duo dolores et ea rebum. Stet clita kasd gubergren, no sea takimata sanctus est Lorem ipsum dolor sit amet.\",\"lock\":{\"move\":true,\"remove\":false}} -->\n<p><\/p>\n<!-- \/wp:paragraph -->","post_title":"Henning Hansen","post_excerpt":"","post_status":"publish","comment_status":"closed","ping_status":"closed","post_password":"","post_name":"henning-hansen","to_ping":"","pinged":"","post_modified":"2024-04-17 08:20:02","post_modified_gmt":"2024-04-17 06:20:02","post_content_filtered":"","post_parent":0,"guid":"https:\/\/www.jes-stuttgart.de\/person\/henning-hansen\/","menu_order":145,"post_type":"person","post_mime_type":"","comment_count":"0","filter":"raw"},{"ID":5282,"post_author":"13","post_date":"2022-07-20 21:07:13","post_date_gmt":"2022-07-20 19:07:13","post_content":"<!-- wp:image -->\n<figure class=\"wp-block-image\"><img alt=\"\"\/><\/figure>\n<!-- \/wp:image -->\n\n<!-- wp:spacer -->\n<div style=\"height:100px\" aria-hidden=\"true\" class=\"wp-block-spacer\"><\/div>\n<!-- \/wp:spacer -->\n\n<!-- wp:paragraph {\"placeholder\":\"Lorem ipsum dolor sit amet, consetetur sadipscing elitr, sed diam nonumy eirmod tempor invidunt ut labore et dolore magna aliquyam erat, sed diam voluptua. At vero eos et accusam et justo duo dolores et ea rebum. Stet clita kasd gubergren, no sea takimata sanctus est Lorem ipsum dolor sit amet. Lorem ipsum dolor sit amet, consetetur sadipscing elitr, sed diam nonumy eirmod tempor invidunt ut labore et dolore magna aliquyam erat, sed diam voluptua. At vero eos et accusam et justo duo dolores et ea rebum. Stet clita kasd gubergren, no sea takimata sanctus est Lorem ipsum dolor sit amet.\",\"lock\":{\"move\":true,\"remove\":false},\"fontSize\":\"medium\"} -->\n<p class=\"has-medium-font-size\">Larissa Probst studied cultural studies and cultural mediation at the University of Hildesheim. She has been working as a freelance theatre mediator and director in Stuttgart since 2020. From 2014 to 2018, she researched new participatory modes of staging strategies for young audiences with her theatre collective BwieZack and developed productions with and for hearing and deaf young people. Her productions were performed at Junges Theater G\u00f6ttingen, LOT-Theater in Braunschweig and the Graz Opera, among others. Since 2018, her work has focussed in particular on intergenerational staging concepts and collaborations and their positioning in a discourse critical of adultism. From 2020 to 2023 she was a member of the board of trustees of the Children's and Youth Theatre Centre of the Federal Republic of Germany. Since the 2020\/21 season, Larissa has been a guest assistant director in dance and theatre productions at Junges Ensemble Stuttgart and a theatre educator in the KiTa cooperation project. In 2022, together with Frederic Lilje, she led the artistic collaboration \u2018Kinderarbeitsagentur\u2019. She has been amployed in the dramaturgy department of theatre education since 2024.<br><\/p>\n<!-- \/wp:paragraph -->\n\n<!-- wp:paragraph {\"placeholder\":\"Lorem ipsum dolor sit amet, consetetur sadipscing elitr, sed diam nonumy eirmod tempor invidunt ut labore et dolore magna aliquyam erat, sed diam voluptua. At vero eos et accusam et justo duo dolores et ea rebum. Stet clita kasd gubergren, no sea takimata sanctus est Lorem ipsum dolor sit amet. Lorem ipsum dolor sit amet, consetetur sadipscing elitr, sed diam nonumy eirmod tempor invidunt ut labore et dolore magna aliquyam erat, sed diam voluptua. At vero eos et accusam et justo duo dolores et ea rebum. Stet clita kasd gubergren, no sea takimata sanctus est Lorem ipsum dolor sit amet.\",\"lock\":{\"move\":true,\"remove\":false},\"fontSize\":\"medium\"} -->\n<p class=\"has-medium-font-size\"><\/p>\n<!-- \/wp:paragraph -->","post_title":"Larissa Probst (she\/her)","post_excerpt":"","post_status":"publish","comment_status":"closed","ping_status":"closed","post_password":"","post_name":"larissa-probst","to_ping":"","pinged":"","post_modified":"2024-10-24 11:44:30","post_modified_gmt":"2024-10-24 09:44:30","post_content_filtered":"","post_parent":0,"guid":"https:\/\/www.jes-stuttgart.de\/person\/larissa-probst\/","menu_order":164,"post_type":"person","post_mime_type":"","comment_count":"0","filter":"raw"}]},"_links":{"self":[{"href":"https:\/\/www.jes-stuttgart.de\/en\/wp-json\/wp\/v2\/posts\/5344","targetHints":{"allow":["GET"]}}],"collection":[{"href":"https:\/\/www.jes-stuttgart.de\/en\/wp-json\/wp\/v2\/posts"}],"about":[{"href":"https:\/\/www.jes-stuttgart.de\/en\/wp-json\/wp\/v2\/types\/post"}],"author":[{"embeddable":true,"href":"https:\/\/www.jes-stuttgart.de\/en\/wp-json\/wp\/v2\/users\/2"}],"replies":[{"embeddable":true,"href":"https:\/\/www.jes-stuttgart.de\/en\/wp-json\/wp\/v2\/comments?post=5344"}],"version-history":[{"count":4,"href":"https:\/\/www.jes-stuttgart.de\/en\/wp-json\/wp\/v2\/posts\/5344\/revisions"}],"predecessor-version":[{"id":20259,"href":"https:\/\/www.jes-stuttgart.de\/en\/wp-json\/wp\/v2\/posts\/5344\/revisions\/20259"}],"wp:featuredmedia":[{"embeddable":true,"href":"https:\/\/www.jes-stuttgart.de\/en\/wp-json\/wp\/v2\/media\/6539"}],"wp:attachment":[{"href":"https:\/\/www.jes-stuttgart.de\/en\/wp-json\/wp\/v2\/media?parent=5344"}],"wp:term":[{"taxonomy":"category","embeddable":true,"href":"https:\/\/www.jes-stuttgart.de\/en\/wp-json\/wp\/v2\/categories?post=5344"},{"taxonomy":"post_tag","embeddable":true,"href":"https:\/\/www.jes-stuttgart.de\/en\/wp-json\/wp\/v2\/tags?post=5344"},{"taxonomy":"age","embeddable":true,"href":"https:\/\/www.jes-stuttgart.de\/en\/wp-json\/wp\/v2\/age?post=5344"}],"curies":[{"name":"wp","href":"https:\/\/api.w.org\/{rel}","templated":true}]}}