{"id":5347,"date":"2022-06-29T18:23:29","date_gmt":"2022-06-29T16:23:29","guid":{"rendered":"https:\/\/www.jes-stuttgart.de\/unbaendig\/"},"modified":"2024-07-22T14:17:15","modified_gmt":"2024-07-22T12:17:15","slug":"unbaendig","status":"publish","type":"post","link":"https:\/\/www.jes-stuttgart.de\/en\/unbaendig\/","title":{"rendered":"Unb\u00e4ndig"},"content":{"rendered":"<div  class=\"wp-block-subtitle is-relative\"><p>A play about big feelings<br \/>\r\nWith German Sign Language on stage<\/p><\/div>\n\n\n<div style=\"height:20px\" aria-hidden=\"true\" class=\"wp-block-spacer\"><\/div>\n\n\n<div  class=\"wp-block-gallery is-relative is-full-width p-0 splide\"  data-gallery=\"\"><div class=\"splide__arrows\"><button class=\"splide__arrow splide__arrow--prev\">Prev<\/button><button class=\"splide__arrow splide__arrow--next\">Next<\/button><\/div><div class=\"splide__track is-full-height is-full-width\"><div class=\"splide__list is-full-height m-0\">\n<div  id=\"block_395fa7f9b960cdcaf0d4fae06c209d03\" class=\"wp-block-slide splide__slide is-full-width is-full-height is-clipped is-flex is-flex-wrap-wrap is-justify-content-center is-align-items-center\">\n\n<figure class=\"wp-block-image size-full is-resized\"><img loading=\"lazy\" decoding=\"async\" width=\"2560\" height=\"1707\" src=\"https:\/\/www.jes-stuttgart.de\/wp-content\/uploads\/jes-unbaendig-foto-alex-wunsch-6-ritter-josh-yuezbasioglu.jpg\" alt=\"\" class=\"wp-image-7139\" style=\"width:1248px;height:auto\" srcset=\"https:\/\/www.jes-stuttgart.de\/wp-content\/uploads\/jes-unbaendig-foto-alex-wunsch-6-ritter-josh-yuezbasioglu.jpg 2560w, https:\/\/www.jes-stuttgart.de\/wp-content\/uploads\/jes-unbaendig-foto-alex-wunsch-6-ritter-josh-yuezbasioglu-1280x854.jpg 1280w, https:\/\/www.jes-stuttgart.de\/wp-content\/uploads\/jes-unbaendig-foto-alex-wunsch-6-ritter-josh-yuezbasioglu-200x133.jpg 200w, https:\/\/www.jes-stuttgart.de\/wp-content\/uploads\/jes-unbaendig-foto-alex-wunsch-6-ritter-josh-yuezbasioglu-768x512.jpg 768w, https:\/\/www.jes-stuttgart.de\/wp-content\/uploads\/jes-unbaendig-foto-alex-wunsch-6-ritter-josh-yuezbasioglu-1536x1024.jpg 1536w, https:\/\/www.jes-stuttgart.de\/wp-content\/uploads\/jes-unbaendig-foto-alex-wunsch-6-ritter-josh-yuezbasioglu-2048x1366.jpg 2048w, https:\/\/www.jes-stuttgart.de\/wp-content\/uploads\/jes-unbaendig-foto-alex-wunsch-6-ritter-josh-yuezbasioglu-1920x1280.jpg 1920w, https:\/\/www.jes-stuttgart.de\/wp-content\/uploads\/jes-unbaendig-foto-alex-wunsch-6-ritter-josh-yuezbasioglu-1440x960.jpg 1440w, https:\/\/www.jes-stuttgart.de\/wp-content\/uploads\/jes-unbaendig-foto-alex-wunsch-6-ritter-josh-yuezbasioglu-1024x683.jpg 1024w, https:\/\/www.jes-stuttgart.de\/wp-content\/uploads\/jes-unbaendig-foto-alex-wunsch-6-ritter-josh-yuezbasioglu-640x427.jpg 640w, https:\/\/www.jes-stuttgart.de\/wp-content\/uploads\/jes-unbaendig-foto-alex-wunsch-6-ritter-josh-yuezbasioglu-320x213.jpg 320w\" sizes=\"auto, (max-width: 2560px) 100vw, 2560px\" \/><figcaption class=\"wp-element-caption\">Photo: Alex Wunsch<\/figcaption><\/figure>\n\n<\/div>\n\n<div  id=\"block_03e4e999e8dc87c3aec8fb576d7c2b55\" class=\"wp-block-slide splide__slide is-full-width is-full-height is-clipped is-flex is-flex-wrap-wrap is-justify-content-center is-align-items-center\">\n\n<figure class=\"wp-block-image size-full\"><img loading=\"lazy\" decoding=\"async\" width=\"2560\" height=\"1707\" src=\"https:\/\/www.jes-stuttgart.de\/wp-content\/uploads\/jes-unbaendig-foto-julia-sang-nguyen-18-scaled.jpg\" alt=\"\" class=\"wp-image-7576\" srcset=\"https:\/\/www.jes-stuttgart.de\/wp-content\/uploads\/jes-unbaendig-foto-julia-sang-nguyen-18-scaled.jpg 2560w, https:\/\/www.jes-stuttgart.de\/wp-content\/uploads\/jes-unbaendig-foto-julia-sang-nguyen-18-1280x853.jpg 1280w, https:\/\/www.jes-stuttgart.de\/wp-content\/uploads\/jes-unbaendig-foto-julia-sang-nguyen-18-200x133.jpg 200w, https:\/\/www.jes-stuttgart.de\/wp-content\/uploads\/jes-unbaendig-foto-julia-sang-nguyen-18-768x512.jpg 768w, https:\/\/www.jes-stuttgart.de\/wp-content\/uploads\/jes-unbaendig-foto-julia-sang-nguyen-18-1536x1024.jpg 1536w, https:\/\/www.jes-stuttgart.de\/wp-content\/uploads\/jes-unbaendig-foto-julia-sang-nguyen-18-2048x1365.jpg 2048w, https:\/\/www.jes-stuttgart.de\/wp-content\/uploads\/jes-unbaendig-foto-julia-sang-nguyen-18-1920x1280.jpg 1920w, https:\/\/www.jes-stuttgart.de\/wp-content\/uploads\/jes-unbaendig-foto-julia-sang-nguyen-18-1440x960.jpg 1440w, https:\/\/www.jes-stuttgart.de\/wp-content\/uploads\/jes-unbaendig-foto-julia-sang-nguyen-18-1024x683.jpg 1024w, https:\/\/www.jes-stuttgart.de\/wp-content\/uploads\/jes-unbaendig-foto-julia-sang-nguyen-18-640x427.jpg 640w, https:\/\/www.jes-stuttgart.de\/wp-content\/uploads\/jes-unbaendig-foto-julia-sang-nguyen-18-320x213.jpg 320w\" sizes=\"auto, (max-width: 2560px) 100vw, 2560px\" \/><figcaption class=\"wp-element-caption\">Photo: Julia Sang Nguyen<\/figcaption><\/figure>\n\n<\/div>\n\n<div  id=\"block_395fa7f9b960cdcaf0d4fae06c209d03\" class=\"wp-block-slide splide__slide is-full-width is-full-height is-clipped is-flex is-flex-wrap-wrap is-justify-content-center is-align-items-center\">\n\n<figure class=\"wp-block-image size-full\"><img loading=\"lazy\" decoding=\"async\" width=\"2560\" height=\"1707\" src=\"https:\/\/www.jes-stuttgart.de\/wp-content\/uploads\/jes-unbaendig-foto-julia-sang-nguyen-11-scaled.jpg\" alt=\"\" class=\"wp-image-7571\" srcset=\"https:\/\/www.jes-stuttgart.de\/wp-content\/uploads\/jes-unbaendig-foto-julia-sang-nguyen-11-scaled.jpg 2560w, https:\/\/www.jes-stuttgart.de\/wp-content\/uploads\/jes-unbaendig-foto-julia-sang-nguyen-11-1280x853.jpg 1280w, https:\/\/www.jes-stuttgart.de\/wp-content\/uploads\/jes-unbaendig-foto-julia-sang-nguyen-11-200x133.jpg 200w, https:\/\/www.jes-stuttgart.de\/wp-content\/uploads\/jes-unbaendig-foto-julia-sang-nguyen-11-768x512.jpg 768w, https:\/\/www.jes-stuttgart.de\/wp-content\/uploads\/jes-unbaendig-foto-julia-sang-nguyen-11-1536x1024.jpg 1536w, https:\/\/www.jes-stuttgart.de\/wp-content\/uploads\/jes-unbaendig-foto-julia-sang-nguyen-11-2048x1365.jpg 2048w, https:\/\/www.jes-stuttgart.de\/wp-content\/uploads\/jes-unbaendig-foto-julia-sang-nguyen-11-1920x1280.jpg 1920w, https:\/\/www.jes-stuttgart.de\/wp-content\/uploads\/jes-unbaendig-foto-julia-sang-nguyen-11-1440x960.jpg 1440w, https:\/\/www.jes-stuttgart.de\/wp-content\/uploads\/jes-unbaendig-foto-julia-sang-nguyen-11-1024x683.jpg 1024w, https:\/\/www.jes-stuttgart.de\/wp-content\/uploads\/jes-unbaendig-foto-julia-sang-nguyen-11-640x427.jpg 640w, https:\/\/www.jes-stuttgart.de\/wp-content\/uploads\/jes-unbaendig-foto-julia-sang-nguyen-11-320x213.jpg 320w\" sizes=\"auto, (max-width: 2560px) 100vw, 2560px\" \/><figcaption class=\"wp-element-caption\">Photo: Julia Sang Nguyen<\/figcaption><\/figure>\n\n<\/div>\n\n<div  id=\"block_03e4e999e8dc87c3aec8fb576d7c2b55\" class=\"wp-block-slide splide__slide is-full-width is-full-height is-clipped is-flex is-flex-wrap-wrap is-justify-content-center is-align-items-center\">\n\n<figure class=\"wp-block-image size-full is-resized\"><img loading=\"lazy\" decoding=\"async\" width=\"2560\" height=\"1707\" src=\"https:\/\/www.jes-stuttgart.de\/wp-content\/uploads\/jes-unbaendig-foto-julia-sang-nguyen-48-scaled.jpg\" alt=\"\" class=\"wp-image-7578\" style=\"width:1248px;height:auto\" srcset=\"https:\/\/www.jes-stuttgart.de\/wp-content\/uploads\/jes-unbaendig-foto-julia-sang-nguyen-48-scaled.jpg 2560w, https:\/\/www.jes-stuttgart.de\/wp-content\/uploads\/jes-unbaendig-foto-julia-sang-nguyen-48-1280x853.jpg 1280w, https:\/\/www.jes-stuttgart.de\/wp-content\/uploads\/jes-unbaendig-foto-julia-sang-nguyen-48-200x133.jpg 200w, https:\/\/www.jes-stuttgart.de\/wp-content\/uploads\/jes-unbaendig-foto-julia-sang-nguyen-48-768x512.jpg 768w, https:\/\/www.jes-stuttgart.de\/wp-content\/uploads\/jes-unbaendig-foto-julia-sang-nguyen-48-1536x1024.jpg 1536w, https:\/\/www.jes-stuttgart.de\/wp-content\/uploads\/jes-unbaendig-foto-julia-sang-nguyen-48-2048x1365.jpg 2048w, https:\/\/www.jes-stuttgart.de\/wp-content\/uploads\/jes-unbaendig-foto-julia-sang-nguyen-48-1920x1280.jpg 1920w, https:\/\/www.jes-stuttgart.de\/wp-content\/uploads\/jes-unbaendig-foto-julia-sang-nguyen-48-1440x960.jpg 1440w, https:\/\/www.jes-stuttgart.de\/wp-content\/uploads\/jes-unbaendig-foto-julia-sang-nguyen-48-1024x683.jpg 1024w, https:\/\/www.jes-stuttgart.de\/wp-content\/uploads\/jes-unbaendig-foto-julia-sang-nguyen-48-640x427.jpg 640w, https:\/\/www.jes-stuttgart.de\/wp-content\/uploads\/jes-unbaendig-foto-julia-sang-nguyen-48-320x213.jpg 320w\" sizes=\"auto, (max-width: 2560px) 100vw, 2560px\" \/><figcaption class=\"wp-element-caption\">Photo: Julia Sang Nguyen<\/figcaption><\/figure>\n\n<\/div>\n<\/div><\/div><\/div>\n\n\n<div style=\"height:20px\" aria-hidden=\"true\" class=\"wp-block-spacer\"><\/div>\n\n\n\n<p class=\"has-medium-font-size\">\u201cWelcome to the machine room. We examine feelings here \u2014 that is, we examine them.\u201d<br>Four people welcome you to their workplace at the beginning of their shift. They let you participate in their tests and experiments, you become a witness to their efforts to measure, compare and describe feelings. Does wanderlust come from far away? Is disappointment greater than homesickness? How much is too much?<br><br>A dance, musical and performative approach to what concerns us all, what determines our personal but also social lives so much \u2014 and what nevertheless gets so little space. For all people from the age of 5. Colourful, wild and exciting: UNB\u00c4NDIG is a celebration of great feelings, the encouragement to befriend them, because: \u201cSometimes they come. Most of the time they leave. That\u2019s okay.\u201d<br><br>The production was supported by the programme \u201cKunst trotz Abstand\u201d by the Ministry of Science, Research and the Arts.<\/p>\n\n\n\n<div style=\"height:20px\" aria-hidden=\"true\" class=\"wp-block-spacer\"><\/div>\n\n\n\n<div class=\"wp-block-pb-accordion-item c-accordion__item js-accordion-item no-js is-style-default\" data-initially-open=\"false\" data-click-to-close=\"true\" data-auto-close=\"true\" data-scroll=\"false\" data-scroll-offset=\"0\"><h2 id=\"at-53470\" class=\"c-accordion__title js-accordion-controller\" role=\"button\"><strong>Notes on accessibility<\/strong><\/h2><div id=\"ac-53470\" class=\"c-accordion__content\">\n<p class=\"has-medium-font-size\">&#8220;Unb\u00e4ndig&#8221; takes place on stage in German sign language. The play is accessible for hearing and deaf children and families. (Deaf includes different identities and lived realities such as deaf, hard of hearing, Ci wearers and later-deaf).<br><br>&#8220;Unb\u00e4ndig&#8221; contains integrated interpreting into German sign language. &#8220;Integrated interpreting&#8221; means that the interpreter does not stand at the edge of the stage, but is visible to on stage with the other actors. She translates a large part of the spoken and sung text by other actors. The interpreter also plays a role in the play. She stands on stage in a way that the audience can easily follow the translation and the plot of the play. Individual words and sentences are signed by the other actors. The interpreter and the actors are all hearing.<br><br>You can find more information about attending performances with German Sign Language on stage <strong><a href=\"https:\/\/www.jes-stuttgart.de\/en\/accessibility-inclusive-offers\/\">here<\/a><\/strong>.<br><br>Concept and interpretation: Hannah H\u00e4berle, Christian Pflugfelder (Consulting)<\/p>\n<\/div><\/div>\n\n\n\n<div class=\"wp-block-pb-accordion-item c-accordion__item js-accordion-item no-js is-style-default\" data-initially-open=\"false\" data-click-to-close=\"true\" data-auto-close=\"true\" data-scroll=\"false\" data-scroll-offset=\"0\"><h2 id=\"at-53471\" class=\"c-accordion__title js-accordion-controller\" role=\"button\"><strong>Notes on sensory stimuli<\/strong><\/h2><div id=\"ac-53471\" class=\"c-accordion__content\">\n<p class=\"has-medium-font-size\">Sensory impressions such as bright light, loud noises or sudden events can be overstimulating or overwhelming for some people. That&#8217;s why you&#8217;ll find a list of sensory stimuli in &#8220;Unb\u00e4ndig&#8221; here. They may be good to be aware of for you or someone who is attending the performance with you.<br><br>&#8211; There is loud, shrill music and the performance contains live instruments. The instruments are an accordion, a cello, an oboe and drums. There are pulsating sounds.<br><br>&#8211; There is loud, shrill music and the performance contains live instruments. The instruments are an accordion, a cello, an oboe and drums. There are pulsating sounds.<br><br>&#8211; There are quick changes between light and darkness. There are also small, colourful columns of light that flash constantly.<br><br>&#8211; There is fog.<br><br>&#8211; The actors occasionally wear costumes in which their faces are unrecognisable.<br><br>&#8211; Sometimes the actors and objects appear suddenly. For example, there are balls that fall out of pipes onto the stage. They do <strong>not<\/strong> fall into the audience space.<br><br>&#8211; The audience is addressed and is allowed to make contact with the actors at specific points.<br><br>&#8211; Big emotions are shown, which can be transferred onto the audience. Frequent reactions are loud laughter, cheering and screaming.<br><br>If you have any concerns or questions, please contact us at <a href=\"mailto:ticket@jes-stuttgart.de\">ticket@jes-stuttgart.de<\/a>. We are happy to work out how we can help together with you.<\/p>\n<\/div><\/div>\n\n\n\n<div style=\"height:20px\" aria-hidden=\"true\" class=\"wp-block-spacer\"><\/div>\n\n\n\n<p class=\"has-black-color has-text-color has-link-color has-medium-font-size wp-elements-0268c8c1d02f92d29fdc23ba9d0d54ed\">Ages 5 and up, Kindergarten, Elementary School<br>Duration: 60 minutes<br>Price: Children\/Teenagers \u20ac5,50, Adults \u20ac8,00<br>Venue: Hall (Seating Capacity: 180)<\/p>\n\n\n\n<div style=\"height:20px\" aria-hidden=\"true\" class=\"wp-block-spacer\"><\/div>\n\n\n\n<figure class=\"wp-block-embed is-type-video is-provider-youtube wp-block-embed-youtube wp-embed-aspect-16-9 wp-has-aspect-ratio\"><div class=\"wp-block-embed__wrapper\">\n<iframe loading=\"lazy\" title=\"Unb\u00e4ndig mit \u00dcbersetzung in Deutsche Geb\u00e4rdensprache \u2013 Begr\u00fc\u00dfung\" width=\"500\" height=\"281\" src=\"https:\/\/www.youtube.com\/embed\/BHsYaQGOvg8?feature=oembed\" frameborder=\"0\" allow=\"accelerometer; autoplay; clipboard-write; encrypted-media; gyroscope; picture-in-picture; web-share\" referrerpolicy=\"strict-origin-when-cross-origin\" allowfullscreen><\/iframe>\n<\/div><\/figure>\n\n\n\n<div style=\"height:38px\" aria-hidden=\"true\" class=\"wp-block-spacer\"><\/div>\n\n\n\n<figure class=\"wp-block-embed is-type-video is-provider-youtube wp-block-embed-youtube wp-embed-aspect-16-9 wp-has-aspect-ratio\"><div class=\"wp-block-embed__wrapper\">\n<iframe loading=\"lazy\" title=\"Unba\u0308ndig \/\/ Doku-Trailer\" width=\"500\" height=\"281\" src=\"https:\/\/www.youtube.com\/embed\/AZ-FO_qqTkU?feature=oembed\" frameborder=\"0\" allow=\"accelerometer; autoplay; clipboard-write; encrypted-media; gyroscope; picture-in-picture; web-share\" referrerpolicy=\"strict-origin-when-cross-origin\" allowfullscreen><\/iframe>\n<\/div><figcaption class=\"wp-element-caption\">Video: Adrian Schmidt<\/figcaption><\/figure>\n","protected":false},"excerpt":{"rendered":"<p>Four people greet you at the beginning of your shift at their workplace. They share their experiments with you, you witness their efforts to measure, compare and describe feelings. Does wanderlust come from far away? Is disappointment greater than homesickness? How much is too much?<\/p>\n","protected":false},"author":2,"featured_media":7579,"comment_status":"closed","ping_status":"closed","sticky":false,"template":"","format":"standard","meta":{"_acf_changed":false,"inline_featured_image":false,"footnotes":""},"categories":[153],"tags":[],"age":[134,130,135],"class_list":["post-5347","post","type-post","status-publish","format-standard","has-post-thumbnail","hentry","category-beginners","age-kindergarten","age-primary-school","age-kindergarten-en-2"],"acf":{"bgcolor":"yellow","dates_no_link_info":false,"dates":[{"date":"15.01.2023 15:00:00","date_availability":false,"date_cancelled":false,"date_info":""},{"date":"16.01.2023 10:00:00","date_availability":true,"date_cancelled":false,"date_info":""},{"date":"17.01.2023 10:00:00","date_availability":true,"date_cancelled":false,"date_info":""}],"play_title_calender":"Unb\u00e4ndig","cast":[{"cast_position":"Schauspiel","cast_person":[{"ID":5238,"post_author":"13","post_date":"2022-06-30 10:31:15","post_date_gmt":"2022-06-30 08:31:15","post_content":"<!-- wp:image {\"id\":24569,\"sizeSlug\":\"full\",\"linkDestination\":\"none\"} -->\n<figure class=\"wp-block-image size-full\"><img src=\"https:\/\/www.jes-stuttgart.de\/wp-content\/uploads\/foto-von-timon-jansen-1.jpg\" alt=\"\" class=\"wp-image-24569\"\/><\/figure>\n<!-- \/wp:image -->\n\n<!-- wp:spacer -->\n<div style=\"height:100px\" aria-hidden=\"true\" class=\"wp-block-spacer\"><\/div>\n<!-- \/wp:spacer -->\n\n<!-- wp:paragraph {\"fontSize\":\"medium\"} -->\n<p class=\"has-medium-font-size\">Patricija Katica Broni\u0107 works as an actress, performer and director in the independent scene and in municipal theatres in Germany and Switzerland. After studying theatre and media at the University of Bayreuth, she trained as an actor and completed a master's degree in Expanded Theatre at Bern University of the Arts until 2018. Parallel to her first job as an actress at Junges Nationaltheater Mannheim, she began working as a director and performer in the independent scene, including performances with her duo BRONI\u0106\/R\u00d6HRICH at zeitraumexit Mannheim, which was invited to the International Women's*Theatre Festival in Frankfurt with their first work \u2018Das Baubo Reenactment\u2019. Since then, she has developed works for both young audiences and adults. Her works have been shown at the ROXY Theatre Birsfelden, Fabriktheater Z\u00fcrich, Schwankhalle Bremen, Naxos Halle Frankfurt and Junges Nationaltheater Mannheim, among others. Patricija Katica Broni\u0107 was a fellow of the Baden-W\u00fcrttemberg Art Foundation for the Performing Arts 2022.<\/p>\n<!-- \/wp:paragraph -->","post_title":"Patricija Katica Bronic (she\/her)","post_excerpt":"","post_status":"publish","comment_status":"closed","ping_status":"closed","post_password":"","post_name":"patricija-katica-bronic","to_ping":"","pinged":"","post_modified":"2024-10-23 14:42:12","post_modified_gmt":"2024-10-23 12:42:12","post_content_filtered":"","post_parent":0,"guid":"https:\/\/www.jes-stuttgart.de\/person\/patricija-katica-bronic\/","menu_order":251,"post_type":"person","post_mime_type":"","comment_count":"0","filter":"raw"},{"ID":5277,"post_author":"2","post_date":"2022-07-20 20:54:48","post_date_gmt":"2022-07-20 18:54:48","post_content":"<!-- wp:image -->\n<figure class=\"wp-block-image\"><img alt=\"\"\/><\/figure>\n<!-- \/wp:image -->\n\n<!-- wp:spacer -->\n<div style=\"height:100px\" aria-hidden=\"true\" class=\"wp-block-spacer\"><\/div>\n<!-- \/wp:spacer -->\n\n<!-- wp:paragraph {\"fontSize\":\"medium\"} -->\n<p class=\"has-medium-font-size\">David Pagan, born in 1979 on the border between Scotland and England, studied acting\/music in London and has been living in Germany since 2008. He first worked as a performer and musical director for NIE theatre. He currently performs and composes mainly in theatres in Germany and Europe for young audiences.<\/p>\n<!-- \/wp:paragraph -->","post_title":"David Pagan","post_excerpt":"","post_status":"publish","comment_status":"closed","ping_status":"closed","post_password":"","post_name":"david-pagan","to_ping":"","pinged":"","post_modified":"2022-08-18 15:39:57","post_modified_gmt":"2022-08-18 13:39:57","post_content_filtered":"","post_parent":0,"guid":"https:\/\/www.jes-stuttgart.de\/person\/david-pagan\/","menu_order":170,"post_type":"person","post_mime_type":"","comment_count":"0","filter":"raw"},{"ID":5284,"post_author":"2","post_date":"2022-07-07 16:10:29","post_date_gmt":"2022-07-07 14:10:29","post_content":"<!-- wp:image {\"id\":1186,\"sizeSlug\":\"full\",\"linkDestination\":\"none\"} -->\n<figure class=\"wp-block-image size-full\"><img src=\"https:\/\/www.jes-stuttgart.de\/wp-content\/uploads\/jsn4063.jpg\" alt=\"\" class=\"wp-image-1186\"\/><\/figure>\n<!-- \/wp:image -->\n\n<!-- wp:paragraph {\"style\":{\"typography\":{\"textTransform\":\"uppercase\"}},\"fontSize\":\"normal\"} -->\n<p class=\"has-normal-font-size\" style=\"text-transform:uppercase\">Education<\/p>\n<!-- \/wp:paragraph -->\n\n<!-- wp:paragraph {\"fontSize\":\"medium\"} -->\n<p class=\"has-medium-font-size\">I was born in 1966. Before I completed my training as an actor at the Spielstatt Ulm (1989 to 1993), I gained my first theatre experience at the theatre in the Altstadthof in my hometown of Nuremberg.<\/p>\n<!-- \/wp:paragraph -->\n\n<!-- wp:spacer {\"height\":\"20px\"} -->\n<div style=\"height:20px\" aria-hidden=\"true\" class=\"wp-block-spacer\"><\/div>\n<!-- \/wp:spacer -->\n\n<!-- wp:paragraph {\"style\":{\"typography\":{\"textTransform\":\"uppercase\"}},\"fontSize\":\"normal\"} -->\n<p class=\"has-normal-font-size\" style=\"text-transform:uppercase\">Elsewhere<\/p>\n<!-- \/wp:paragraph -->\n\n<!-- wp:paragraph {\"fontSize\":\"medium\"} -->\n<p class=\"has-medium-font-size\">Afterwards I worke at Schnawwl, the children\u2019s and youth theatre at the Nationaltheater Mannheim (1993 to 1996), and at Junges Theater Z\u00fcrich (1996\/97). From 1998 to 2004 I worked at the Children\u2019s and Youth Theatre of the Landestheater T\u00fcbingen.<\/p>\n<!-- \/wp:paragraph -->\n\n<!-- wp:spacer {\"height\":\"20px\"} -->\n<div style=\"height:20px\" aria-hidden=\"true\" class=\"wp-block-spacer\"><\/div>\n<!-- \/wp:spacer -->\n\n<!-- wp:paragraph {\"style\":{\"typography\":{\"textTransform\":\"uppercase\"}},\"fontSize\":\"normal\"} -->\n<p class=\"has-normal-font-size\" style=\"text-transform:uppercase\">JES! and me<\/p>\n<!-- \/wp:paragraph -->\n\n<!-- wp:paragraph {\"fontSize\":\"medium\"} -->\n<p class=\"has-medium-font-size\">I became part of Junges Ensemble Stuttgart in 2004.<\/p>\n<!-- \/wp:paragraph -->","post_title":"Gerd Ritter","post_excerpt":"","post_status":"publish","comment_status":"closed","ping_status":"closed","post_password":"","post_name":"gerd-ritter","to_ping":"","pinged":"","post_modified":"2022-08-18 15:46:48","post_modified_gmt":"2022-08-18 13:46:48","post_content_filtered":"","post_parent":0,"guid":"https:\/\/www.jes-stuttgart.de\/person\/gerd-ritter\/","menu_order":238,"post_type":"person","post_mime_type":"","comment_count":"0","filter":"raw"},{"ID":5310,"post_author":"13","post_date":"2022-07-07 16:13:15","post_date_gmt":"2022-07-07 14:13:15","post_content":"<!-- wp:image {\"id\":1219,\"sizeSlug\":\"full\",\"linkDestination\":\"none\"} -->\n<figure class=\"wp-block-image size-full\"><img src=\"https:\/\/www.jes-stuttgart.de\/wp-content\/uploads\/jsn3022-edited.jpg\" alt=\"\" class=\"wp-image-1219\"\/><\/figure>\n<!-- \/wp:image -->\n\n<!-- wp:paragraph {\"style\":{\"typography\":{\"textTransform\":\"uppercase\"}},\"fontSize\":\"normal\"} -->\n<p class=\"has-normal-font-size\" style=\"text-transform:uppercase\">Education<\/p>\n<!-- \/wp:paragraph -->\n\n<!-- wp:paragraph {\"fontSize\":\"medium\"} -->\n<p class=\"has-medium-font-size\">I completed my bachelor\u2019s degree at Zurich University of the Arts. In summer 2019, I completed my master\u2019s degree in performance studies at the University of Hamburg.<\/p>\n<!-- \/wp:paragraph -->\n\n<!-- wp:paragraph {\"fontSize\":\"medium\"} -->\n<p class=\"has-medium-font-size\">Elsewhere<\/p>\n<!-- \/wp:paragraph -->\n\n<!-- wp:paragraph {\"fontSize\":\"medium\"} -->\n<p class=\"has-medium-font-size\">After my first permanent job at JES, I was drawn to the independent scene and to the stage again and again as a performer. My projects intersect at the interface between performative experiments, especially for young audiences, and mediation work between theatre and real life. These projects have taken me to Gessnerallee Zurich, Kampnagel in Hamburg, Schlachthaustheater Bern, Schauspielhaus Hamburg and Junges Theater Konstanz, among others.<\/p>\n<!-- \/wp:paragraph -->\n\n<!-- wp:paragraph {\"fontSize\":\"medium\"} -->\n<p class=\"has-medium-font-size\">JES and me<\/p>\n<!-- \/wp:paragraph -->\n\n<!-- wp:paragraph {\"style\":{\"typography\":{\"textTransform\":\"none\"}},\"fontSize\":\"medium\"} -->\n<p class=\"has-medium-font-size\" style=\"text-transform:none\">After completing my bachelor's degree, I was permanently employed as a theatre educator at the JES from 2012-2015. In the 2022\/23 season, I returned to JES as theatre educator, dramaturge and deputy artistic director.<\/p>\n<!-- \/wp:paragraph -->\n\n<!-- wp:spacer {\"height\":\"20px\"} -->\n<div style=\"height:20px\" aria-hidden=\"true\" class=\"wp-block-spacer\"><\/div>\n<!-- \/wp:spacer -->\n\n<!-- wp:paragraph {\"fontSize\":\"normal\"} -->\n<p class=\"has-normal-font-size\">CONTACT<\/p>\n<!-- \/wp:paragraph -->\n\n<!-- wp:paragraph {\"fontSize\":\"medium\"} -->\n<p class=\"has-medium-font-size\"><a href=\"mailto:fredericlilje@jes-stuttgart.de\">fredericlilje@jes-stuttgart.de<\/a><\/p>\n<!-- \/wp:paragraph -->","post_title":"Frederic Lilje (he\/him)","post_excerpt":"","post_status":"publish","comment_status":"closed","ping_status":"closed","post_password":"","post_name":"frederic-lilje","to_ping":"","pinged":"","post_modified":"2024-10-24 11:32:49","post_modified_gmt":"2024-10-24 09:32:49","post_content_filtered":"","post_parent":0,"guid":"https:\/\/www.jes-stuttgart.de\/person\/frederic-lilje\/","menu_order":231,"post_type":"person","post_mime_type":"","comment_count":"0","filter":"raw"}],"cast_person_additional":""},{"cast_position":"\u00dcbersetzung in Deutsche Geb\u00e4rdensprache","cast_person":[],"cast_person_additional":""},{"cast_position":"Inszenierung","cast_person":[{"ID":5278,"post_author":"2","post_date":"2022-07-07 16:00:47","post_date_gmt":"2022-07-07 14:00:47","post_content":"<!-- wp:image {\"id\":1200,\"sizeSlug\":\"full\",\"linkDestination\":\"none\",\"className\":\"is-style-default\"} -->\n<figure class=\"wp-block-image size-full is-style-default\"><img src=\"https:\/\/www.jes-stuttgart.de\/wp-content\/uploads\/jsn4257.jpg\" alt=\"\" class=\"wp-image-1200\"\/><\/figure>\n<!-- \/wp:image -->\n\n<!-- wp:paragraph {\"style\":{\"typography\":{\"textTransform\":\"uppercase\"}},\"fontSize\":\"normal\"} -->\n<p class=\"has-normal-font-size\" style=\"text-transform:uppercase\">Education<\/p>\n<!-- \/wp:paragraph -->\n\n<!-- wp:paragraph {\"fontSize\":\"medium\"} -->\n<p class=\"has-medium-font-size\">After graduating from school and a year of various internships, I was an assistant director at JES from 2004 to 2007, after which I studied acting direction at Theaterakademie Hamburg. In 2018 I completed further education in theatre and music management at the Ludwig-Maximilians-University in Munich.<\/p>\n<!-- \/wp:paragraph -->\n\n<!-- wp:spacer {\"height\":\"20px\"} -->\n<div style=\"height:20px\" aria-hidden=\"true\" class=\"wp-block-spacer\"><\/div>\n<!-- \/wp:spacer -->\n\n<!-- wp:paragraph {\"style\":{\"typography\":{\"textTransform\":\"uppercase\"}},\"fontSize\":\"normal\"} -->\n<p class=\"has-normal-font-size\" style=\"text-transform:uppercase\">Elsewhere<\/p>\n<!-- \/wp:paragraph -->\n\n<!-- wp:paragraph {\"fontSize\":\"medium\"} -->\n<p class=\"has-medium-font-size\">I have been working as a freelance director in theatre for young audiences since 2010. In addition to JES, I have directed at Staatstheater Mainz, GRIPS Theater Berlin, moks junges theatre Bremen, jungen LTT T\u00fcbingen, and at Schauburg Munich, among others. Since 2010 I have also been working as a translator of theatre texts from English into German. Since summer 2019, I have been a member of the board of trustees of the Landesverband der Kunstschulen Baden-W\u00fcrttemberg (State Association of Art Schools Baden-W\u00fcrttemberg).<\/p>\n<!-- \/wp:paragraph -->\n\n<!-- wp:spacer {\"height\":\"20px\"} -->\n<div style=\"height:20px\" aria-hidden=\"true\" class=\"wp-block-spacer\"><\/div>\n<!-- \/wp:spacer -->\n\n<!-- wp:paragraph {\"style\":{\"typography\":{\"textTransform\":\"uppercase\"}},\"fontSize\":\"normal\"} -->\n<p class=\"has-normal-font-size\" style=\"text-transform:uppercase\">JES! And ME<\/p>\n<!-- \/wp:paragraph -->\n\n<!-- wp:paragraph {\"fontSize\":\"medium\"} -->\n<p class=\"has-medium-font-size\">As a freelance director, I have staged \u201cDie besten Beerdigungen der Welt\u201d, \u201cDie Abenteuer des starken Wanja\u201d, \u201cUnsere gro\u00dfe Welt\u201d, \u201cDie Bademattenrepublik\u201d and \u201cUnb\u00e4ndig\u201d at JES. From 2014 to 2022 I was also one of the organisational and production managers of Bright View. I have been the artistic director of JES since the 2022\/23 season.<\/p>\n<!-- \/wp:paragraph -->\n\n<!-- wp:spacer {\"height\":\"20px\"} -->\n<div style=\"height:20px\" aria-hidden=\"true\" class=\"wp-block-spacer\"><\/div>\n<!-- \/wp:spacer -->\n\n<!-- wp:paragraph {\"fontSize\":\"normal\"} -->\n<p class=\"has-normal-font-size\">CONTACT<\/p>\n<!-- \/wp:paragraph -->\n\n<!-- wp:paragraph {\"fontSize\":\"medium\"} -->\n<p class=\"has-medium-font-size\"><a href=\"mailto:intendanz@jes-stuttgart.de\">intendanz@jes-stuttgart.de<\/a><\/p>\n<!-- \/wp:paragraph -->","post_title":"Grete Pagan","post_excerpt":"","post_status":"publish","comment_status":"closed","ping_status":"closed","post_password":"","post_name":"grete-pagan","to_ping":"","pinged":"","post_modified":"2022-08-18 15:41:26","post_modified_gmt":"2022-08-18 13:41:26","post_content_filtered":"","post_parent":0,"guid":"https:\/\/www.jes-stuttgart.de\/person\/grete-pagan\/","menu_order":241,"post_type":"person","post_mime_type":"","comment_count":"0","filter":"raw"}],"cast_person_additional":""},{"cast_position":"B\u00fchnenbild","cast_person":[{"ID":5258,"post_author":"13","post_date":"2022-07-20 20:14:34","post_date_gmt":"2022-07-20 18:14:34","post_content":"<!-- wp:image -->\n<figure class=\"wp-block-image\"><img alt=\"\"\/><\/figure>\n<!-- \/wp:image -->\n\n<!-- wp:paragraph {\"fontSize\":\"medium\"} -->\n<p class=\"has-medium-font-size\">Born in Haan in 1981, Lena Hinz grew up in Wuppertal. She studied stage and costume design at the \u2018Academie voor Beeldende Kunsten Maastricht\u2019 (Netherlands) and at the \u2018National Academy of Arts Sofia\u2019 (Bulgaria) from 2004 to 2008.<\/p>\n<!-- \/wp:paragraph -->\n\n<!-- wp:paragraph {\"fontSize\":\"medium\"} -->\n<p class=\"has-medium-font-size\">Following her studies, she worked as a prop designer at RO Theatre in Rotterdam (Netherlands). At the same time, she worked on several independent dance and drama productions, including at Theaterschool Amsterdam, Frascati WG and RO Theatre.<\/p>\n<!-- \/wp:paragraph -->\n\n<!-- wp:paragraph {\"fontSize\":\"medium\"} -->\n<p class=\"has-medium-font-size\">From 2009 to 2011 she was an assistant set designer at Junges Schauspielhaus in Hamburg. Since 2011 she has been working as a freelance stage and costume designer throughout Germany, including at Junges Ensemble Stuttgart, Junges Schauspielhaus Hamburg, Moks Theatre Bremen and Grips Theatre Berlin.<\/p>\n<!-- \/wp:paragraph -->\n\n<!-- wp:paragraph {\"fontSize\":\"medium\"} -->\n<p class=\"has-medium-font-size\"><\/p>\n<!-- \/wp:paragraph -->\n\n<!-- wp:paragraph {\"fontSize\":\"medium\"} -->\n<p class=\"has-medium-font-size\"><br><br><a rel=\"noreferrer noopener\" href=\"http:\/\/www.lenahinz.de\" data-type=\"URL\" data-id=\"www.lenahinz.de\" target=\"_blank\">www.lenahinz.de<\/a><\/p>\n<!-- \/wp:paragraph -->","post_title":"Lena Hinz","post_excerpt":"","post_status":"publish","comment_status":"closed","ping_status":"closed","post_password":"","post_name":"lena-hinz","to_ping":"","pinged":"","post_modified":"2024-10-23 15:33:22","post_modified_gmt":"2024-10-23 13:33:22","post_content_filtered":"","post_parent":0,"guid":"https:\/\/www.jes-stuttgart.de\/person\/lena-hinz\/","menu_order":191,"post_type":"person","post_mime_type":"","comment_count":"0","filter":"raw"}],"cast_person_additional":""},{"cast_position":"Kost\u00fcm","cast_person":[{"ID":5258,"post_author":"13","post_date":"2022-07-20 20:14:34","post_date_gmt":"2022-07-20 18:14:34","post_content":"<!-- wp:image -->\n<figure class=\"wp-block-image\"><img alt=\"\"\/><\/figure>\n<!-- \/wp:image -->\n\n<!-- wp:paragraph {\"fontSize\":\"medium\"} -->\n<p class=\"has-medium-font-size\">Born in Haan in 1981, Lena Hinz grew up in Wuppertal. She studied stage and costume design at the \u2018Academie voor Beeldende Kunsten Maastricht\u2019 (Netherlands) and at the \u2018National Academy of Arts Sofia\u2019 (Bulgaria) from 2004 to 2008.<\/p>\n<!-- \/wp:paragraph -->\n\n<!-- wp:paragraph {\"fontSize\":\"medium\"} -->\n<p class=\"has-medium-font-size\">Following her studies, she worked as a prop designer at RO Theatre in Rotterdam (Netherlands). At the same time, she worked on several independent dance and drama productions, including at Theaterschool Amsterdam, Frascati WG and RO Theatre.<\/p>\n<!-- \/wp:paragraph -->\n\n<!-- wp:paragraph {\"fontSize\":\"medium\"} -->\n<p class=\"has-medium-font-size\">From 2009 to 2011 she was an assistant set designer at Junges Schauspielhaus in Hamburg. Since 2011 she has been working as a freelance stage and costume designer throughout Germany, including at Junges Ensemble Stuttgart, Junges Schauspielhaus Hamburg, Moks Theatre Bremen and Grips Theatre Berlin.<\/p>\n<!-- \/wp:paragraph -->\n\n<!-- wp:paragraph {\"fontSize\":\"medium\"} -->\n<p class=\"has-medium-font-size\"><\/p>\n<!-- \/wp:paragraph -->\n\n<!-- wp:paragraph {\"fontSize\":\"medium\"} -->\n<p class=\"has-medium-font-size\"><br><br><a rel=\"noreferrer noopener\" href=\"http:\/\/www.lenahinz.de\" data-type=\"URL\" data-id=\"www.lenahinz.de\" target=\"_blank\">www.lenahinz.de<\/a><\/p>\n<!-- \/wp:paragraph -->","post_title":"Lena Hinz","post_excerpt":"","post_status":"publish","comment_status":"closed","ping_status":"closed","post_password":"","post_name":"lena-hinz","to_ping":"","pinged":"","post_modified":"2024-10-23 15:33:22","post_modified_gmt":"2024-10-23 13:33:22","post_content_filtered":"","post_parent":0,"guid":"https:\/\/www.jes-stuttgart.de\/person\/lena-hinz\/","menu_order":191,"post_type":"person","post_mime_type":"","comment_count":"0","filter":"raw"}],"cast_person_additional":""},{"cast_position":"Komposition","cast_person":[{"ID":5277,"post_author":"2","post_date":"2022-07-20 20:54:48","post_date_gmt":"2022-07-20 18:54:48","post_content":"<!-- wp:image -->\n<figure class=\"wp-block-image\"><img alt=\"\"\/><\/figure>\n<!-- \/wp:image -->\n\n<!-- wp:spacer -->\n<div style=\"height:100px\" aria-hidden=\"true\" class=\"wp-block-spacer\"><\/div>\n<!-- \/wp:spacer -->\n\n<!-- wp:paragraph {\"fontSize\":\"medium\"} -->\n<p class=\"has-medium-font-size\">David Pagan, born in 1979 on the border between Scotland and England, studied acting\/music in London and has been living in Germany since 2008. He first worked as a performer and musical director for NIE theatre. He currently performs and composes mainly in theatres in Germany and Europe for young audiences.<\/p>\n<!-- \/wp:paragraph -->","post_title":"David Pagan","post_excerpt":"","post_status":"publish","comment_status":"closed","ping_status":"closed","post_password":"","post_name":"david-pagan","to_ping":"","pinged":"","post_modified":"2022-08-18 15:39:57","post_modified_gmt":"2022-08-18 13:39:57","post_content_filtered":"","post_parent":0,"guid":"https:\/\/www.jes-stuttgart.de\/person\/david-pagan\/","menu_order":170,"post_type":"person","post_mime_type":"","comment_count":"0","filter":"raw"}],"cast_person_additional":""},{"cast_position":"Kampfchoreografie","cast_person":[],"cast_person_additional":""},{"cast_position":"Licht","cast_person":[{"ID":5266,"post_author":"13","post_date":"2022-07-20 20:27:10","post_date_gmt":"2022-07-20 18:27:10","post_content":"<!-- wp:image {\"id\":1909,\"sizeSlug\":\"full\",\"linkDestination\":\"none\"} -->\n<figure class=\"wp-block-image size-full\"><img src=\"https:\/\/www.jes-stuttgart.de\/wp-content\/uploads\/jankeller.jpg\" alt=\"\" class=\"wp-image-1909\"\/><\/figure>\n<!-- \/wp:image -->\n\n<!-- wp:paragraph {\"placeholder\":\"Lorem ipsum dolor sit amet, consetetur sadipscing elitr, sed diam nonumy eirmod tempor invidunt ut labore et dolore magna aliquyam erat, sed diam voluptua. At vero eos et accusam et justo duo dolores et ea rebum. Stet clita kasd gubergren, no sea takimata sanctus est Lorem ipsum dolor sit amet. Lorem ipsum dolor sit amet, consetetur sadipscing elitr, sed diam nonumy eirmod tempor invidunt ut labore et dolore magna aliquyam erat, sed diam voluptua. At vero eos et accusam et justo duo dolores et ea rebum. Stet clita kasd gubergren, no sea takimata sanctus est Lorem ipsum dolor sit amet.\",\"lock\":{\"move\":true,\"remove\":false},\"fontSize\":\"medium\"} -->\n<p class=\"has-medium-font-size\">works in the JES technical team. He has been deputy technical director since the 2019\/20 season.<\/p>\n<!-- \/wp:paragraph -->\n\n<!-- wp:paragraph -->\n<p><\/p>\n<!-- \/wp:paragraph -->\n\n<!-- wp:paragraph {\"fontSize\":\"normal\"} -->\n<p class=\"has-normal-font-size\">CONTACT<\/p>\n<!-- \/wp:paragraph -->\n\n<!-- wp:paragraph {\"fontSize\":\"medium\"} -->\n<p class=\"has-medium-font-size\"><a href=\"mailto:technik@jes-stuttgart.de\">technik@jes-stuttgart.de<\/a><\/p>\n<!-- \/wp:paragraph -->","post_title":"Jan Keller (he\/him)","post_excerpt":"","post_status":"publish","comment_status":"closed","ping_status":"closed","post_password":"","post_name":"jan-keller","to_ping":"","pinged":"","post_modified":"2024-10-24 10:53:03","post_modified_gmt":"2024-10-24 08:53:03","post_content_filtered":"","post_parent":0,"guid":"https:\/\/www.jes-stuttgart.de\/person\/jan-keller\/","menu_order":179,"post_type":"person","post_mime_type":"","comment_count":"0","filter":"raw"}],"cast_person_additional":""},{"cast_position":"Ton","cast_person":[{"ID":5242,"post_author":"13","post_date":"2022-07-20 19:23:54","post_date_gmt":"2022-07-20 17:23:54","post_content":"<!-- wp:image {\"id\":1907,\"sizeSlug\":\"full\",\"linkDestination\":\"none\"} -->\n<figure class=\"wp-block-image size-full\"><img src=\"https:\/\/www.jes-stuttgart.de\/wp-content\/uploads\/christianburkhardt.jpg\" alt=\"\" class=\"wp-image-1907\"\/><\/figure>\n<!-- \/wp:image -->\n\n<!-- wp:paragraph {\"style\":{\"typography\":{\"textTransform\":\"uppercase\"}},\"fontSize\":\"normal\"} -->\n<p class=\"has-normal-font-size\" style=\"text-transform:uppercase\">Education<\/p>\n<!-- \/wp:paragraph -->\n\n<!-- wp:paragraph {\"fontSize\":\"medium\"} -->\n<p class=\"has-medium-font-size\">I completed my vocational training as an event technician at Theater Heilbronn between 2007 and 2010.<\/p>\n<!-- \/wp:paragraph -->\n\n<!-- wp:paragraph {\"fontSize\":\"medium\"} -->\n<p class=\"has-medium-font-size\">Elsewhere<\/p>\n<!-- \/wp:paragraph -->\n\n<!-- wp:paragraph {\"fontSize\":\"medium\"} -->\n<p class=\"has-medium-font-size\">This was followed by work at the Junges Theater Bonn.<\/p>\n<!-- \/wp:paragraph -->\n\n<!-- wp:paragraph {\"fontSize\":\"medium\"} -->\n<p class=\"has-medium-font-size\">JES! and me<\/p>\n<!-- \/wp:paragraph -->\n\n<!-- wp:paragraph {\"fontSize\":\"medium\"} -->\n<p class=\"has-medium-font-size\">I have been working in the technical department at JES since March 2011.<\/p>\n<!-- \/wp:paragraph -->\n\n<!-- wp:paragraph {\"style\":{\"typography\":{\"textTransform\":\"uppercase\"}},\"fontSize\":\"normal\"} -->\n<p class=\"has-normal-font-size\" style=\"text-transform:uppercase\">CONTACT<\/p>\n<!-- \/wp:paragraph -->\n\n<!-- wp:paragraph {\"fontSize\":\"medium\"} -->\n<p class=\"has-medium-font-size\"><a href=\"mailto:technik@jes-stuttgart.de\">technik@jes-stuttgart.de<\/a><\/p>\n<!-- \/wp:paragraph -->","post_title":"Christian Burkhardt (he\/him)","post_excerpt":"","post_status":"publish","comment_status":"closed","ping_status":"closed","post_password":"","post_name":"christian-burkhardt","to_ping":"","pinged":"","post_modified":"2024-10-23 10:44:24","post_modified_gmt":"2024-10-23 08:44:24","post_content_filtered":"","post_parent":0,"guid":"https:\/\/www.jes-stuttgart.de\/person\/christian-burkhardt\/","menu_order":199,"post_type":"person","post_mime_type":"","comment_count":"0","filter":"raw"}],"cast_person_additional":""},{"cast_position":"Dramaturgie","cast_person":[],"cast_person_additional":""},{"cast_position":"Theaterp\u00e4dagogik","cast_person":[{"ID":5276,"post_author":"13","post_date":"2022-07-07 16:18:11","post_date_gmt":"2022-07-07 14:18:11","post_content":"<!-- wp:image {\"id\":33627,\"sizeSlug\":\"full\",\"linkDestination\":\"none\"} -->\n<figure class=\"wp-block-image size-full\"><img src=\"https:\/\/www.jes-stuttgart.de\/wp-content\/uploads\/sezinonay1.jpg\" alt=\"\" class=\"wp-image-33627\"\/><figcaption class=\"wp-element-caption\">Foto: Jan Merkle<\/figcaption><\/figure>\n<!-- \/wp:image -->\n\n<!-- wp:paragraph {\"style\":{\"typography\":{\"textTransform\":\"none\"}},\"fontSize\":\"medium\"} -->\n<p class=\"has-medium-font-size\" style=\"text-transform:none\">Education<\/p>\n<!-- \/wp:paragraph -->\n\n<!-- wp:paragraph {\"fontSize\":\"medium\"} -->\n<p class=\"has-medium-font-size\">I was born in Goslar in 1988. After leaving school, I studied drama and German language and literature at Leibniz University in Hanover and attended seminars at the Braunschweig University of Art and the University of Hildesheim.<\/p>\n<!-- \/wp:paragraph -->\n\n<!-- wp:paragraph {\"fontSize\":\"medium\"} -->\n<p class=\"has-medium-font-size\">Elsewhere<\/p>\n<!-- \/wp:paragraph -->\n\n<!-- wp:paragraph {\"fontSize\":\"medium\"} -->\n<p class=\"has-medium-font-size\">From the beginning of my studies, I was involved in various projects with the youth devision of Theater Hannover. I performed in multiple productions, including by the directors Nurkan Erpulat and Marco \u0160torman and the theatre and performance collective \u2018andcompany&amp;Co\u2019. I worked as an intern in theatre education under the direction of Barbara Kantel and developed my own theatre performances together with people from different backgrounds within the transcultural, intergenerational theatre group \u2018T\u00fcrkisch-Deutsches-Theater\u2019 (TDT) at Theaterhaus Hildesheim. Both during and after my studies, I worked as a freelance theatre educator and led theatre projects with children and young people at Junges Schauspiel Hannover, in youth centres, child and youth counselling centres and associations for intercultural communication, migration and refugee work.<\/p>\n<!-- \/wp:paragraph -->\n\n<!-- wp:paragraph {\"fontSize\":\"medium\"} -->\n<p class=\"has-medium-font-size\">JES! and me<\/p>\n<!-- \/wp:paragraph -->\n\n<!-- wp:paragraph {\"fontSize\":\"medium\"} -->\n<p class=\"has-medium-font-size\">Since the 2016\/2017 season, I have been working as a theatre educator at Junges Ensemble Stuttgart. Among other things, I work in the daycare centre language promotion project and am responsible for the clubs \u2018Club K\u00fclt\u00fcr\u2019 and \u2018Queertown\u2019.<\/p>\n<!-- \/wp:paragraph -->\n\n<!-- wp:paragraph {\"fontSize\":\"medium\"} -->\n<p class=\"has-medium-font-size\">CONTACT<\/p>\n<!-- \/wp:paragraph -->\n\n<!-- wp:paragraph {\"style\":{\"typography\":{\"textTransform\":\"none\"}},\"fontSize\":\"medium\"} -->\n<p class=\"has-medium-font-size\" style=\"text-transform:none\"><a href=\"mailto:Sezin.onay@jes-stuttgart.de\">Sezin.onay@jes-stuttgart.de<\/a><\/p>\n<!-- \/wp:paragraph -->","post_title":"Sezin Onay (she\/her)","post_excerpt":"","post_status":"publish","comment_status":"closed","ping_status":"closed","post_password":"","post_name":"sezin-onay","to_ping":"","pinged":"","post_modified":"2026-03-11 15:42:36","post_modified_gmt":"2026-03-11 14:42:36","post_content_filtered":"","post_parent":0,"guid":"https:\/\/www.jes-stuttgart.de\/person\/sezin-onay\/","menu_order":225,"post_type":"person","post_mime_type":"","comment_count":"0","filter":"raw"}],"cast_person_additional":""},{"cast_position":"Assistenz","cast_person":[],"cast_person_additional":""},{"cast_position":"Technik","cast_person":[{"ID":5235,"post_author":"13","post_date":"2022-07-20 18:55:23","post_date_gmt":"2022-07-20 16:55:23","post_content":"<!-- wp:image {\"id\":1913,\"sizeSlug\":\"full\",\"linkDestination\":\"none\"} -->\n<figure class=\"wp-block-image size-full\"><img src=\"https:\/\/www.jes-stuttgart.de\/wp-content\/uploads\/juppbertels.jpg\" alt=\"\" class=\"wp-image-1913\"\/><\/figure>\n<!-- \/wp:image -->\n\n<!-- wp:paragraph {\"placeholder\":\"Lorem ipsum dolor sit amet, consetetur sadipscing elitr, sed diam nonumy eirmod tempor invidunt ut labore et dolore magna aliquyam erat, sed diam voluptua. At vero eos et accusam et justo duo dolores et ea rebum. Stet clita kasd gubergren, no sea takimata sanctus est Lorem ipsum dolor sit amet. Lorem ipsum dolor sit amet, consetetur sadipscing elitr, sed diam nonumy eirmod tempor invidunt ut labore et dolore magna aliquyam erat, sed diam voluptua. At vero eos et accusam et justo duo dolores et ea rebum. Stet clita kasd gubergren, no sea takimata sanctus est Lorem ipsum dolor sit amet.\",\"lock\":{\"move\":true,\"remove\":false},\"fontSize\":\"medium\"} -->\n<p class=\"has-medium-font-size\">Sebastian \u201cJupp\u201d Bertels has been supporting the JES technical team since the 2022\/23 season.<\/p>\n<!-- \/wp:paragraph -->\n\n<!-- wp:spacer {\"height\":\"20px\"} -->\n<div style=\"height:20px\" aria-hidden=\"true\" class=\"wp-block-spacer\"><\/div>\n<!-- \/wp:spacer -->\n\n<!-- wp:paragraph {\"fontSize\":\"normal\"} -->\n<p class=\"has-normal-font-size\">CONTACT<\/p>\n<!-- \/wp:paragraph -->\n\n<!-- wp:paragraph {\"fontSize\":\"medium\"} -->\n<p class=\"has-medium-font-size\"><a href=\"mailto:technik@jes-stuttgart.de\">technik@jes-stuttgart.de<\/a><\/p>\n<!-- \/wp:paragraph -->","post_title":"Jupp Bertels (he\/him)","post_excerpt":"","post_status":"publish","comment_status":"closed","ping_status":"closed","post_password":"","post_name":"jupp-bertels","to_ping":"","pinged":"","post_modified":"2024-10-23 10:47:52","post_modified_gmt":"2024-10-23 08:47:52","post_content_filtered":"","post_parent":0,"guid":"https:\/\/www.jes-stuttgart.de\/person\/jupp-bertels\/","menu_order":204,"post_type":"person","post_mime_type":"","comment_count":"0","filter":"raw"},{"ID":5240,"post_author":"13","post_date":"2022-06-30 10:35:03","post_date_gmt":"2022-06-30 08:35:03","post_content":"<!-- wp:image {\"id\":1919,\"sizeSlug\":\"full\",\"linkDestination\":\"none\"} -->\n<figure class=\"wp-block-image size-full\"><img src=\"https:\/\/www.jes-stuttgart.de\/wp-content\/uploads\/melaniebrunner.jpg\" alt=\"\" class=\"wp-image-1919\"\/><\/figure>\n<!-- \/wp:image -->\n\n<!-- wp:paragraph {\"placeholder\":\"Lorem ipsum dolor sit amet, consetetur sadipscing elitr, sed diam nonumy eirmod tempor invidunt ut labore et dolore magna aliquyam erat, sed diam voluptua. At vero eos et accusam et justo duo dolores et ea rebum. Stet clita kasd gubergren, no sea takimata sanctus est Lorem ipsum dolor sit amet. Lorem ipsum dolor sit amet, consetetur sadipscing elitr, sed diam nonumy eirmod tempor invidunt ut labore et dolore magna aliquyam erat, sed diam voluptua. At vero eos et accusam et justo duo dolores et ea rebum. Stet clita kasd gubergren, no sea takimata sanctus est Lorem ipsum dolor sit amet.\",\"lock\":{\"move\":true,\"remove\":false},\"fontSize\":\"medium\"} -->\n<p class=\"has-medium-font-size\">joined the technical and engineering team at JES in the 2016\/17 season.<\/p>\n<!-- \/wp:paragraph -->\n\n<!-- wp:paragraph {\"placeholder\":\"Lorem ipsum dolor sit amet, consetetur sadipscing elitr, sed diam nonumy eirmod tempor invidunt ut labore et dolore magna aliquyam erat, sed diam voluptua. At vero eos et accusam et justo duo dolores et ea rebum. Stet clita kasd gubergren, no sea takimata sanctus est Lorem ipsum dolor sit amet. Lorem ipsum dolor sit amet, consetetur sadipscing elitr, sed diam nonumy eirmod tempor invidunt ut labore et dolore magna aliquyam erat, sed diam voluptua. At vero eos et accusam et justo duo dolores et ea rebum. Stet clita kasd gubergren, no sea takimata sanctus est Lorem ipsum dolor sit amet.\",\"lock\":{\"move\":true,\"remove\":false},\"fontSize\":\"medium\"} -->\n<p class=\"has-medium-font-size\">CONTACT<\/p>\n<!-- \/wp:paragraph -->\n\n<!-- wp:paragraph {\"fontSize\":\"medium\"} -->\n<p class=\"has-medium-font-size\"><a href=\"mailto:technik@jes-stuttgart.de\">technik@jes-stuttgart.de<\/a><\/p>\n<!-- \/wp:paragraph -->","post_title":"Melanie Brunner (she\/her)","post_excerpt":"","post_status":"publish","comment_status":"closed","ping_status":"closed","post_password":"","post_name":"melanie-brunner","to_ping":"","pinged":"","post_modified":"2024-10-23 10:56:21","post_modified_gmt":"2024-10-23 08:56:21","post_content_filtered":"","post_parent":0,"guid":"https:\/\/www.jes-stuttgart.de\/person\/melanie-brunner\/","menu_order":246,"post_type":"person","post_mime_type":"","comment_count":"0","filter":"raw"},{"ID":5242,"post_author":"13","post_date":"2022-07-20 19:23:54","post_date_gmt":"2022-07-20 17:23:54","post_content":"<!-- wp:image {\"id\":1907,\"sizeSlug\":\"full\",\"linkDestination\":\"none\"} -->\n<figure class=\"wp-block-image size-full\"><img src=\"https:\/\/www.jes-stuttgart.de\/wp-content\/uploads\/christianburkhardt.jpg\" alt=\"\" class=\"wp-image-1907\"\/><\/figure>\n<!-- \/wp:image -->\n\n<!-- wp:paragraph {\"style\":{\"typography\":{\"textTransform\":\"uppercase\"}},\"fontSize\":\"normal\"} -->\n<p class=\"has-normal-font-size\" style=\"text-transform:uppercase\">Education<\/p>\n<!-- \/wp:paragraph -->\n\n<!-- wp:paragraph {\"fontSize\":\"medium\"} -->\n<p class=\"has-medium-font-size\">I completed my vocational training as an event technician at Theater Heilbronn between 2007 and 2010.<\/p>\n<!-- \/wp:paragraph -->\n\n<!-- wp:paragraph {\"fontSize\":\"medium\"} -->\n<p class=\"has-medium-font-size\">Elsewhere<\/p>\n<!-- \/wp:paragraph -->\n\n<!-- wp:paragraph {\"fontSize\":\"medium\"} -->\n<p class=\"has-medium-font-size\">This was followed by work at the Junges Theater Bonn.<\/p>\n<!-- \/wp:paragraph -->\n\n<!-- wp:paragraph {\"fontSize\":\"medium\"} -->\n<p class=\"has-medium-font-size\">JES! and me<\/p>\n<!-- \/wp:paragraph -->\n\n<!-- wp:paragraph {\"fontSize\":\"medium\"} -->\n<p class=\"has-medium-font-size\">I have been working in the technical department at JES since March 2011.<\/p>\n<!-- \/wp:paragraph -->\n\n<!-- wp:paragraph {\"style\":{\"typography\":{\"textTransform\":\"uppercase\"}},\"fontSize\":\"normal\"} -->\n<p class=\"has-normal-font-size\" style=\"text-transform:uppercase\">CONTACT<\/p>\n<!-- \/wp:paragraph -->\n\n<!-- wp:paragraph {\"fontSize\":\"medium\"} -->\n<p class=\"has-medium-font-size\"><a href=\"mailto:technik@jes-stuttgart.de\">technik@jes-stuttgart.de<\/a><\/p>\n<!-- \/wp:paragraph -->","post_title":"Christian Burkhardt (he\/him)","post_excerpt":"","post_status":"publish","comment_status":"closed","ping_status":"closed","post_password":"","post_name":"christian-burkhardt","to_ping":"","pinged":"","post_modified":"2024-10-23 10:44:24","post_modified_gmt":"2024-10-23 08:44:24","post_content_filtered":"","post_parent":0,"guid":"https:\/\/www.jes-stuttgart.de\/person\/christian-burkhardt\/","menu_order":199,"post_type":"person","post_mime_type":"","comment_count":"0","filter":"raw"},{"ID":5254,"post_author":"13","post_date":"2022-07-20 20:00:49","post_date_gmt":"2022-07-20 18:00:49","post_content":"<!-- wp:image {\"id\":1921,\"sizeSlug\":\"full\",\"linkDestination\":\"none\"} -->\n<figure class=\"wp-block-image size-full\"><img src=\"https:\/\/www.jes-stuttgart.de\/wp-content\/uploads\/stevengorecki.jpg\" alt=\"\" class=\"wp-image-1921\"\/><\/figure>\n<!-- \/wp:image -->\n\n<!-- wp:paragraph {\"style\":{\"typography\":{\"textTransform\":\"uppercase\"}},\"fontSize\":\"normal\"} -->\n<p class=\"has-normal-font-size\" style=\"text-transform:uppercase\">Education<\/p>\n<!-- \/wp:paragraph -->\n\n<!-- wp:paragraph {\"fontSize\":\"medium\"} -->\n<p class=\"has-medium-font-size\">Originally, I trained as a carpenter.<\/p>\n<!-- \/wp:paragraph -->\n\n<!-- wp:spacer {\"height\":\"20px\"} -->\n<div style=\"height:20px\" aria-hidden=\"true\" class=\"wp-block-spacer\"><\/div>\n<!-- \/wp:spacer -->\n\n<!-- wp:paragraph {\"style\":{\"typography\":{\"textTransform\":\"uppercase\"}},\"fontSize\":\"normal\"} -->\n<p class=\"has-normal-font-size\" style=\"text-transform:uppercase\">Elsewhere<\/p>\n<!-- \/wp:paragraph -->\n\n<!-- wp:paragraph {\"fontSize\":\"medium\"} -->\n<p class=\"has-medium-font-size\">After that I worked first as a stage technician at Nationaltheater Mannheim, then as a self-employed event technician and finally as deputy head of the studio technology department at the Nationaltheater (as an employee of the technical directorate from 2001 to 2007). My responsibilities included the management of the \u201cEvent Technology\u201d department, technical management and event-technical supervision of performance operations in Studio Werkhaus as well as rehearsal operations at the Nationaltheater, as well as special events and guest performance tours and the production management in all four sections of the Nationaltheater.<br>I also took over the technical and spatial conception and supervision of the reconstruction and renovation of the rehearsal stage centre in Mannheim as well as the conception, planning and construction management for the reconstruction of the studio stage, including the complete stage, lighting, sound and building services of all foyers, dressing rooms, storage and prop\/mask rooms. During my time at Nationaltheater Mannheim, I completed various further training courses: Master of Event Technology specialised in stage\/studio as well as lighting, as an electrician for event technology and business economics of the trade.<\/p>\n<!-- \/wp:paragraph -->\n\n<!-- wp:spacer {\"height\":\"20px\"} -->\n<div style=\"height:20px\" aria-hidden=\"true\" class=\"wp-block-spacer\"><\/div>\n<!-- \/wp:spacer -->\n\n<!-- wp:paragraph {\"fontSize\":\"medium\"} -->\n<p class=\"has-medium-font-size\">From 2007 onwards I worked as a self-employed event technician, among others at the Schwetzingen Festival, at Moers Schlosstheater and at the Bayreuth Festival in 2008, 2009 and 2010.<\/p>\n<!-- \/wp:paragraph -->\n\n<!-- wp:spacer {\"height\":\"20px\"} -->\n<div style=\"height:20px\" aria-hidden=\"true\" class=\"wp-block-spacer\"><\/div>\n<!-- \/wp:spacer -->\n\n<!-- wp:paragraph {\"style\":{\"typography\":{\"textTransform\":\"uppercase\"}},\"fontSize\":\"normal\"} -->\n<p class=\"has-normal-font-size\" style=\"text-transform:uppercase\">JES! and me<\/p>\n<!-- \/wp:paragraph -->\n\n<!-- wp:paragraph {\"fontSize\":\"medium\"} -->\n<p class=\"has-medium-font-size\">Since the 2009\/10 season he has been technical director of Junges Ensemble Stuttgart.<\/p>\n<!-- \/wp:paragraph -->\n\n<!-- wp:spacer {\"height\":\"20px\"} -->\n<div style=\"height:20px\" aria-hidden=\"true\" class=\"wp-block-spacer\"><\/div>\n<!-- \/wp:spacer -->\n\n<!-- wp:paragraph {\"fontSize\":\"normal\"} -->\n<p class=\"has-normal-font-size\">CONTACT<\/p>\n<!-- \/wp:paragraph -->\n\n<!-- wp:paragraph {\"fontSize\":\"medium\"} -->\n<p class=\"has-medium-font-size\"><a href=\"mailto:Steven.gorecki@jes-stuttgart.de\">Steven.gorecki@jes-stuttgart.de<\/a><\/p>\n<!-- \/wp:paragraph -->","post_title":"Steven Gorecki (he\/him)","post_excerpt":"","post_status":"publish","comment_status":"closed","ping_status":"closed","post_password":"","post_name":"steven-gorecki","to_ping":"","pinged":"","post_modified":"2024-10-23 15:15:41","post_modified_gmt":"2024-10-23 13:15:41","post_content_filtered":"","post_parent":0,"guid":"https:\/\/www.jes-stuttgart.de\/person\/steven-gorecki\/","menu_order":194,"post_type":"person","post_mime_type":"","comment_count":"0","filter":"raw"},{"ID":5266,"post_author":"13","post_date":"2022-07-20 20:27:10","post_date_gmt":"2022-07-20 18:27:10","post_content":"<!-- wp:image {\"id\":1909,\"sizeSlug\":\"full\",\"linkDestination\":\"none\"} -->\n<figure class=\"wp-block-image size-full\"><img src=\"https:\/\/www.jes-stuttgart.de\/wp-content\/uploads\/jankeller.jpg\" alt=\"\" class=\"wp-image-1909\"\/><\/figure>\n<!-- \/wp:image -->\n\n<!-- wp:paragraph {\"placeholder\":\"Lorem ipsum dolor sit amet, consetetur sadipscing elitr, sed diam nonumy eirmod tempor invidunt ut labore et dolore magna aliquyam erat, sed diam voluptua. At vero eos et accusam et justo duo dolores et ea rebum. Stet clita kasd gubergren, no sea takimata sanctus est Lorem ipsum dolor sit amet. Lorem ipsum dolor sit amet, consetetur sadipscing elitr, sed diam nonumy eirmod tempor invidunt ut labore et dolore magna aliquyam erat, sed diam voluptua. At vero eos et accusam et justo duo dolores et ea rebum. Stet clita kasd gubergren, no sea takimata sanctus est Lorem ipsum dolor sit amet.\",\"lock\":{\"move\":true,\"remove\":false},\"fontSize\":\"medium\"} -->\n<p class=\"has-medium-font-size\">works in the JES technical team. He has been deputy technical director since the 2019\/20 season.<\/p>\n<!-- \/wp:paragraph -->\n\n<!-- wp:paragraph -->\n<p><\/p>\n<!-- \/wp:paragraph -->\n\n<!-- wp:paragraph {\"fontSize\":\"normal\"} -->\n<p class=\"has-normal-font-size\">CONTACT<\/p>\n<!-- \/wp:paragraph -->\n\n<!-- wp:paragraph {\"fontSize\":\"medium\"} -->\n<p class=\"has-medium-font-size\"><a href=\"mailto:technik@jes-stuttgart.de\">technik@jes-stuttgart.de<\/a><\/p>\n<!-- \/wp:paragraph -->","post_title":"Jan Keller (he\/him)","post_excerpt":"","post_status":"publish","comment_status":"closed","ping_status":"closed","post_password":"","post_name":"jan-keller","to_ping":"","pinged":"","post_modified":"2024-10-24 10:53:03","post_modified_gmt":"2024-10-24 08:53:03","post_content_filtered":"","post_parent":0,"guid":"https:\/\/www.jes-stuttgart.de\/person\/jan-keller\/","menu_order":179,"post_type":"person","post_mime_type":"","comment_count":"0","filter":"raw"},{"ID":5300,"post_author":"13","post_date":"2022-07-20 21:39:54","post_date_gmt":"2022-07-20 19:39:54","post_content":"<!-- wp:paragraph {\"fontSize\":\"normal\"} -->\n<p class=\"has-normal-font-size\">JES staff member, technician, workshop<\/p>\n<!-- \/wp:paragraph -->\n\n<!-- wp:paragraph {\"fontSize\":\"normal\"} -->\n<p class=\"has-normal-font-size\">Wolfram St\u00f6ckl has been part of the technical team at JES since the 2014\/15 season.<\/p>\n<!-- \/wp:paragraph -->\n\n<!-- wp:paragraph {\"fontSize\":\"normal\"} -->\n<p class=\"has-normal-font-size\">CONTACT<\/p>\n<!-- \/wp:paragraph -->\n\n<!-- wp:paragraph {\"fontSize\":\"normal\"} -->\n<p class=\"has-normal-font-size\"><a href=\"mailto:technik@jes-stuttgart.de\">technik@jes-stuttgart.de<\/a><\/p>\n<!-- \/wp:paragraph -->\n\n<!-- wp:paragraph -->\n<p><\/p>\n<!-- \/wp:paragraph -->","post_title":"Wolfram St\u00f6ckl","post_excerpt":"","post_status":"publish","comment_status":"closed","ping_status":"closed","post_password":"","post_name":"wolfram-stoeckl","to_ping":"","pinged":"","post_modified":"2024-10-23 15:16:00","post_modified_gmt":"2024-10-23 13:16:00","post_content_filtered":"","post_parent":0,"guid":"https:\/\/www.jes-stuttgart.de\/person\/wolfram-stoeckl\/","menu_order":154,"post_type":"person","post_mime_type":"","comment_count":"0","filter":"raw"}],"cast_person_additional":""},{"cast_position":"Ausstattung &amp; Schneiderei","cast_person":[{"ID":5232,"post_author":"13","post_date":"2022-07-07 16:15:59","post_date_gmt":"2022-07-07 14:15:59","post_content":"<!-- wp:image {\"id\":1217,\"sizeSlug\":\"full\",\"linkDestination\":\"none\"} -->\n<figure class=\"wp-block-image size-full\"><img src=\"https:\/\/www.jes-stuttgart.de\/wp-content\/uploads\/jsn3450-edited.jpg\" alt=\"\" class=\"wp-image-1217\"\/><\/figure>\n<!-- \/wp:image -->\n\n<!-- wp:paragraph {\"style\":{\"typography\":{\"textTransform\":\"uppercase\"}},\"fontSize\":\"normal\"} -->\n<p class=\"has-normal-font-size\" style=\"text-transform:uppercase\">Education<\/p>\n<!-- \/wp:paragraph -->\n\n<!-- wp:paragraph {\"fontSize\":\"medium\"} -->\n<p class=\"has-medium-font-size\">I came to Stuttgart to study interior design at FHT and stayed here - but not as an interior designer! Pretty soon I was happily letting myself fall into the waters of the theatre seas...<\/p>\n<!-- \/wp:paragraph -->\n\n<!-- wp:paragraph {\"fontSize\":\"medium\"} -->\n<p class=\"has-medium-font-size\">Elsewhere<\/p>\n<!-- \/wp:paragraph -->\n\n<!-- wp:paragraph {\"fontSize\":\"medium\"} -->\n<p class=\"has-medium-font-size\">In addition to the waters of the Staatstheater Stuttgart, the current has also repeatedly driven me further north, e.g. to Hebbel am Ufer in Berlin.<\/p>\n<!-- \/wp:paragraph -->\n\n<!-- wp:paragraph {\"fontSize\":\"medium\"} -->\n<p class=\"has-medium-font-size\">JES! and me<\/p>\n<!-- \/wp:paragraph -->\n\n<!-- wp:paragraph {\"fontSize\":\"medium\"} -->\n<p class=\"has-medium-font-size\">I started at JES as a temporary set sailor, but after immersing myself in other film and theatre worlds, I have always enjoyed sailing back to JES and have been a permanent member of the colourful set team since 2016.<\/p>\n<!-- \/wp:paragraph -->\n\n<!-- wp:paragraph {\"style\":{\"typography\":{\"textTransform\":\"uppercase\"}},\"fontSize\":\"normal\"} -->\n<p class=\"has-normal-font-size\" style=\"text-transform:uppercase\">CONTACT<\/p>\n<!-- \/wp:paragraph -->\n\n<!-- wp:paragraph {\"fontSize\":\"medium\"} -->\n<p class=\"has-medium-font-size\"><a href=\"mailto:ausstattung@jes-stuttgart.de\">ausstattung@jes-stuttgart.de<\/a><\/p>\n<!-- \/wp:paragraph -->","post_title":"Christine Bentele (she\/her)","post_excerpt":"","post_status":"publish","comment_status":"closed","ping_status":"closed","post_password":"","post_name":"christine-bentele","to_ping":"","pinged":"","post_modified":"2024-10-23 10:54:08","post_modified_gmt":"2024-10-23 08:54:08","post_content_filtered":"","post_parent":0,"guid":"https:\/\/www.jes-stuttgart.de\/person\/christine-bentele\/","menu_order":228,"post_type":"person","post_mime_type":"","comment_count":"0","filter":"raw"},{"ID":5290,"post_author":"13","post_date":"2022-07-07 16:14:19","post_date_gmt":"2022-07-07 14:14:19","post_content":"<!-- wp:image {\"id\":1911,\"sizeSlug\":\"full\",\"linkDestination\":\"none\"} -->\n<figure class=\"wp-block-image size-full\"><img src=\"https:\/\/www.jes-stuttgart.de\/wp-content\/uploads\/juliascholz.jpg\" alt=\"\" class=\"wp-image-1911\"\/><\/figure>\n<!-- \/wp:image -->\n\n<!-- wp:paragraph {\"style\":{\"typography\":{\"textTransform\":\"uppercase\"}},\"fontSize\":\"normal\"} -->\n<p class=\"has-normal-font-size\" style=\"text-transform:uppercase\"><\/p>\n<!-- \/wp:paragraph -->\n\n<!-- wp:paragraph {\"fontSize\":\"medium\"} -->\n<p class=\"has-medium-font-size\">Education<\/p>\n<!-- \/wp:paragraph -->\n\n<!-- wp:paragraph {\"fontSize\":\"medium\"} -->\n<p class=\"has-medium-font-size\">I studied set and costume design at Central St Martin\u02bcs College of Art and Design in London.<\/p>\n<!-- \/wp:paragraph -->\n\n<!-- wp:paragraph {\"fontSize\":\"medium\"} -->\n<p class=\"has-medium-font-size\">Elsewhere<\/p>\n<!-- \/wp:paragraph -->\n\n<!-- wp:paragraph {\"fontSize\":\"medium\"} -->\n<p class=\"has-medium-font-size\">From 1997 to 2002 I worked as a stage design assistant at theatres in Cologne City, Staatstheater and Thalia Theater Hamburg, where I was able to work with directors such as Michael Thalheimer, Stephan Kimmig and Leander Haussmann.<\/p>\n<!-- \/wp:paragraph -->\n\n<!-- wp:paragraph {\"fontSize\":\"medium\"} -->\n<p class=\"has-medium-font-size\">In Hamburg I met the director Jorinde Dr\u00f6se, with whom I created numerous productions as a stage and costume designer from 2002 onwards at theatres such as Schauspiel Bochum, Schauspiel Frankfurt, Schauspiel Leipzig and Volkstheater M\u00fcnchen.<\/p>\n<!-- \/wp:paragraph -->\n\n<!-- wp:paragraph {\"fontSize\":\"medium\"} -->\n<p class=\"has-medium-font-size\">I have also created many stage and costume designs with the directors Sabine Harbeke, Klaus Hemmerle, Alexander Schilling and H\u00fcseyin Michael Circipi at the Heilbronn Theatre, Landestheater Innsbruck and Theater Ingolstadt, among others.<\/p>\n<!-- \/wp:paragraph -->\n\n<!-- wp:paragraph {\"fontSize\":\"medium\"} -->\n<p class=\"has-medium-font-size\">JES! and me<\/p>\n<!-- \/wp:paragraph -->\n\n<!-- wp:paragraph {\"fontSize\":\"medium\"} -->\n<p class=\"has-medium-font-size\">I joined JES in 2018 as head of set design, much to the delight of my sons, with whom I live here in Stuttgart.<\/p>\n<!-- \/wp:paragraph -->\n\n<!-- wp:paragraph {\"fontSize\":\"medium\"} -->\n<p class=\"has-medium-font-size\">CONTACT<\/p>\n<!-- \/wp:paragraph -->\n\n<!-- wp:paragraph {\"fontSize\":\"medium\"} -->\n<p class=\"has-medium-font-size\"><a href=\"mailto:julia.scholz@jes-stuttgart.de\">julia.scholz@jes-stuttgart.de<\/a><\/p>\n<!-- \/wp:paragraph -->","post_title":"Julia Scholz (she\/her)","post_excerpt":"","post_status":"publish","comment_status":"closed","ping_status":"closed","post_password":"","post_name":"julia-scholz","to_ping":"","pinged":"","post_modified":"2024-10-29 12:30:55","post_modified_gmt":"2024-10-29 11:30:55","post_content_filtered":"","post_parent":0,"guid":"https:\/\/www.jes-stuttgart.de\/person\/julia-scholz\/","menu_order":230,"post_type":"person","post_mime_type":"","comment_count":"0","filter":"raw"},{"ID":5292,"post_author":"13","post_date":"2022-07-07 16:19:51","post_date_gmt":"2022-07-07 14:19:51","post_content":"<!-- wp:paragraph {\"style\":{\"typography\":{\"textTransform\":\"uppercase\"}},\"fontSize\":\"normal\"} -->\n<p class=\"has-normal-font-size\" style=\"text-transform:uppercase\"><a href=\"https:\/\/www.jes-stuttgart.de\/personen\/#collapsible-person-573\"><\/a><\/p>\n<!-- \/wp:paragraph -->\n\n<!-- wp:paragraph -->\n<p><\/p>\n<!-- \/wp:paragraph -->\n\n<!-- wp:paragraph {\"fontSize\":\"medium\"} -->\n<p class=\"has-medium-font-size\">Elsewhere<\/p>\n<!-- \/wp:paragraph -->\n\n<!-- wp:paragraph {\"fontSize\":\"medium\"} -->\n<p class=\"has-medium-font-size\">I have been drawn to the theatre since I was a child. My first internship in 2008\/2009 was at JES in the set design department. Since then, I have worked there on and off as a temp.<\/p>\n<!-- \/wp:paragraph -->\n\n<!-- wp:paragraph {\"fontSize\":\"medium\"} -->\n<p class=\"has-medium-font-size\">At Staatstheater Stuttgart, I worked as a costume and set designer for Christian Tschirner and Corinna Harfouch, among others. I also worked there as a production assistant on the international theatre project \u2018Orient Express\u2019. At the Ludwigsburg Film Academy, I was able to immerse myself as a set designer in the world of film. I also worked in the costume department at Altes Schauspielhaus and the Palladium.<\/p>\n<!-- \/wp:paragraph -->\n\n<!-- wp:paragraph {\"fontSize\":\"medium\"} -->\n<p class=\"has-medium-font-size\">My additional expertise includes training as a carpenter, a year studying expressive dance and training as a textile designer in the craft of weaving.<\/p>\n<!-- \/wp:paragraph -->\n\n<!-- wp:paragraph {\"fontSize\":\"medium\"} -->\n<p class=\"has-medium-font-size\">JES! and me<\/p>\n<!-- \/wp:paragraph -->\n\n<!-- wp:paragraph {\"fontSize\":\"medium\"} -->\n<p class=\"has-medium-font-size\">I have been supporting the JES equipment team as a member of staff since the 2021\/2022 season.<\/p>\n<!-- \/wp:paragraph -->\n\n<!-- wp:paragraph {\"fontSize\":\"medium\"} -->\n<p class=\"has-medium-font-size\">CONTACT<\/p>\n<!-- \/wp:paragraph -->\n\n<!-- wp:paragraph {\"fontSize\":\"medium\"} -->\n<p class=\"has-medium-font-size\"><a href=\"mailto:ausstattung@jes-stuttgart.de\">ausstattung@jes-stuttgart.de<\/a><\/p>\n<!-- \/wp:paragraph -->\n\n<!-- wp:paragraph -->\n<p><\/p>\n<!-- \/wp:paragraph -->","post_title":"Friederike Sch\u00fctthoff (she\/her)","post_excerpt":"","post_status":"publish","comment_status":"closed","ping_status":"closed","post_password":"","post_name":"friederike-schuettoff","to_ping":"","pinged":"","post_modified":"2024-10-29 12:28:53","post_modified_gmt":"2024-10-29 11:28:53","post_content_filtered":"","post_parent":0,"guid":"https:\/\/www.jes-stuttgart.de\/person\/friederike-schuettoff\/","menu_order":223,"post_type":"person","post_mime_type":"","comment_count":"0","filter":"raw"},{"ID":19916,"post_author":"13","post_date":"2022-09-22 12:40:54","post_date_gmt":"2022-09-22 10:40:54","post_content":"<!-- wp:image {\"id\":11346,\"width\":\"659px\",\"height\":\"847px\",\"sizeSlug\":\"full\",\"linkDestination\":\"none\"} -->\n<figure class=\"wp-block-image size-full is-resized\"><img src=\"https:\/\/www.jes-stuttgart.de\/wp-content\/uploads\/michaela-brosch.jpeg\" alt=\"\" class=\"wp-image-11346\" style=\"width:659px;height:847px\"\/><\/figure>\n<!-- \/wp:image -->\n\n<!-- wp:paragraph {\"fontSize\":\"medium\"} -->\n<p class=\"has-medium-font-size\">Education:<\/p>\n<!-- \/wp:paragraph -->\n\n<!-- wp:paragraph {\"fontSize\":\"medium\"} -->\n<p class=\"has-medium-font-size\">Training as a designer, followed by art studies, artistic photography, costume painting<\/p>\n<!-- \/wp:paragraph -->\n\n<!-- wp:paragraph {\"fontSize\":\"medium\"} -->\n<p class=\"has-medium-font-size\">Elsewhere:<\/p>\n<!-- \/wp:paragraph -->\n\n<!-- wp:paragraph {\"fontSize\":\"medium\"} -->\n<p class=\"has-medium-font-size\">Has worked in theatre since 1996. Stage decorator and technician at Altes Schauspielhaus Stuttgart<\/p>\n<!-- \/wp:paragraph -->\n\n<!-- wp:paragraph {\"fontSize\":\"medium\"} -->\n<p class=\"has-medium-font-size\">Costume painter at Stage Entertainment Stuttgart\/Berlin\/London<\/p>\n<!-- \/wp:paragraph -->\n\n<!-- wp:paragraph {\"fontSize\":\"medium\"} -->\n<p class=\"has-medium-font-size\">Assistant set designer for sets of the city of Bonn<\/p>\n<!-- \/wp:paragraph -->\n\n<!-- wp:paragraph {\"fontSize\":\"medium\"} -->\n<p class=\"has-medium-font-size\">Freelance set designer and costume painter for theatre and film<\/p>\n<!-- \/wp:paragraph -->\n\n<!-- wp:paragraph {\"fontSize\":\"medium\"} -->\n<p class=\"has-medium-font-size\">Set design for Junges Ensemble Stuttgart<\/p>\n<!-- \/wp:paragraph -->\n\n<!-- wp:paragraph {\"fontSize\":\"medium\"} -->\n<p class=\"has-medium-font-size\">Costume designer for Staatstheater Stuttgart<\/p>\n<!-- \/wp:paragraph -->\n\n<!-- wp:paragraph {\"fontSize\":\"medium\"} -->\n<p class=\"has-medium-font-size\">Jes and me:<\/p>\n<!-- \/wp:paragraph -->\n\n<!-- wp:paragraph {\"fontSize\":\"medium\"} -->\n<p class=\"has-medium-font-size\">Started in set design in 2004 before the theatre opened and stayed until 2021.<\/p>\n<!-- \/wp:paragraph -->\n\n<!-- wp:paragraph {\"fontSize\":\"medium\"} -->\n<p class=\"has-medium-font-size\">Saw and experienced a lot of wonderful things and met great people.<\/p>\n<!-- \/wp:paragraph -->\n\n<!-- wp:paragraph {\"fontSize\":\"medium\"} -->\n<p class=\"has-medium-font-size\">Connections.<\/p>\n<!-- \/wp:paragraph -->\n\n<!-- wp:paragraph {\"fontSize\":\"medium\"} -->\n<p class=\"has-medium-font-size\"><\/p>\n<!-- \/wp:paragraph -->\n\n<!-- wp:paragraph -->\n<p><\/p>\n<!-- \/wp:paragraph -->","post_title":"Michaela Brosch","post_excerpt":"","post_status":"publish","comment_status":"closed","ping_status":"closed","post_password":"","post_name":"michaela-brosch","to_ping":"","pinged":"","post_modified":"2024-10-23 10:42:32","post_modified_gmt":"2024-10-23 08:42:32","post_content_filtered":"","post_parent":0,"guid":"https:\/\/www.jes-stuttgart.de\/person\/michaela-brosch\/","menu_order":144,"post_type":"person","post_mime_type":"","comment_count":"0","filter":"raw"}],"cast_person_additional":"Inga T\u00f6perwien"}],"cast_member":[{"ID":5310,"post_author":"13","post_date":"2022-07-07 16:13:15","post_date_gmt":"2022-07-07 14:13:15","post_content":"<!-- wp:image {\"id\":1219,\"sizeSlug\":\"full\",\"linkDestination\":\"none\"} -->\n<figure class=\"wp-block-image size-full\"><img src=\"https:\/\/www.jes-stuttgart.de\/wp-content\/uploads\/jsn3022-edited.jpg\" alt=\"\" class=\"wp-image-1219\"\/><\/figure>\n<!-- \/wp:image -->\n\n<!-- wp:paragraph {\"style\":{\"typography\":{\"textTransform\":\"uppercase\"}},\"fontSize\":\"normal\"} -->\n<p class=\"has-normal-font-size\" style=\"text-transform:uppercase\">Education<\/p>\n<!-- \/wp:paragraph -->\n\n<!-- wp:paragraph {\"fontSize\":\"medium\"} -->\n<p class=\"has-medium-font-size\">I completed my bachelor\u2019s degree at Zurich University of the Arts. In summer 2019, I completed my master\u2019s degree in performance studies at the University of Hamburg.<\/p>\n<!-- \/wp:paragraph -->\n\n<!-- wp:paragraph {\"fontSize\":\"medium\"} -->\n<p class=\"has-medium-font-size\">Elsewhere<\/p>\n<!-- \/wp:paragraph -->\n\n<!-- wp:paragraph {\"fontSize\":\"medium\"} -->\n<p class=\"has-medium-font-size\">After my first permanent job at JES, I was drawn to the independent scene and to the stage again and again as a performer. My projects intersect at the interface between performative experiments, especially for young audiences, and mediation work between theatre and real life. These projects have taken me to Gessnerallee Zurich, Kampnagel in Hamburg, Schlachthaustheater Bern, Schauspielhaus Hamburg and Junges Theater Konstanz, among others.<\/p>\n<!-- \/wp:paragraph -->\n\n<!-- wp:paragraph {\"fontSize\":\"medium\"} -->\n<p class=\"has-medium-font-size\">JES and me<\/p>\n<!-- \/wp:paragraph -->\n\n<!-- wp:paragraph {\"style\":{\"typography\":{\"textTransform\":\"none\"}},\"fontSize\":\"medium\"} -->\n<p class=\"has-medium-font-size\" style=\"text-transform:none\">After completing my bachelor's degree, I was permanently employed as a theatre educator at the JES from 2012-2015. In the 2022\/23 season, I returned to JES as theatre educator, dramaturge and deputy artistic director.<\/p>\n<!-- \/wp:paragraph -->\n\n<!-- wp:spacer {\"height\":\"20px\"} -->\n<div style=\"height:20px\" aria-hidden=\"true\" class=\"wp-block-spacer\"><\/div>\n<!-- \/wp:spacer -->\n\n<!-- wp:paragraph {\"fontSize\":\"normal\"} -->\n<p class=\"has-normal-font-size\">CONTACT<\/p>\n<!-- \/wp:paragraph -->\n\n<!-- wp:paragraph {\"fontSize\":\"medium\"} -->\n<p class=\"has-medium-font-size\"><a href=\"mailto:fredericlilje@jes-stuttgart.de\">fredericlilje@jes-stuttgart.de<\/a><\/p>\n<!-- \/wp:paragraph -->","post_title":"Frederic Lilje (he\/him)","post_excerpt":"","post_status":"publish","comment_status":"closed","ping_status":"closed","post_password":"","post_name":"frederic-lilje","to_ping":"","pinged":"","post_modified":"2024-10-24 11:32:49","post_modified_gmt":"2024-10-24 09:32:49","post_content_filtered":"","post_parent":0,"guid":"https:\/\/www.jes-stuttgart.de\/person\/frederic-lilje\/","menu_order":231,"post_type":"person","post_mime_type":"","comment_count":"0","filter":"raw"},{"ID":5278,"post_author":"2","post_date":"2022-07-07 16:00:47","post_date_gmt":"2022-07-07 14:00:47","post_content":"<!-- wp:image {\"id\":1200,\"sizeSlug\":\"full\",\"linkDestination\":\"none\",\"className\":\"is-style-default\"} -->\n<figure class=\"wp-block-image size-full is-style-default\"><img src=\"https:\/\/www.jes-stuttgart.de\/wp-content\/uploads\/jsn4257.jpg\" alt=\"\" class=\"wp-image-1200\"\/><\/figure>\n<!-- \/wp:image -->\n\n<!-- wp:paragraph {\"style\":{\"typography\":{\"textTransform\":\"uppercase\"}},\"fontSize\":\"normal\"} -->\n<p class=\"has-normal-font-size\" style=\"text-transform:uppercase\">Education<\/p>\n<!-- \/wp:paragraph -->\n\n<!-- wp:paragraph {\"fontSize\":\"medium\"} -->\n<p class=\"has-medium-font-size\">After graduating from school and a year of various internships, I was an assistant director at JES from 2004 to 2007, after which I studied acting direction at Theaterakademie Hamburg. In 2018 I completed further education in theatre and music management at the Ludwig-Maximilians-University in Munich.<\/p>\n<!-- \/wp:paragraph -->\n\n<!-- wp:spacer {\"height\":\"20px\"} -->\n<div style=\"height:20px\" aria-hidden=\"true\" class=\"wp-block-spacer\"><\/div>\n<!-- \/wp:spacer -->\n\n<!-- wp:paragraph {\"style\":{\"typography\":{\"textTransform\":\"uppercase\"}},\"fontSize\":\"normal\"} -->\n<p class=\"has-normal-font-size\" style=\"text-transform:uppercase\">Elsewhere<\/p>\n<!-- \/wp:paragraph -->\n\n<!-- wp:paragraph {\"fontSize\":\"medium\"} -->\n<p class=\"has-medium-font-size\">I have been working as a freelance director in theatre for young audiences since 2010. In addition to JES, I have directed at Staatstheater Mainz, GRIPS Theater Berlin, moks junges theatre Bremen, jungen LTT T\u00fcbingen, and at Schauburg Munich, among others. Since 2010 I have also been working as a translator of theatre texts from English into German. Since summer 2019, I have been a member of the board of trustees of the Landesverband der Kunstschulen Baden-W\u00fcrttemberg (State Association of Art Schools Baden-W\u00fcrttemberg).<\/p>\n<!-- \/wp:paragraph -->\n\n<!-- wp:spacer {\"height\":\"20px\"} -->\n<div style=\"height:20px\" aria-hidden=\"true\" class=\"wp-block-spacer\"><\/div>\n<!-- \/wp:spacer -->\n\n<!-- wp:paragraph {\"style\":{\"typography\":{\"textTransform\":\"uppercase\"}},\"fontSize\":\"normal\"} -->\n<p class=\"has-normal-font-size\" style=\"text-transform:uppercase\">JES! And ME<\/p>\n<!-- \/wp:paragraph -->\n\n<!-- wp:paragraph {\"fontSize\":\"medium\"} -->\n<p class=\"has-medium-font-size\">As a freelance director, I have staged \u201cDie besten Beerdigungen der Welt\u201d, \u201cDie Abenteuer des starken Wanja\u201d, \u201cUnsere gro\u00dfe Welt\u201d, \u201cDie Bademattenrepublik\u201d and \u201cUnb\u00e4ndig\u201d at JES. From 2014 to 2022 I was also one of the organisational and production managers of Bright View. I have been the artistic director of JES since the 2022\/23 season.<\/p>\n<!-- \/wp:paragraph -->\n\n<!-- wp:spacer {\"height\":\"20px\"} -->\n<div style=\"height:20px\" aria-hidden=\"true\" class=\"wp-block-spacer\"><\/div>\n<!-- \/wp:spacer -->\n\n<!-- wp:paragraph {\"fontSize\":\"normal\"} -->\n<p class=\"has-normal-font-size\">CONTACT<\/p>\n<!-- \/wp:paragraph -->\n\n<!-- wp:paragraph {\"fontSize\":\"medium\"} -->\n<p class=\"has-medium-font-size\"><a href=\"mailto:intendanz@jes-stuttgart.de\">intendanz@jes-stuttgart.de<\/a><\/p>\n<!-- \/wp:paragraph -->","post_title":"Grete Pagan","post_excerpt":"","post_status":"publish","comment_status":"closed","ping_status":"closed","post_password":"","post_name":"grete-pagan","to_ping":"","pinged":"","post_modified":"2022-08-18 15:41:26","post_modified_gmt":"2022-08-18 13:41:26","post_content_filtered":"","post_parent":0,"guid":"https:\/\/www.jes-stuttgart.de\/person\/grete-pagan\/","menu_order":241,"post_type":"person","post_mime_type":"","comment_count":"0","filter":"raw"},{"ID":5277,"post_author":"2","post_date":"2022-07-20 20:54:48","post_date_gmt":"2022-07-20 18:54:48","post_content":"<!-- wp:image -->\n<figure class=\"wp-block-image\"><img alt=\"\"\/><\/figure>\n<!-- \/wp:image -->\n\n<!-- wp:spacer -->\n<div style=\"height:100px\" aria-hidden=\"true\" class=\"wp-block-spacer\"><\/div>\n<!-- \/wp:spacer -->\n\n<!-- wp:paragraph {\"fontSize\":\"medium\"} -->\n<p class=\"has-medium-font-size\">David Pagan, born in 1979 on the border between Scotland and England, studied acting\/music in London and has been living in Germany since 2008. He first worked as a performer and musical director for NIE theatre. He currently performs and composes mainly in theatres in Germany and Europe for young audiences.<\/p>\n<!-- \/wp:paragraph -->","post_title":"David Pagan","post_excerpt":"","post_status":"publish","comment_status":"closed","ping_status":"closed","post_password":"","post_name":"david-pagan","to_ping":"","pinged":"","post_modified":"2022-08-18 15:39:57","post_modified_gmt":"2022-08-18 13:39:57","post_content_filtered":"","post_parent":0,"guid":"https:\/\/www.jes-stuttgart.de\/person\/david-pagan\/","menu_order":170,"post_type":"person","post_mime_type":"","comment_count":"0","filter":"raw"},{"ID":5266,"post_author":"13","post_date":"2022-07-20 20:27:10","post_date_gmt":"2022-07-20 18:27:10","post_content":"<!-- wp:image {\"id\":1909,\"sizeSlug\":\"full\",\"linkDestination\":\"none\"} -->\n<figure class=\"wp-block-image size-full\"><img src=\"https:\/\/www.jes-stuttgart.de\/wp-content\/uploads\/jankeller.jpg\" alt=\"\" class=\"wp-image-1909\"\/><\/figure>\n<!-- \/wp:image -->\n\n<!-- wp:paragraph {\"placeholder\":\"Lorem ipsum dolor sit amet, consetetur sadipscing elitr, sed diam nonumy eirmod tempor invidunt ut labore et dolore magna aliquyam erat, sed diam voluptua. At vero eos et accusam et justo duo dolores et ea rebum. Stet clita kasd gubergren, no sea takimata sanctus est Lorem ipsum dolor sit amet. Lorem ipsum dolor sit amet, consetetur sadipscing elitr, sed diam nonumy eirmod tempor invidunt ut labore et dolore magna aliquyam erat, sed diam voluptua. At vero eos et accusam et justo duo dolores et ea rebum. Stet clita kasd gubergren, no sea takimata sanctus est Lorem ipsum dolor sit amet.\",\"lock\":{\"move\":true,\"remove\":false},\"fontSize\":\"medium\"} -->\n<p class=\"has-medium-font-size\">works in the JES technical team. He has been deputy technical director since the 2019\/20 season.<\/p>\n<!-- \/wp:paragraph -->\n\n<!-- wp:paragraph -->\n<p><\/p>\n<!-- \/wp:paragraph -->\n\n<!-- wp:paragraph {\"fontSize\":\"normal\"} -->\n<p class=\"has-normal-font-size\">CONTACT<\/p>\n<!-- \/wp:paragraph -->\n\n<!-- wp:paragraph {\"fontSize\":\"medium\"} -->\n<p class=\"has-medium-font-size\"><a href=\"mailto:technik@jes-stuttgart.de\">technik@jes-stuttgart.de<\/a><\/p>\n<!-- \/wp:paragraph -->","post_title":"Jan Keller (he\/him)","post_excerpt":"","post_status":"publish","comment_status":"closed","ping_status":"closed","post_password":"","post_name":"jan-keller","to_ping":"","pinged":"","post_modified":"2024-10-24 10:53:03","post_modified_gmt":"2024-10-24 08:53:03","post_content_filtered":"","post_parent":0,"guid":"https:\/\/www.jes-stuttgart.de\/person\/jan-keller\/","menu_order":179,"post_type":"person","post_mime_type":"","comment_count":"0","filter":"raw"},{"ID":5276,"post_author":"13","post_date":"2022-07-07 16:18:11","post_date_gmt":"2022-07-07 14:18:11","post_content":"<!-- wp:image {\"id\":33627,\"sizeSlug\":\"full\",\"linkDestination\":\"none\"} -->\n<figure class=\"wp-block-image size-full\"><img src=\"https:\/\/www.jes-stuttgart.de\/wp-content\/uploads\/sezinonay1.jpg\" alt=\"\" class=\"wp-image-33627\"\/><figcaption class=\"wp-element-caption\">Foto: Jan Merkle<\/figcaption><\/figure>\n<!-- \/wp:image -->\n\n<!-- wp:paragraph {\"style\":{\"typography\":{\"textTransform\":\"none\"}},\"fontSize\":\"medium\"} -->\n<p class=\"has-medium-font-size\" style=\"text-transform:none\">Education<\/p>\n<!-- \/wp:paragraph -->\n\n<!-- wp:paragraph {\"fontSize\":\"medium\"} -->\n<p class=\"has-medium-font-size\">I was born in Goslar in 1988. After leaving school, I studied drama and German language and literature at Leibniz University in Hanover and attended seminars at the Braunschweig University of Art and the University of Hildesheim.<\/p>\n<!-- \/wp:paragraph -->\n\n<!-- wp:paragraph {\"fontSize\":\"medium\"} -->\n<p class=\"has-medium-font-size\">Elsewhere<\/p>\n<!-- \/wp:paragraph -->\n\n<!-- wp:paragraph {\"fontSize\":\"medium\"} -->\n<p class=\"has-medium-font-size\">From the beginning of my studies, I was involved in various projects with the youth devision of Theater Hannover. I performed in multiple productions, including by the directors Nurkan Erpulat and Marco \u0160torman and the theatre and performance collective \u2018andcompany&amp;Co\u2019. I worked as an intern in theatre education under the direction of Barbara Kantel and developed my own theatre performances together with people from different backgrounds within the transcultural, intergenerational theatre group \u2018T\u00fcrkisch-Deutsches-Theater\u2019 (TDT) at Theaterhaus Hildesheim. Both during and after my studies, I worked as a freelance theatre educator and led theatre projects with children and young people at Junges Schauspiel Hannover, in youth centres, child and youth counselling centres and associations for intercultural communication, migration and refugee work.<\/p>\n<!-- \/wp:paragraph -->\n\n<!-- wp:paragraph {\"fontSize\":\"medium\"} -->\n<p class=\"has-medium-font-size\">JES! and me<\/p>\n<!-- \/wp:paragraph -->\n\n<!-- wp:paragraph {\"fontSize\":\"medium\"} -->\n<p class=\"has-medium-font-size\">Since the 2016\/2017 season, I have been working as a theatre educator at Junges Ensemble Stuttgart. Among other things, I work in the daycare centre language promotion project and am responsible for the clubs \u2018Club K\u00fclt\u00fcr\u2019 and \u2018Queertown\u2019.<\/p>\n<!-- \/wp:paragraph -->\n\n<!-- wp:paragraph {\"fontSize\":\"medium\"} -->\n<p class=\"has-medium-font-size\">CONTACT<\/p>\n<!-- \/wp:paragraph -->\n\n<!-- wp:paragraph {\"style\":{\"typography\":{\"textTransform\":\"none\"}},\"fontSize\":\"medium\"} -->\n<p class=\"has-medium-font-size\" style=\"text-transform:none\"><a href=\"mailto:Sezin.onay@jes-stuttgart.de\">Sezin.onay@jes-stuttgart.de<\/a><\/p>\n<!-- \/wp:paragraph -->","post_title":"Sezin Onay (she\/her)","post_excerpt":"","post_status":"publish","comment_status":"closed","ping_status":"closed","post_password":"","post_name":"sezin-onay","to_ping":"","pinged":"","post_modified":"2026-03-11 15:42:36","post_modified_gmt":"2026-03-11 14:42:36","post_content_filtered":"","post_parent":0,"guid":"https:\/\/www.jes-stuttgart.de\/person\/sezin-onay\/","menu_order":225,"post_type":"person","post_mime_type":"","comment_count":"0","filter":"raw"},{"ID":5242,"post_author":"13","post_date":"2022-07-20 19:23:54","post_date_gmt":"2022-07-20 17:23:54","post_content":"<!-- wp:image {\"id\":1907,\"sizeSlug\":\"full\",\"linkDestination\":\"none\"} -->\n<figure class=\"wp-block-image size-full\"><img src=\"https:\/\/www.jes-stuttgart.de\/wp-content\/uploads\/christianburkhardt.jpg\" alt=\"\" class=\"wp-image-1907\"\/><\/figure>\n<!-- \/wp:image -->\n\n<!-- wp:paragraph {\"style\":{\"typography\":{\"textTransform\":\"uppercase\"}},\"fontSize\":\"normal\"} -->\n<p class=\"has-normal-font-size\" style=\"text-transform:uppercase\">Education<\/p>\n<!-- \/wp:paragraph -->\n\n<!-- wp:paragraph {\"fontSize\":\"medium\"} -->\n<p class=\"has-medium-font-size\">I completed my vocational training as an event technician at Theater Heilbronn between 2007 and 2010.<\/p>\n<!-- \/wp:paragraph -->\n\n<!-- wp:paragraph {\"fontSize\":\"medium\"} -->\n<p class=\"has-medium-font-size\">Elsewhere<\/p>\n<!-- \/wp:paragraph -->\n\n<!-- wp:paragraph {\"fontSize\":\"medium\"} -->\n<p class=\"has-medium-font-size\">This was followed by work at the Junges Theater Bonn.<\/p>\n<!-- \/wp:paragraph -->\n\n<!-- wp:paragraph {\"fontSize\":\"medium\"} -->\n<p class=\"has-medium-font-size\">JES! and me<\/p>\n<!-- \/wp:paragraph -->\n\n<!-- wp:paragraph {\"fontSize\":\"medium\"} -->\n<p class=\"has-medium-font-size\">I have been working in the technical department at JES since March 2011.<\/p>\n<!-- \/wp:paragraph -->\n\n<!-- wp:paragraph {\"style\":{\"typography\":{\"textTransform\":\"uppercase\"}},\"fontSize\":\"normal\"} -->\n<p class=\"has-normal-font-size\" style=\"text-transform:uppercase\">CONTACT<\/p>\n<!-- \/wp:paragraph -->\n\n<!-- wp:paragraph {\"fontSize\":\"medium\"} -->\n<p class=\"has-medium-font-size\"><a href=\"mailto:technik@jes-stuttgart.de\">technik@jes-stuttgart.de<\/a><\/p>\n<!-- \/wp:paragraph -->","post_title":"Christian Burkhardt (he\/him)","post_excerpt":"","post_status":"publish","comment_status":"closed","ping_status":"closed","post_password":"","post_name":"christian-burkhardt","to_ping":"","pinged":"","post_modified":"2024-10-23 10:44:24","post_modified_gmt":"2024-10-23 08:44:24","post_content_filtered":"","post_parent":0,"guid":"https:\/\/www.jes-stuttgart.de\/person\/christian-burkhardt\/","menu_order":199,"post_type":"person","post_mime_type":"","comment_count":"0","filter":"raw"},{"ID":5238,"post_author":"13","post_date":"2022-06-30 10:31:15","post_date_gmt":"2022-06-30 08:31:15","post_content":"<!-- wp:image {\"id\":24569,\"sizeSlug\":\"full\",\"linkDestination\":\"none\"} -->\n<figure class=\"wp-block-image size-full\"><img src=\"https:\/\/www.jes-stuttgart.de\/wp-content\/uploads\/foto-von-timon-jansen-1.jpg\" alt=\"\" class=\"wp-image-24569\"\/><\/figure>\n<!-- \/wp:image -->\n\n<!-- wp:spacer -->\n<div style=\"height:100px\" aria-hidden=\"true\" class=\"wp-block-spacer\"><\/div>\n<!-- \/wp:spacer -->\n\n<!-- wp:paragraph {\"fontSize\":\"medium\"} -->\n<p class=\"has-medium-font-size\">Patricija Katica Broni\u0107 works as an actress, performer and director in the independent scene and in municipal theatres in Germany and Switzerland. After studying theatre and media at the University of Bayreuth, she trained as an actor and completed a master's degree in Expanded Theatre at Bern University of the Arts until 2018. Parallel to her first job as an actress at Junges Nationaltheater Mannheim, she began working as a director and performer in the independent scene, including performances with her duo BRONI\u0106\/R\u00d6HRICH at zeitraumexit Mannheim, which was invited to the International Women's*Theatre Festival in Frankfurt with their first work \u2018Das Baubo Reenactment\u2019. Since then, she has developed works for both young audiences and adults. Her works have been shown at the ROXY Theatre Birsfelden, Fabriktheater Z\u00fcrich, Schwankhalle Bremen, Naxos Halle Frankfurt and Junges Nationaltheater Mannheim, among others. Patricija Katica Broni\u0107 was a fellow of the Baden-W\u00fcrttemberg Art Foundation for the Performing Arts 2022.<\/p>\n<!-- \/wp:paragraph -->","post_title":"Patricija Katica Bronic (she\/her)","post_excerpt":"","post_status":"publish","comment_status":"closed","ping_status":"closed","post_password":"","post_name":"patricija-katica-bronic","to_ping":"","pinged":"","post_modified":"2024-10-23 14:42:12","post_modified_gmt":"2024-10-23 12:42:12","post_content_filtered":"","post_parent":0,"guid":"https:\/\/www.jes-stuttgart.de\/person\/patricija-katica-bronic\/","menu_order":251,"post_type":"person","post_mime_type":"","comment_count":"0","filter":"raw"},{"ID":5262,"post_author":"13","post_date":"2022-07-20 20:22:50","post_date_gmt":"2022-07-20 18:22:50","post_content":"<!-- wp:image -->\n<figure class=\"wp-block-image\"><img alt=\"\"\/><\/figure>\n<!-- \/wp:image -->\n\n<!-- wp:paragraph {\"placeholder\":\"Lorem ipsum dolor sit amet, consetetur sadipscing elitr, sed diam nonumy eirmod tempor invidunt ut labore et dolore magna aliquyam erat, sed diam voluptua. At vero eos et accusam et justo duo dolores et ea rebum. Stet clita kasd gubergren, no sea takimata sanctus est Lorem ipsum dolor sit amet. Lorem ipsum dolor sit amet, consetetur sadipscing elitr, sed diam nonumy eirmod tempor invidunt ut labore et dolore magna aliquyam erat, sed diam voluptua. At vero eos et accusam et justo duo dolores et ea rebum. Stet clita kasd gubergren, no sea takimata sanctus est Lorem ipsum dolor sit amet.\",\"lock\":{\"move\":true,\"remove\":false},\"fontSize\":\"medium\"} -->\n<p class=\"has-medium-font-size\">Amy Josh currently works as a freelance professional dancer in Germany. She was born in England and grew up in Vancouver, Canada. Her professional dance training began at the Arts Umbrella Dance School in Vancouver, where she graduated in 2011. She then moved to the Netherlands to work with Noord Nederlands Dans and Club Guy and Roni. In 2014 she joined the Tanzmainz Company under the direction of Honne Dohrmann, where she worked with choreographers such as Sharon Eyal, Guy Weizman &amp; Roni Haver, Rui Horta, Koen Augustijnen &amp; Rosalba Torres Guerrero, Guy Nader &amp; Maria Campos, Eleonore Val\u00e8re-Lachky, Garry Stewart, Jose Navas, Jo Stromgren and Guiseppe Spota. Since 2018 she has been working as a freelance artist with the choreographers Alba Castillo and Bryan Arias (Snorkel Rabbit, CH), Alexandra Waierstall (NRW), Dunja Jocic (Bird Productions), Edan Gorlicki (Inter-Actions Heidelberg), Jill Crovisier (JC Movement Productions, Luxembourg) and John Wannehag (Sweden).<\/p>\n<!-- \/wp:paragraph -->","post_title":"Amy Josh","post_excerpt":"","post_status":"publish","comment_status":"closed","ping_status":"closed","post_password":"","post_name":"amy-josh","to_ping":"","pinged":"","post_modified":"2024-10-23 15:47:04","post_modified_gmt":"2024-10-23 13:47:04","post_content_filtered":"","post_parent":0,"guid":"https:\/\/www.jes-stuttgart.de\/person\/amy-josh\/","menu_order":185,"post_type":"person","post_mime_type":"","comment_count":"0","filter":"raw"},{"ID":20127,"post_author":"13","post_date":"2023-03-23 15:47:32","post_date_gmt":"2023-03-23 14:47:32","post_content":"<!-- wp:image {\"id\":10718,\"sizeSlug\":\"full\",\"linkDestination\":\"none\"} -->\n<figure class=\"wp-block-image size-full\"><img src=\"https:\/\/www.jes-stuttgart.de\/wp-content\/uploads\/haeberle-hannah-v-hannah-haeberle.jpeg\" alt=\"\" class=\"wp-image-10718\"\/><figcaption class=\"wp-element-caption\">Foto: Hannah H\u00e4berle<\/figcaption><\/figure>\n<!-- \/wp:image -->\n\n<!-- wp:paragraph {\"fontSize\":\"medium\"} -->\n<p class=\"has-medium-font-size\">I have been working full-time as an interpreter for German Sign Language and German since 2017. I also completed a degree in cultural education with a focus on art and film in 2019 and I really enjoy combining interpreting with artistic work and occasionally accompanying exciting theatre projects throughout Germany or interpreting on stage.<\/p>\n<!-- \/wp:paragraph -->\n\n<!-- wp:paragraph {\"fontSize\":\"medium\"} -->\n<p class=\"has-medium-font-size\">In addition, I work regularly at forums, festivals and workshops in the field of inclusive theatre.<\/p>\n<!-- \/wp:paragraph -->\n\n<!-- wp:paragraph {\"fontSize\":\"medium\"} -->\n<p class=\"has-medium-font-size\">I was part of Bright View at JES twice. Since the 2022\/2023 season I have been involved as an interpreter in the productions \u2018Aus der Kurve fliegen\u2019 and \u2018Unb\u00e4ndig\u2019. In spring 2023, I also had the chance to give a holiday workshop for deaf and hearing youth with Tanja Frank.<\/p>\n<!-- \/wp:paragraph -->\n\n<!-- wp:paragraph -->\n<p><\/p>\n<!-- \/wp:paragraph -->","post_title":"Hannah H\u00e4berle","post_excerpt":"","post_status":"publish","comment_status":"closed","ping_status":"closed","post_password":"","post_name":"hannah-haeberle","to_ping":"","pinged":"","post_modified":"2024-10-23 15:26:37","post_modified_gmt":"2024-10-23 13:26:37","post_content_filtered":"","post_parent":0,"guid":"https:\/\/www.jes-stuttgart.de\/person\/hannah-haeberle\/","menu_order":122,"post_type":"person","post_mime_type":"","comment_count":"0","filter":"raw"}]},"_links":{"self":[{"href":"https:\/\/www.jes-stuttgart.de\/en\/wp-json\/wp\/v2\/posts\/5347","targetHints":{"allow":["GET"]}}],"collection":[{"href":"https:\/\/www.jes-stuttgart.de\/en\/wp-json\/wp\/v2\/posts"}],"about":[{"href":"https:\/\/www.jes-stuttgart.de\/en\/wp-json\/wp\/v2\/types\/post"}],"author":[{"embeddable":true,"href":"https:\/\/www.jes-stuttgart.de\/en\/wp-json\/wp\/v2\/users\/2"}],"replies":[{"embeddable":true,"href":"https:\/\/www.jes-stuttgart.de\/en\/wp-json\/wp\/v2\/comments?post=5347"}],"version-history":[{"count":10,"href":"https:\/\/www.jes-stuttgart.de\/en\/wp-json\/wp\/v2\/posts\/5347\/revisions"}],"predecessor-version":[{"id":23222,"href":"https:\/\/www.jes-stuttgart.de\/en\/wp-json\/wp\/v2\/posts\/5347\/revisions\/23222"}],"wp:featuredmedia":[{"embeddable":true,"href":"https:\/\/www.jes-stuttgart.de\/en\/wp-json\/wp\/v2\/media\/7579"}],"wp:attachment":[{"href":"https:\/\/www.jes-stuttgart.de\/en\/wp-json\/wp\/v2\/media?parent=5347"}],"wp:term":[{"taxonomy":"category","embeddable":true,"href":"https:\/\/www.jes-stuttgart.de\/en\/wp-json\/wp\/v2\/categories?post=5347"},{"taxonomy":"post_tag","embeddable":true,"href":"https:\/\/www.jes-stuttgart.de\/en\/wp-json\/wp\/v2\/tags?post=5347"},{"taxonomy":"age","embeddable":true,"href":"https:\/\/www.jes-stuttgart.de\/en\/wp-json\/wp\/v2\/age?post=5347"}],"curies":[{"name":"wp","href":"https:\/\/api.w.org\/{rel}","templated":true}]}}